{"id":38336,"date":"2019-10-24T15:18:35","date_gmt":"2019-10-24T18:18:35","guid":{"rendered":"http:\/\/blogdoeloiltoncajuhy.com.br\/site\/?p=38336"},"modified":"2019-10-24T15:18:41","modified_gmt":"2019-10-24T18:18:41","slug":"tiroteio-em-cemiterio-homem-e-morto-a-tiros-no-velorio-da-tia-e-outras-duas-pessoas-ficam-feridas-em-camacari","status":"publish","type":"post","link":"https:\/\/blogdoeloiltoncajuhy.com.br\/site\/tiroteio-em-cemiterio-homem-e-morto-a-tiros-no-velorio-da-tia-e-outras-duas-pessoas-ficam-feridas-em-camacari\/","title":{"rendered":"Tiroteio em cemit\u00e9rio: Homem \u00e9 morto a tiros no vel\u00f3rio da tia e outras duas pessoas ficam feridas em Cama\u00e7ari"},"content":{"rendered":"\n<h5 class=\"wp-block-heading\" style=\"text-align:center\"><em>Caso ocorreu na manh\u00e3 desta quinta-feira (24). V\u00edtima velava tia, quando criminosos chegaram atirando. Ele correu para o cemit\u00e9rio, mas foi baleado<\/em><\/h5>\n\n\n\n<p><strong>Por G1 BA<\/strong><\/p>\n\n\n\n<div class=\"wp-block-image\"><figure class=\"aligncenter\"><img data-recalc-dims=\"1\" fetchpriority=\"high\" decoding=\"async\" width=\"600\" height=\"399\" src=\"https:\/\/i0.wp.com\/blogdoeloiltoncajuhy.com.br\/site\/wp-content\/uploads\/2019\/10\/CamacariTiroteioCemiterio.jpg?resize=600%2C399\" alt=\"\" class=\"wp-image-38337\" srcset=\"https:\/\/i0.wp.com\/blogdoeloiltoncajuhy.com.br\/site\/wp-content\/uploads\/2019\/10\/CamacariTiroteioCemiterio.jpg?w=600&amp;ssl=1 600w, https:\/\/i0.wp.com\/blogdoeloiltoncajuhy.com.br\/site\/wp-content\/uploads\/2019\/10\/CamacariTiroteioCemiterio.jpg?resize=300%2C200&amp;ssl=1 300w, https:\/\/i0.wp.com\/blogdoeloiltoncajuhy.com.br\/site\/wp-content\/uploads\/2019\/10\/CamacariTiroteioCemiterio.jpg?resize=250%2C166&amp;ssl=1 250w\" sizes=\"(max-width: 600px) 100vw, 600px\" \/><figcaption><em>O caso ocorreu no bairro da Gleba H, em Cama\u00e7ari, nesta quinta-feira (24) \u2014 Foto: Reprodu\u00e7\u00e3o \/ TV Bahia<\/em><\/figcaption><\/figure><\/div>\n\n\n\n<p>Um homem morreu e outras duas pessoas ficaram feridas ap\u00f3s serem baleadas em um cemit\u00e9rio de Cama\u00e7ari, cidade da regi\u00e3o metropolitana de Salvador, nesta quinta-feira (24).<\/p>\n\n\n\n<p>O caso ocorreu no bairro da Gleba H. Informa\u00e7\u00f5es preliminares apontam que a v\u00edtima estava no vel\u00f3rio da tia, quando os criminosos j\u00e1 chegaram atirando. Ele tentou fugir, entrando no cemit\u00e9rio, mas morreu ao ser baleado.<\/p>\n\n\n\n<p>Outras duas pessoas tamb\u00e9m foram baleadas durante o crime. N\u00e3o h\u00e1 informa\u00e7\u00f5es sobre o estado de sa\u00fade delas.<\/p>\n\n\n\n<p>O <strong>G1<\/strong> entrou em contato com a Pol\u00edcia Militar (PM) e Pol\u00edcia Civil para pegar mais informa\u00e7\u00f5es sobre o caso, mas ainda n\u00e3o obteve retorno.<\/p>\n","protected":false},"excerpt":{"rendered":"<p>Caso ocorreu na manh\u00e3 desta quinta-feira (24). V\u00edtima velava tia, quando criminosos chegaram atirando. Ele correu para o cemit\u00e9rio, mas foi baleado Por G1 BA Um homem morreu e outras duas pessoas ficaram feridas ap\u00f3s serem baleadas em um cemit\u00e9rio de Cama\u00e7ari, cidade da regi\u00e3o metropolitana de Salvador, nesta quinta-feira (24). O caso ocorreu no [&hellip;]<\/p>\n","protected":false},"author":2,"featured_media":38337,"comment_status":"open","ping_status":"open","sticky":false,"template":"","format":"standard","meta":{"_acf_changed":false,"_monsterinsights_skip_tracking":false,"_monsterinsights_sitenote_active":false,"_monsterinsights_sitenote_note":"","_monsterinsights_sitenote_category":0,"_jetpack_memberships_contains_paid_content":false,"footnotes":"","jetpack_publicize_message":"","jetpack_publicize_feature_enabled":true,"jetpack_social_post_already_shared":true,"jetpack_social_options":{"image_generator_settings":{"template":"highway","default_image_id":0,"font":"","enabled":false},"version":2}},"categories":[5,1],"tags":[],"class_list":["post-38336","post","type-post","status-publish","format-standard","has-post-thumbnail","hentry","category-cotidiano","category-noticias"],"acf":[],"jetpack_publicize_connections":[],"jetpack_featured_media_url":"https:\/\/i0.wp.com\/blogdoeloiltoncajuhy.com.br\/site\/wp-content\/uploads\/2019\/10\/CamacariTiroteioCemiterio.jpg?fit=600%2C399&ssl=1","jetpack_sharing_enabled":true,"publishpress_future_workflow_manual_trigger":{"enabledWorkflows":[]},"_links":{"self":[{"href":"https:\/\/blogdoeloiltoncajuhy.com.br\/site\/wp-json\/wp\/v2\/posts\/38336","targetHints":{"allow":["GET"]}}],"collection":[{"href":"https:\/\/blogdoeloiltoncajuhy.com.br\/site\/wp-json\/wp\/v2\/posts"}],"about":[{"href":"https:\/\/blogdoeloiltoncajuhy.com.br\/site\/wp-json\/wp\/v2\/types\/post"}],"author":[{"embeddable":true,"href":"https:\/\/blogdoeloiltoncajuhy.com.br\/site\/wp-json\/wp\/v2\/users\/2"}],"replies":[{"embeddable":true,"href":"https:\/\/blogdoeloiltoncajuhy.com.br\/site\/wp-json\/wp\/v2\/comments?post=38336"}],"version-history":[{"count":1,"href":"https:\/\/blogdoeloiltoncajuhy.com.br\/site\/wp-json\/wp\/v2\/posts\/38336\/revisions"}],"predecessor-version":[{"id":38338,"href":"https:\/\/blogdoeloiltoncajuhy.com.br\/site\/wp-json\/wp\/v2\/posts\/38336\/revisions\/38338"}],"wp:featuredmedia":[{"embeddable":true,"href":"https:\/\/blogdoeloiltoncajuhy.com.br\/site\/wp-json\/wp\/v2\/media\/38337"}],"wp:attachment":[{"href":"https:\/\/blogdoeloiltoncajuhy.com.br\/site\/wp-json\/wp\/v2\/media?parent=38336"}],"wp:term":[{"taxonomy":"category","embeddable":true,"href":"https:\/\/blogdoeloiltoncajuhy.com.br\/site\/wp-json\/wp\/v2\/categories?post=38336"},{"taxonomy":"post_tag","embeddable":true,"href":"https:\/\/blogdoeloiltoncajuhy.com.br\/site\/wp-json\/wp\/v2\/tags?post=38336"}],"curies":[{"name":"wp","href":"https:\/\/api.w.org\/{rel}","templated":true}]}}