{"id":38330,"date":"2019-10-24T14:40:38","date_gmt":"2019-10-24T17:40:38","guid":{"rendered":"http:\/\/blogdoeloiltoncajuhy.com.br\/site\/?p=38330"},"modified":"2019-10-24T14:40:40","modified_gmt":"2019-10-24T17:40:40","slug":"zona-rural-de-jaguarari-recebe-mais-uma-acao-da-prefeitura-em-comemoracao-ao-mes-das-criancas","status":"publish","type":"post","link":"https:\/\/blogdoeloiltoncajuhy.com.br\/site\/zona-rural-de-jaguarari-recebe-mais-uma-acao-da-prefeitura-em-comemoracao-ao-mes-das-criancas\/","title":{"rendered":"Zona rural de Jaguarari recebe mais uma a\u00e7\u00e3o da Prefeitura em comemora\u00e7\u00e3o ao m\u00eas das crian\u00e7as"},"content":{"rendered":"\n<p><strong>ASCOM &#8211; Prefeitura de Jaguarari-BA<\/strong><\/p>\n\n\n\n<div class=\"wp-block-image\"><figure class=\"aligncenter is-resized\"><img fetchpriority=\"high\" decoding=\"async\" src=\"https:\/\/i1.wp.com\/blogdoeloiltoncajuhy.com.br\/site\/wp-content\/uploads\/2019\/10\/PMJ_FavelaSantaRosa-01.jpg?fit=590%2C443\" alt=\"\" class=\"wp-image-38331\" width=\"355\" height=\"267\" srcset=\"https:\/\/i0.wp.com\/blogdoeloiltoncajuhy.com.br\/site\/wp-content\/uploads\/2019\/10\/PMJ_FavelaSantaRosa-01.jpg?w=1280&amp;ssl=1 1280w, https:\/\/i0.wp.com\/blogdoeloiltoncajuhy.com.br\/site\/wp-content\/uploads\/2019\/10\/PMJ_FavelaSantaRosa-01.jpg?resize=300%2C225&amp;ssl=1 300w, https:\/\/i0.wp.com\/blogdoeloiltoncajuhy.com.br\/site\/wp-content\/uploads\/2019\/10\/PMJ_FavelaSantaRosa-01.jpg?resize=768%2C576&amp;ssl=1 768w, https:\/\/i0.wp.com\/blogdoeloiltoncajuhy.com.br\/site\/wp-content\/uploads\/2019\/10\/PMJ_FavelaSantaRosa-01.jpg?resize=1024%2C768&amp;ssl=1 1024w, https:\/\/i0.wp.com\/blogdoeloiltoncajuhy.com.br\/site\/wp-content\/uploads\/2019\/10\/PMJ_FavelaSantaRosa-01.jpg?resize=250%2C188&amp;ssl=1 250w\" sizes=\"(max-width: 355px) 100vw, 355px\" \/><\/figure><\/div>\n\n\n\n<p>Na \u00faltima ter\u00e7a-feira (22) a prefeitura de Jaguarari, atrav\u00e9s da Secretaria de Desenvolvimento Social, por meio do CRAS Pilar, realizou mais um evento em comemora\u00e7\u00e3o ao m\u00eas das crian\u00e7as no povoado de Favela de Santa Rosa.<\/p>\n\n\n\n<p>As crian\u00e7as da localidade receberam presentes, lanches e participaram de diversas atividades l\u00fadicas e recreativas. Esta \u00e9 mais uma a\u00e7\u00e3o do Servi\u00e7o de Conviv\u00eancia e Fortalecimento de V\u00ednculos que contou com a presen\u00e7a de orientadores sociais, psic\u00f3logos e assistentes sociais.<\/p>\n\n\n\n<p><em>\u201cDurante este m\u00eas de outubro estamos envolvidos em diversas a\u00e7\u00f5es voltadas para as crian\u00e7as de todo o munic\u00edpio. Hoje foi a vez de Favela de Santa Rosa. Lindo de ver o sorriso de cada crian\u00e7a e a satisfa\u00e7\u00e3o de suas fam\u00edlias\u201d<\/em>, disse o secret\u00e1rio Ricardo Augusto.<\/p>\n\n\n\n<div class=\"wp-block-image\"><figure class=\"aligncenter is-resized\"><img decoding=\"async\" src=\"https:\/\/i1.wp.com\/blogdoeloiltoncajuhy.com.br\/site\/wp-content\/uploads\/2019\/10\/PMJ_FavelaSantaRosa-02.jpg?fit=590%2C443\" alt=\"\" class=\"wp-image-38332\" width=\"355\" height=\"267\" srcset=\"https:\/\/i0.wp.com\/blogdoeloiltoncajuhy.com.br\/site\/wp-content\/uploads\/2019\/10\/PMJ_FavelaSantaRosa-02.jpg?w=1280&amp;ssl=1 1280w, https:\/\/i0.wp.com\/blogdoeloiltoncajuhy.com.br\/site\/wp-content\/uploads\/2019\/10\/PMJ_FavelaSantaRosa-02.jpg?resize=300%2C225&amp;ssl=1 300w, https:\/\/i0.wp.com\/blogdoeloiltoncajuhy.com.br\/site\/wp-content\/uploads\/2019\/10\/PMJ_FavelaSantaRosa-02.jpg?resize=768%2C576&amp;ssl=1 768w, https:\/\/i0.wp.com\/blogdoeloiltoncajuhy.com.br\/site\/wp-content\/uploads\/2019\/10\/PMJ_FavelaSantaRosa-02.jpg?resize=1024%2C768&amp;ssl=1 1024w, https:\/\/i0.wp.com\/blogdoeloiltoncajuhy.com.br\/site\/wp-content\/uploads\/2019\/10\/PMJ_FavelaSantaRosa-02.jpg?resize=250%2C188&amp;ssl=1 250w\" sizes=\"(max-width: 355px) 100vw, 355px\" \/><\/figure><\/div>\n","protected":false},"excerpt":{"rendered":"<p>ASCOM &#8211; Prefeitura de Jaguarari-BA Na \u00faltima ter\u00e7a-feira (22) a prefeitura de Jaguarari, atrav\u00e9s da Secretaria de Desenvolvimento Social, por meio do CRAS Pilar, realizou mais um evento em comemora\u00e7\u00e3o ao m\u00eas das crian\u00e7as no povoado de Favela de Santa Rosa. As crian\u00e7as da localidade receberam presentes, lanches e participaram de diversas atividades l\u00fadicas e [&hellip;]<\/p>\n","protected":false},"author":2,"featured_media":38332,"comment_status":"open","ping_status":"open","sticky":false,"template":"","format":"standard","meta":{"_acf_changed":false,"_monsterinsights_skip_tracking":false,"_monsterinsights_sitenote_active":false,"_monsterinsights_sitenote_note":"","_monsterinsights_sitenote_category":0,"_jetpack_memberships_contains_paid_content":false,"footnotes":"","jetpack_publicize_message":"","jetpack_publicize_feature_enabled":true,"jetpack_social_post_already_shared":true,"jetpack_social_options":{"image_generator_settings":{"template":"highway","default_image_id":0,"font":"","enabled":false},"version":2}},"categories":[1,11],"tags":[],"class_list":["post-38330","post","type-post","status-publish","format-standard","has-post-thumbnail","hentry","category-noticias","category-regional"],"acf":[],"jetpack_publicize_connections":[],"jetpack_featured_media_url":"https:\/\/i0.wp.com\/blogdoeloiltoncajuhy.com.br\/site\/wp-content\/uploads\/2019\/10\/PMJ_FavelaSantaRosa-02.jpg?fit=1280%2C960&ssl=1","jetpack_sharing_enabled":true,"publishpress_future_workflow_manual_trigger":{"enabledWorkflows":[]},"_links":{"self":[{"href":"https:\/\/blogdoeloiltoncajuhy.com.br\/site\/wp-json\/wp\/v2\/posts\/38330","targetHints":{"allow":["GET"]}}],"collection":[{"href":"https:\/\/blogdoeloiltoncajuhy.com.br\/site\/wp-json\/wp\/v2\/posts"}],"about":[{"href":"https:\/\/blogdoeloiltoncajuhy.com.br\/site\/wp-json\/wp\/v2\/types\/post"}],"author":[{"embeddable":true,"href":"https:\/\/blogdoeloiltoncajuhy.com.br\/site\/wp-json\/wp\/v2\/users\/2"}],"replies":[{"embeddable":true,"href":"https:\/\/blogdoeloiltoncajuhy.com.br\/site\/wp-json\/wp\/v2\/comments?post=38330"}],"version-history":[{"count":1,"href":"https:\/\/blogdoeloiltoncajuhy.com.br\/site\/wp-json\/wp\/v2\/posts\/38330\/revisions"}],"predecessor-version":[{"id":38333,"href":"https:\/\/blogdoeloiltoncajuhy.com.br\/site\/wp-json\/wp\/v2\/posts\/38330\/revisions\/38333"}],"wp:featuredmedia":[{"embeddable":true,"href":"https:\/\/blogdoeloiltoncajuhy.com.br\/site\/wp-json\/wp\/v2\/media\/38332"}],"wp:attachment":[{"href":"https:\/\/blogdoeloiltoncajuhy.com.br\/site\/wp-json\/wp\/v2\/media?parent=38330"}],"wp:term":[{"taxonomy":"category","embeddable":true,"href":"https:\/\/blogdoeloiltoncajuhy.com.br\/site\/wp-json\/wp\/v2\/categories?post=38330"},{"taxonomy":"post_tag","embeddable":true,"href":"https:\/\/blogdoeloiltoncajuhy.com.br\/site\/wp-json\/wp\/v2\/tags?post=38330"}],"curies":[{"name":"wp","href":"https:\/\/api.w.org\/{rel}","templated":true}]}}