{"id":38326,"date":"2019-10-24T07:56:32","date_gmt":"2019-10-24T10:56:32","guid":{"rendered":"http:\/\/blogdoeloiltoncajuhy.com.br\/site\/?p=38326"},"modified":"2019-10-24T07:56:39","modified_gmt":"2019-10-24T10:56:39","slug":"secretaria-de-educacao-de-senhor-do-bonfim-promove-i-concurso-de-melhores-receitas-da-alimentacao-escolar","status":"publish","type":"post","link":"https:\/\/blogdoeloiltoncajuhy.com.br\/site\/secretaria-de-educacao-de-senhor-do-bonfim-promove-i-concurso-de-melhores-receitas-da-alimentacao-escolar\/","title":{"rendered":"Secretaria de Educa\u00e7\u00e3o de Senhor do Bonfim promove I Concurso de Melhores Receitas da Alimenta\u00e7\u00e3o Escolar"},"content":{"rendered":"\n<p><strong>BLOG DO ELOILTON CAJUHY<\/strong><br>Fonte: Secretaria Municipal de Educa\u00e7\u00e3o &#8211; SEMED<\/p>\n\n\n\n<div class=\"wp-block-image\"><figure class=\"aligncenter\"><img data-recalc-dims=\"1\" fetchpriority=\"high\" decoding=\"async\" width=\"800\" height=\"533\" src=\"https:\/\/i0.wp.com\/blogdoeloiltoncajuhy.com.br\/site\/wp-content\/uploads\/2019\/10\/Semed_ConcursoMerendeiras_01.jpg?resize=800%2C533\" alt=\"\" class=\"wp-image-38327\" srcset=\"https:\/\/i0.wp.com\/blogdoeloiltoncajuhy.com.br\/site\/wp-content\/uploads\/2019\/10\/Semed_ConcursoMerendeiras_01.jpg?w=960&amp;ssl=1 960w, https:\/\/i0.wp.com\/blogdoeloiltoncajuhy.com.br\/site\/wp-content\/uploads\/2019\/10\/Semed_ConcursoMerendeiras_01.jpg?resize=300%2C200&amp;ssl=1 300w, https:\/\/i0.wp.com\/blogdoeloiltoncajuhy.com.br\/site\/wp-content\/uploads\/2019\/10\/Semed_ConcursoMerendeiras_01.jpg?resize=768%2C512&amp;ssl=1 768w, https:\/\/i0.wp.com\/blogdoeloiltoncajuhy.com.br\/site\/wp-content\/uploads\/2019\/10\/Semed_ConcursoMerendeiras_01.jpg?resize=250%2C167&amp;ssl=1 250w\" sizes=\"(max-width: 800px) 100vw, 800px\" \/><\/figure><\/div>\n\n\n\n<p>A Secretaria Municipal de Educa\u00e7\u00e3o \u2013 SEMED, realizou nesta quarta-feira (23), o segundo dia de degusta\u00e7\u00e3o do <strong><em>I Concurso Melhores Receitas da Alimenta\u00e7\u00e3o Escolar Senhor do Bonfim\/2019<\/em><\/strong>. O setor da merenda escolar fez a degusta\u00e7\u00e3o e avalia\u00e7\u00e3o das receitas.<\/p>\n\n\n\n<p><strong>Merendeiras: (manh\u00e3)<\/strong><br>Elianeide Fernandes Cajuhy<br>Escola Municipal Dr. Jos\u00e9 Gon\u00e7alves<\/p>\n\n\n\n<p>D\u00e9bora da Silva Rocha<br>Escola Municipal Ant\u00f4nio Bastos de Miranda<\/p>\n\n\n\n<p>Maria L\u00facia Tom\u00e9 da Silva<br>Escola Municipal Ant\u00f4nio Bastos de Miranda (Anexo)<\/p>\n\n\n\n<p><strong>Merendeiras: (tarde)<\/strong><br>Marivalda Lourdes da Silva Martins<br>Escola Municipal Prof.\u00aa Josefa S. Castro<\/p>\n\n\n\n<p>Elis\u00e2ngela da Silva Damasceno<br>Escola Municipal Ant\u00f4nio Jos\u00e9 de Souza<\/p>\n\n\n\n<p>O concurso come\u00e7ou na ter\u00e7a-feira (22) com as merendeiras Idalia da Cruz Silva, Creche Kolping; Gerlane Carvalho de Oliveira Dantas, Escola Austricliano de Carvalho, e Lindinalva Maria Alves, da Escola Olga Campos de Menezes.<\/p>\n\n\n\n<div class=\"wp-block-image\"><figure class=\"aligncenter\"><img data-recalc-dims=\"1\" decoding=\"async\" width=\"800\" height=\"533\" src=\"https:\/\/i0.wp.com\/blogdoeloiltoncajuhy.com.br\/site\/wp-content\/uploads\/2019\/10\/Semed_ConcursoMerendeiras_02.jpg?resize=800%2C533\" alt=\"\" class=\"wp-image-38328\" srcset=\"https:\/\/i0.wp.com\/blogdoeloiltoncajuhy.com.br\/site\/wp-content\/uploads\/2019\/10\/Semed_ConcursoMerendeiras_02.jpg?w=960&amp;ssl=1 960w, https:\/\/i0.wp.com\/blogdoeloiltoncajuhy.com.br\/site\/wp-content\/uploads\/2019\/10\/Semed_ConcursoMerendeiras_02.jpg?resize=300%2C200&amp;ssl=1 300w, https:\/\/i0.wp.com\/blogdoeloiltoncajuhy.com.br\/site\/wp-content\/uploads\/2019\/10\/Semed_ConcursoMerendeiras_02.jpg?resize=768%2C512&amp;ssl=1 768w, https:\/\/i0.wp.com\/blogdoeloiltoncajuhy.com.br\/site\/wp-content\/uploads\/2019\/10\/Semed_ConcursoMerendeiras_02.jpg?resize=250%2C167&amp;ssl=1 250w\" sizes=\"(max-width: 800px) 100vw, 800px\" \/><\/figure><\/div>\n","protected":false},"excerpt":{"rendered":"<p>BLOG DO ELOILTON CAJUHYFonte: Secretaria Municipal de Educa\u00e7\u00e3o &#8211; SEMED A Secretaria Municipal de Educa\u00e7\u00e3o \u2013 SEMED, realizou nesta quarta-feira (23), o segundo dia de degusta\u00e7\u00e3o do I Concurso Melhores Receitas da Alimenta\u00e7\u00e3o Escolar Senhor do Bonfim\/2019. O setor da merenda escolar fez a degusta\u00e7\u00e3o e avalia\u00e7\u00e3o das receitas. Merendeiras: (manh\u00e3)Elianeide Fernandes CajuhyEscola Municipal Dr. [&hellip;]<\/p>\n","protected":false},"author":2,"featured_media":38328,"comment_status":"open","ping_status":"open","sticky":false,"template":"","format":"standard","meta":{"_acf_changed":false,"_monsterinsights_skip_tracking":false,"_monsterinsights_sitenote_active":false,"_monsterinsights_sitenote_note":"","_monsterinsights_sitenote_category":0,"_jetpack_memberships_contains_paid_content":false,"footnotes":"","jetpack_publicize_message":"","jetpack_publicize_feature_enabled":true,"jetpack_social_post_already_shared":true,"jetpack_social_options":{"image_generator_settings":{"template":"highway","default_image_id":0,"font":"","enabled":false},"version":2}},"categories":[14,1,4],"tags":[],"class_list":["post-38326","post","type-post","status-publish","format-standard","has-post-thumbnail","hentry","category-educacao","category-noticias","category-local"],"acf":[],"jetpack_publicize_connections":[],"jetpack_featured_media_url":"https:\/\/i0.wp.com\/blogdoeloiltoncajuhy.com.br\/site\/wp-content\/uploads\/2019\/10\/Semed_ConcursoMerendeiras_02.jpg?fit=960%2C640&ssl=1","jetpack_sharing_enabled":true,"publishpress_future_workflow_manual_trigger":{"enabledWorkflows":[]},"_links":{"self":[{"href":"https:\/\/blogdoeloiltoncajuhy.com.br\/site\/wp-json\/wp\/v2\/posts\/38326","targetHints":{"allow":["GET"]}}],"collection":[{"href":"https:\/\/blogdoeloiltoncajuhy.com.br\/site\/wp-json\/wp\/v2\/posts"}],"about":[{"href":"https:\/\/blogdoeloiltoncajuhy.com.br\/site\/wp-json\/wp\/v2\/types\/post"}],"author":[{"embeddable":true,"href":"https:\/\/blogdoeloiltoncajuhy.com.br\/site\/wp-json\/wp\/v2\/users\/2"}],"replies":[{"embeddable":true,"href":"https:\/\/blogdoeloiltoncajuhy.com.br\/site\/wp-json\/wp\/v2\/comments?post=38326"}],"version-history":[{"count":1,"href":"https:\/\/blogdoeloiltoncajuhy.com.br\/site\/wp-json\/wp\/v2\/posts\/38326\/revisions"}],"predecessor-version":[{"id":38329,"href":"https:\/\/blogdoeloiltoncajuhy.com.br\/site\/wp-json\/wp\/v2\/posts\/38326\/revisions\/38329"}],"wp:featuredmedia":[{"embeddable":true,"href":"https:\/\/blogdoeloiltoncajuhy.com.br\/site\/wp-json\/wp\/v2\/media\/38328"}],"wp:attachment":[{"href":"https:\/\/blogdoeloiltoncajuhy.com.br\/site\/wp-json\/wp\/v2\/media?parent=38326"}],"wp:term":[{"taxonomy":"category","embeddable":true,"href":"https:\/\/blogdoeloiltoncajuhy.com.br\/site\/wp-json\/wp\/v2\/categories?post=38326"},{"taxonomy":"post_tag","embeddable":true,"href":"https:\/\/blogdoeloiltoncajuhy.com.br\/site\/wp-json\/wp\/v2\/tags?post=38326"}],"curies":[{"name":"wp","href":"https:\/\/api.w.org\/{rel}","templated":true}]}}