{"id":38322,"date":"2019-10-24T07:07:04","date_gmt":"2019-10-24T10:07:04","guid":{"rendered":"http:\/\/blogdoeloiltoncajuhy.com.br\/site\/?p=38322"},"modified":"2019-10-24T07:07:10","modified_gmt":"2019-10-24T10:07:10","slug":"camara-municipal-de-sr-do-bonfim-divulga-pauta-da-sessao-ordinaria-desta-quinta-feira-24","status":"publish","type":"post","link":"https:\/\/blogdoeloiltoncajuhy.com.br\/site\/camara-municipal-de-sr-do-bonfim-divulga-pauta-da-sessao-ordinaria-desta-quinta-feira-24\/","title":{"rendered":"C\u00e2mara Municipal de Sr. do Bonfim divulga pauta da sess\u00e3o ordin\u00e1ria desta quinta-feira (24)"},"content":{"rendered":"\n<p><strong>ASCOM &#8211; C\u00e2mara Municipal de Senhor do Bonfim-BA<\/strong><\/p>\n\n\n\n<div class=\"wp-block-image\"><figure class=\"aligncenter\"><img data-recalc-dims=\"1\" fetchpriority=\"high\" decoding=\"async\" width=\"768\" height=\"427\" src=\"https:\/\/i0.wp.com\/blogdoeloiltoncajuhy.com.br\/site\/wp-content\/uploads\/2019\/04\/camara-de-bonfim-2.jpg?resize=768%2C427\" alt=\"\" class=\"wp-image-33523\" srcset=\"https:\/\/i0.wp.com\/blogdoeloiltoncajuhy.com.br\/site\/wp-content\/uploads\/2019\/04\/camara-de-bonfim-2.jpg?w=768&amp;ssl=1 768w, https:\/\/i0.wp.com\/blogdoeloiltoncajuhy.com.br\/site\/wp-content\/uploads\/2019\/04\/camara-de-bonfim-2.jpg?resize=300%2C167&amp;ssl=1 300w, https:\/\/i0.wp.com\/blogdoeloiltoncajuhy.com.br\/site\/wp-content\/uploads\/2019\/04\/camara-de-bonfim-2.jpg?resize=250%2C139&amp;ssl=1 250w\" sizes=\"(max-width: 768px) 100vw, 768px\" \/><\/figure><\/div>\n\n\n\n<p>Ser\u00e1 realizada nesta quinta-feira, 24 de outubro, mais uma sess\u00e3o ordin\u00e1ria da C\u00e2mara Municipal de Senhor do Bonfim. A sess\u00e3o tamb\u00e9m ser\u00e1 transmitida pela internet a partir das 19h.<\/p>\n\n\n\n<p class=\"has-medium-font-size\"><strong>DURANTE O EXPEDIENTE SER\u00c3O LIDAS AS MAT\u00c9RIAS:<\/strong><\/p>\n\n\n\n<ul class=\"wp-block-list\"><li>Of\u00edcio Gab. Pref. N\u00b0 264\/2019, que encaminha atrav\u00e9s do anexo I (nota t\u00e9cnica do controle interno), II (demonstrativo do impacto or\u00e7ament\u00e1rio financeiro, e metodologia de c\u00e1lculo, referente a cria\u00e7\u00e3o de cargos) e II (declara\u00e7\u00e3o do ordenador de despesas), em atendimento a solicita\u00e7\u00e3o do Presidente da Comiss\u00e3o Permanente de Finan\u00e7as, Or\u00e7amento, Fiscaliza\u00e7\u00e3o Financeira e Or\u00e7ament\u00e1ria;<\/li><\/ul>\n\n\n\n<ul class=\"wp-block-list\"><li>PROJETO DE DECRETO LEGISLATIVO N\u00ba 027\/2019, de autoria do vereador Reinaldo Jos\u00e9 da Silva, que \u201cConcede Medalha Doutor Jos\u00e9 Gon\u00e7alves \u00e0 Funda\u00e7\u00e3o da Brigada: Guerreiros Serra de San\u2019tanna, no Munic\u00edpio de Senhor do Bonfim, representada pela Presidente a senhora Francisca Goudian e o vice presidente o senhor Luiz Santana, e d\u00e1 outras provid\u00eancias\u201d;<\/li><\/ul>\n\n\n\n<ul class=\"wp-block-list\"><li>PROJETO DE DECRETO LEGISLATIVO N\u00ba 029\/2019, de autoria do vereador Reinaldo Ferreira Santana, que \u201cConcede T\u00edtulo de Cidad\u00e3o Bonfinense ao Senhor Deputado Adolfo Emanuel Monteiro de Menezes e d\u00e1 outras provid\u00eancias\u201d;<\/li><\/ul>\n\n\n\n<ul class=\"wp-block-list\"><li>PROJETO DE DECRETO LEGISLATIVO N\u00ba 030\/2019, de autoria do vereador Elizeu Concei\u00e7\u00e3o de Souza, que \u201cConcede Medalha Doutor Jos\u00e9 Gon\u00e7alves ao Centro Educacional Construindo Sonhos, no Munic\u00edpio de Senhor do Bonfim, representado pela Diretora Vandineide Freitas Costa, e d\u00e1 outras provid\u00eancias\u201d;<\/li><\/ul>\n\n\n\n<ul class=\"wp-block-list\"><li>PROJETO DE DECRETO LEGISLATIVO N\u00ba 031\/2019, de autoria do vereador Andreilto de Almeida Barbosa, que \u201cConcede Medalha Doutor Jos\u00e9 Gon\u00e7alves \u00e0 Loja Ma\u00e7\u00f4nica Uni\u00e3o e Fraternidade de Senhor do Bonfim\u201d;<\/li><\/ul>\n\n\n\n<ul class=\"wp-block-list\"><li>INDICA\u00c7\u00c3O N\u00ba 006\/2019, de autoria do vereador Elizeu Concei\u00e7\u00e3o de Souza, que solicita a \u201cconstru\u00e7\u00e3o  da Arena Mandacaru no Bonfim III, Campo Mandacaru, Senhor do Bonfim \u2013 BA\u201d;<\/li><\/ul>\n\n\n\n<p>PEDIDO DE PROVID\u00caNCIA N\u00ba 068\/2019, de autoria do vereador La\u00e9rcio Muniz de Azevedo J\u00fanior, que solicita \u201cque Secretaria Municipal de Infraestrutura promova a melhoria da estrada, no povoado de Itapicuru, ap\u00f3s a linha do trem, fazendo o patrolamento da mesma\u201d.<\/p>\n\n\n\n<p><strong>ORDEM DO DIA: N\u00c3O CONSTA DE NENHUMA MAT\u00c9RIA<\/strong><\/p>\n","protected":false},"excerpt":{"rendered":"<p>ASCOM &#8211; C\u00e2mara Municipal de Senhor do Bonfim-BA Ser\u00e1 realizada nesta quinta-feira, 24 de outubro, mais uma sess\u00e3o ordin\u00e1ria da C\u00e2mara Municipal de Senhor do Bonfim. A sess\u00e3o tamb\u00e9m ser\u00e1 transmitida pela internet a partir das 19h. DURANTE O EXPEDIENTE SER\u00c3O LIDAS AS MAT\u00c9RIAS: Of\u00edcio Gab. Pref. N\u00b0 264\/2019, que encaminha atrav\u00e9s do anexo I [&hellip;]<\/p>\n","protected":false},"author":2,"featured_media":0,"comment_status":"open","ping_status":"open","sticky":false,"template":"","format":"standard","meta":{"_acf_changed":false,"_monsterinsights_skip_tracking":false,"_monsterinsights_sitenote_active":false,"_monsterinsights_sitenote_note":"","_monsterinsights_sitenote_category":0,"_jetpack_memberships_contains_paid_content":false,"footnotes":"","jetpack_publicize_message":"","jetpack_publicize_feature_enabled":true,"jetpack_social_post_already_shared":true,"jetpack_social_options":{"image_generator_settings":{"template":"highway","default_image_id":0,"font":"","enabled":false},"version":2}},"categories":[1,3,4],"tags":[],"class_list":["post-38322","post","type-post","status-publish","format-standard","hentry","category-noticias","category-politica","category-local"],"acf":[],"jetpack_publicize_connections":[],"jetpack_featured_media_url":"","jetpack_sharing_enabled":true,"publishpress_future_workflow_manual_trigger":{"enabledWorkflows":[]},"_links":{"self":[{"href":"https:\/\/blogdoeloiltoncajuhy.com.br\/site\/wp-json\/wp\/v2\/posts\/38322","targetHints":{"allow":["GET"]}}],"collection":[{"href":"https:\/\/blogdoeloiltoncajuhy.com.br\/site\/wp-json\/wp\/v2\/posts"}],"about":[{"href":"https:\/\/blogdoeloiltoncajuhy.com.br\/site\/wp-json\/wp\/v2\/types\/post"}],"author":[{"embeddable":true,"href":"https:\/\/blogdoeloiltoncajuhy.com.br\/site\/wp-json\/wp\/v2\/users\/2"}],"replies":[{"embeddable":true,"href":"https:\/\/blogdoeloiltoncajuhy.com.br\/site\/wp-json\/wp\/v2\/comments?post=38322"}],"version-history":[{"count":1,"href":"https:\/\/blogdoeloiltoncajuhy.com.br\/site\/wp-json\/wp\/v2\/posts\/38322\/revisions"}],"predecessor-version":[{"id":38323,"href":"https:\/\/blogdoeloiltoncajuhy.com.br\/site\/wp-json\/wp\/v2\/posts\/38322\/revisions\/38323"}],"wp:attachment":[{"href":"https:\/\/blogdoeloiltoncajuhy.com.br\/site\/wp-json\/wp\/v2\/media?parent=38322"}],"wp:term":[{"taxonomy":"category","embeddable":true,"href":"https:\/\/blogdoeloiltoncajuhy.com.br\/site\/wp-json\/wp\/v2\/categories?post=38322"},{"taxonomy":"post_tag","embeddable":true,"href":"https:\/\/blogdoeloiltoncajuhy.com.br\/site\/wp-json\/wp\/v2\/tags?post=38322"}],"curies":[{"name":"wp","href":"https:\/\/api.w.org\/{rel}","templated":true}]}}