{"id":38309,"date":"2019-10-23T15:48:14","date_gmt":"2019-10-23T18:48:14","guid":{"rendered":"http:\/\/blogdoeloiltoncajuhy.com.br\/site\/?p=38309"},"modified":"2019-10-23T15:48:20","modified_gmt":"2019-10-23T18:48:20","slug":"feira-de-santana-mulher-acha-agua-fervendo-brotando-em-casa-apos-fazer-buraco-por-causa-de-chao-quente-tenho-medo","status":"publish","type":"post","link":"https:\/\/blogdoeloiltoncajuhy.com.br\/site\/feira-de-santana-mulher-acha-agua-fervendo-brotando-em-casa-apos-fazer-buraco-por-causa-de-chao-quente-tenho-medo\/","title":{"rendered":"Feira de Santana: Mulher acha \u00e1gua fervendo &#8216;brotando&#8217; em casa ap\u00f3s fazer buraco por causa de ch\u00e3o quente: &#8216;Tenho medo&#8217;"},"content":{"rendered":"\n<h5 class=\"wp-block-heading\" style=\"text-align:center\"><em>Segundo engenheiro ambiental que produz laudo, caso pode ter sido provocado porque casa foi constru\u00edda por cima de uma lagoa soterrada<\/em><\/h5>\n\n\n\n<p><strong>Por TV Bahia<\/strong><\/p>\n\n\n\n<div class=\"wp-block-image\"><figure class=\"aligncenter\"><img data-recalc-dims=\"1\" fetchpriority=\"high\" decoding=\"async\" width=\"600\" height=\"376\" src=\"https:\/\/i0.wp.com\/blogdoeloiltoncajuhy.com.br\/site\/wp-content\/uploads\/2019\/10\/buraco-quente.jpg?resize=600%2C376\" alt=\"\" class=\"wp-image-38310\" srcset=\"https:\/\/i0.wp.com\/blogdoeloiltoncajuhy.com.br\/site\/wp-content\/uploads\/2019\/10\/buraco-quente.jpg?w=600&amp;ssl=1 600w, https:\/\/i0.wp.com\/blogdoeloiltoncajuhy.com.br\/site\/wp-content\/uploads\/2019\/10\/buraco-quente.jpg?resize=300%2C188&amp;ssl=1 300w, https:\/\/i0.wp.com\/blogdoeloiltoncajuhy.com.br\/site\/wp-content\/uploads\/2019\/10\/buraco-quente.jpg?resize=250%2C157&amp;ssl=1 250w\" sizes=\"(max-width: 600px) 100vw, 600px\" \/><figcaption><em>Moradora na Bahia acha \u00e1gua fervendo embaixo do ch\u00e3o dentro de casa \u2014 Foto: Reprodu\u00e7\u00e3o\/TV Bahia<\/em><\/figcaption><\/figure><\/div>\n\n\n\n<p>Uma dona de casa de Feira de Santana encontrou \u00e1gua fervendo \u201cbrotando\u201d do ch\u00e3o, ap\u00f3s fazer um buraco na cozinha do im\u00f3vel onde mora para tentar descobrir o motivo da temperatura elevada no local.<\/p>\n\n\n\n<p>A casa fica no bairro da Queimadinha. Roseane Concei\u00e7\u00e3o mora no local h\u00e1 quase 35 anos e diz que a ideia de quebrar o ch\u00e3o foi depois de que o piso come\u00e7ou a esquentar com intensidade.<\/p>\n\n\n\n<p><em>\u201cParecia uma panela de press\u00e3o. Eu fiquei desesperada, sem saber o que fazer. Eu chamei os bombeiros porque a \u00e1gua estava fervendo. Eu liguei para os bombeiros e quando chegaram eles falaram que n\u00e3o podiam fazer nada porque n\u00e3o era fogo&#8221;<\/em>, afirmou Roseane.<\/p>\n\n\n\n<p>Segundo um ambientalista da Secretaria Municipal de Meio Ambiente, o problema pode ter sido provocado porque a casa foi constru\u00edda em cima de uma lagoa soterrada.<\/p>\n\n\n\n<p><em>\u201cA princ\u00edpio, o problema que est\u00e1 acontecendo aqui, aconteceu em outros bairros, mas agora que fomos procurados. A casa foi comprada h\u00e1 mais de 30 anos e agora que apresentou o problema. As pessoas aqui aterraram a lagoa e, embaixo do aterro, ficou mat\u00e9ria org\u00e2nica&#8221;<\/em>, disse.<\/p>\n\n\n\n<p><em>&#8220;Eles teriam que ter removido, eles n\u00e3o removeram e cobriram. Com isso, houve a forma\u00e7\u00e3o de uma turfa, mat\u00e9ria org\u00e2nica, que est\u00e1 se decompondo, por isso produziu o calor que esquentou o piso. Quando ela abriu ali, o que saiu foi g\u00e1s metano\u201d<\/em>, afirmou Jo\u00e3o Dias.<\/p>\n\n\n\n<p>Ainda de acordo com ele, o buraco deve continuar aberto porque ainda corre o risco do problema persistir.<\/p>\n\n\n\n<p><em>\u201cAinda n\u00e3o pode ser fechado o buraco porque corre o risco de voltar a esquentar o piso outra vez. A gente vai fazer algumas an\u00e1lises da \u00e1gua, da temperatura, para descobrir a demanda qu\u00edmica de oxig\u00eanio para ver como est\u00e1 a quest\u00e3o dos gases. Depois disso, a gente vai produzir um laudo\u201d<\/em>, completou.<\/p>\n\n\n\n<p>Ant\u00f4nio Jos\u00e9, engenheiro da Defesa Civil da cidade, conta que o problema pode aparecer em outras casas da regi\u00e3o. <em>\u201cSe h\u00e1 um problema neste im\u00f3vel, com certeza, frequentemente tem problemas em todos os outros. Porque ser\u00e3o recorrentes, visto que isso era uma \u00e1rea de lagoa\u201d<\/em>, contou.<\/p>\n\n\n\n<p>Enquanto o laudo n\u00e3o \u00e9 conclu\u00eddo, Roseane Concei\u00e7\u00e3o afirma que vive com muito medo da situa\u00e7\u00e3o.<\/p>\n\n\n\n<p><em>\u201cN\u00e3o estou tranquila. Enquanto eles n\u00e3o me falarem o que est\u00e1 acontecendo, eu tenho medo de tapar o buraco e a temperatura voltar. Eu tenho medo de tapar e acontecer alguma coisa. Eu n\u00e3o sei dizer o que est\u00e1 acontecendo. Tenho medo, tem eu, minha filha e meu neto na casa&#8221;<\/em>, contou.<\/p>\n","protected":false},"excerpt":{"rendered":"<p>Segundo engenheiro ambiental que produz laudo, caso pode ter sido provocado porque casa foi constru\u00edda por cima de uma lagoa soterrada Por TV Bahia Uma dona de casa de Feira de Santana encontrou \u00e1gua fervendo \u201cbrotando\u201d do ch\u00e3o, ap\u00f3s fazer um buraco na cozinha do im\u00f3vel onde mora para tentar descobrir o motivo da temperatura [&hellip;]<\/p>\n","protected":false},"author":2,"featured_media":38310,"comment_status":"open","ping_status":"open","sticky":false,"template":"","format":"standard","meta":{"_acf_changed":false,"_monsterinsights_skip_tracking":false,"_monsterinsights_sitenote_active":false,"_monsterinsights_sitenote_note":"","_monsterinsights_sitenote_category":0,"_jetpack_memberships_contains_paid_content":false,"footnotes":"","jetpack_publicize_message":"","jetpack_publicize_feature_enabled":true,"jetpack_social_post_already_shared":true,"jetpack_social_options":{"image_generator_settings":{"template":"highway","default_image_id":0,"font":"","enabled":false},"version":2}},"categories":[5,1],"tags":[],"class_list":["post-38309","post","type-post","status-publish","format-standard","has-post-thumbnail","hentry","category-cotidiano","category-noticias"],"acf":[],"jetpack_publicize_connections":[],"jetpack_featured_media_url":"https:\/\/i0.wp.com\/blogdoeloiltoncajuhy.com.br\/site\/wp-content\/uploads\/2019\/10\/buraco-quente.jpg?fit=600%2C376&ssl=1","jetpack_sharing_enabled":true,"publishpress_future_workflow_manual_trigger":{"enabledWorkflows":[]},"_links":{"self":[{"href":"https:\/\/blogdoeloiltoncajuhy.com.br\/site\/wp-json\/wp\/v2\/posts\/38309","targetHints":{"allow":["GET"]}}],"collection":[{"href":"https:\/\/blogdoeloiltoncajuhy.com.br\/site\/wp-json\/wp\/v2\/posts"}],"about":[{"href":"https:\/\/blogdoeloiltoncajuhy.com.br\/site\/wp-json\/wp\/v2\/types\/post"}],"author":[{"embeddable":true,"href":"https:\/\/blogdoeloiltoncajuhy.com.br\/site\/wp-json\/wp\/v2\/users\/2"}],"replies":[{"embeddable":true,"href":"https:\/\/blogdoeloiltoncajuhy.com.br\/site\/wp-json\/wp\/v2\/comments?post=38309"}],"version-history":[{"count":1,"href":"https:\/\/blogdoeloiltoncajuhy.com.br\/site\/wp-json\/wp\/v2\/posts\/38309\/revisions"}],"predecessor-version":[{"id":38311,"href":"https:\/\/blogdoeloiltoncajuhy.com.br\/site\/wp-json\/wp\/v2\/posts\/38309\/revisions\/38311"}],"wp:featuredmedia":[{"embeddable":true,"href":"https:\/\/blogdoeloiltoncajuhy.com.br\/site\/wp-json\/wp\/v2\/media\/38310"}],"wp:attachment":[{"href":"https:\/\/blogdoeloiltoncajuhy.com.br\/site\/wp-json\/wp\/v2\/media?parent=38309"}],"wp:term":[{"taxonomy":"category","embeddable":true,"href":"https:\/\/blogdoeloiltoncajuhy.com.br\/site\/wp-json\/wp\/v2\/categories?post=38309"},{"taxonomy":"post_tag","embeddable":true,"href":"https:\/\/blogdoeloiltoncajuhy.com.br\/site\/wp-json\/wp\/v2\/tags?post=38309"}],"curies":[{"name":"wp","href":"https:\/\/api.w.org\/{rel}","templated":true}]}}