{"id":38306,"date":"2019-10-23T15:24:09","date_gmt":"2019-10-23T18:24:09","guid":{"rendered":"http:\/\/blogdoeloiltoncajuhy.com.br\/site\/?p=38306"},"modified":"2019-10-23T15:24:15","modified_gmt":"2019-10-23T18:24:15","slug":"prefeitura-de-andorinha-promovera-feira-de-saude-e-assistencia-social-para-mulheres","status":"publish","type":"post","link":"https:\/\/blogdoeloiltoncajuhy.com.br\/site\/prefeitura-de-andorinha-promovera-feira-de-saude-e-assistencia-social-para-mulheres\/","title":{"rendered":"Prefeitura de Andorinha promover\u00e1 Feira de Sa\u00fade e Assist\u00eancia Social para Mulheres"},"content":{"rendered":"\n<p><strong>ASCOM &#8211; Prefeitura Municipal de Andorinha-BA<\/strong><\/p>\n\n\n\n<div class=\"wp-block-image\"><figure class=\"aligncenter is-resized\"><img data-recalc-dims=\"1\" fetchpriority=\"high\" decoding=\"async\" src=\"https:\/\/i0.wp.com\/blogdoeloiltoncajuhy.com.br\/site\/wp-content\/uploads\/2019\/10\/PMA_FeiraParaMulheres.jpeg?resize=309%2C309\" alt=\"\" class=\"wp-image-38307\" width=\"309\" height=\"309\" srcset=\"https:\/\/i0.wp.com\/blogdoeloiltoncajuhy.com.br\/site\/wp-content\/uploads\/2019\/10\/PMA_FeiraParaMulheres.jpeg?w=1000&amp;ssl=1 1000w, https:\/\/i0.wp.com\/blogdoeloiltoncajuhy.com.br\/site\/wp-content\/uploads\/2019\/10\/PMA_FeiraParaMulheres.jpeg?resize=150%2C150&amp;ssl=1 150w, https:\/\/i0.wp.com\/blogdoeloiltoncajuhy.com.br\/site\/wp-content\/uploads\/2019\/10\/PMA_FeiraParaMulheres.jpeg?resize=300%2C300&amp;ssl=1 300w, https:\/\/i0.wp.com\/blogdoeloiltoncajuhy.com.br\/site\/wp-content\/uploads\/2019\/10\/PMA_FeiraParaMulheres.jpeg?resize=768%2C768&amp;ssl=1 768w, https:\/\/i0.wp.com\/blogdoeloiltoncajuhy.com.br\/site\/wp-content\/uploads\/2019\/10\/PMA_FeiraParaMulheres.jpeg?resize=250%2C250&amp;ssl=1 250w, https:\/\/i0.wp.com\/blogdoeloiltoncajuhy.com.br\/site\/wp-content\/uploads\/2019\/10\/PMA_FeiraParaMulheres.jpeg?resize=48%2C48&amp;ssl=1 48w\" sizes=\"(max-width: 309px) 100vw, 309px\" \/><\/figure><\/div>\n\n\n\n<p>O <strong><em>Outubro Rosa<\/em><\/strong> \u00e9 o m\u00eas de conscientiza\u00e7\u00e3o e combate do c\u00e2ncer de mama. O movimento que dura o m\u00eas inteiro busca alertar sobre os riscos e a necessidade de diagn\u00f3stico precoce deste tipo de c\u00e2ncer, que \u00e9 o segundo mais recorrente no mundo, perdendo apenas para o de pele.<\/p>\n\n\n\n<p>Tendo em vista a preven\u00e7\u00e3o e a conscientiza\u00e7\u00e3o acerca do diagn\u00f3stico precoce e a necessidade de oferta de servi\u00e7os voltados a sa\u00fade e assist\u00eancia da mulher, a Secretaria Municipal de Sa\u00fade de Andorinha, em parceria com a Secretaria Municipal de Assist\u00eancia Social, realizar\u00e1 a <strong><em>Feira de Sa\u00fade e Assist\u00eancia Social para Mulheres<\/em><\/strong>.<\/p>\n\n\n\n<p>Na pr\u00f3xima ter\u00e7a-feira, dia 29 de outubro, convide as amigas, vizinhas e comadres e venham para a Pra\u00e7a Ruben Alves \u00e0 partir das 8 horas e 30 minutos para conferir e participar desse belo evento.<\/p>\n\n\n\n<p>Durante a feira ser\u00e3o ofertados os seguintes servi\u00e7os: ventosa terapia, testes r\u00e1pidos de HIV e S\u00edfilis, verifica\u00e7\u00e3o de press\u00e3o arterial, glicemia capilar, aplica\u00e7\u00e3o de fl\u00faor, orienta\u00e7\u00e3o sobre sa\u00fade bucal, oficinas terap\u00eauticas, stand do CAPS, stand do CRAS, penteados, maquiagem e apresenta\u00e7\u00e3o dos alunos do Servi\u00e7o de Conviv\u00eancia e Fortalecimento de V\u00ednculos, e orienta\u00e7\u00f5es sobre como prevenir o c\u00e2ncer de mama.<\/p>\n","protected":false},"excerpt":{"rendered":"<p>ASCOM &#8211; Prefeitura Municipal de Andorinha-BA O Outubro Rosa \u00e9 o m\u00eas de conscientiza\u00e7\u00e3o e combate do c\u00e2ncer de mama. O movimento que dura o m\u00eas inteiro busca alertar sobre os riscos e a necessidade de diagn\u00f3stico precoce deste tipo de c\u00e2ncer, que \u00e9 o segundo mais recorrente no mundo, perdendo apenas para o de [&hellip;]<\/p>\n","protected":false},"author":2,"featured_media":38307,"comment_status":"open","ping_status":"open","sticky":false,"template":"","format":"standard","meta":{"_acf_changed":false,"_monsterinsights_skip_tracking":false,"_monsterinsights_sitenote_active":false,"_monsterinsights_sitenote_note":"","_monsterinsights_sitenote_category":0,"_jetpack_memberships_contains_paid_content":false,"footnotes":"","jetpack_publicize_message":"","jetpack_publicize_feature_enabled":true,"jetpack_social_post_already_shared":true,"jetpack_social_options":{"image_generator_settings":{"template":"highway","default_image_id":0,"font":"","enabled":false},"version":2}},"categories":[1,11],"tags":[],"class_list":["post-38306","post","type-post","status-publish","format-standard","has-post-thumbnail","hentry","category-noticias","category-regional"],"acf":[],"jetpack_publicize_connections":[],"jetpack_featured_media_url":"https:\/\/i0.wp.com\/blogdoeloiltoncajuhy.com.br\/site\/wp-content\/uploads\/2019\/10\/PMA_FeiraParaMulheres.jpeg?fit=1000%2C1000&ssl=1","jetpack_sharing_enabled":true,"publishpress_future_workflow_manual_trigger":{"enabledWorkflows":[]},"_links":{"self":[{"href":"https:\/\/blogdoeloiltoncajuhy.com.br\/site\/wp-json\/wp\/v2\/posts\/38306","targetHints":{"allow":["GET"]}}],"collection":[{"href":"https:\/\/blogdoeloiltoncajuhy.com.br\/site\/wp-json\/wp\/v2\/posts"}],"about":[{"href":"https:\/\/blogdoeloiltoncajuhy.com.br\/site\/wp-json\/wp\/v2\/types\/post"}],"author":[{"embeddable":true,"href":"https:\/\/blogdoeloiltoncajuhy.com.br\/site\/wp-json\/wp\/v2\/users\/2"}],"replies":[{"embeddable":true,"href":"https:\/\/blogdoeloiltoncajuhy.com.br\/site\/wp-json\/wp\/v2\/comments?post=38306"}],"version-history":[{"count":1,"href":"https:\/\/blogdoeloiltoncajuhy.com.br\/site\/wp-json\/wp\/v2\/posts\/38306\/revisions"}],"predecessor-version":[{"id":38308,"href":"https:\/\/blogdoeloiltoncajuhy.com.br\/site\/wp-json\/wp\/v2\/posts\/38306\/revisions\/38308"}],"wp:featuredmedia":[{"embeddable":true,"href":"https:\/\/blogdoeloiltoncajuhy.com.br\/site\/wp-json\/wp\/v2\/media\/38307"}],"wp:attachment":[{"href":"https:\/\/blogdoeloiltoncajuhy.com.br\/site\/wp-json\/wp\/v2\/media?parent=38306"}],"wp:term":[{"taxonomy":"category","embeddable":true,"href":"https:\/\/blogdoeloiltoncajuhy.com.br\/site\/wp-json\/wp\/v2\/categories?post=38306"},{"taxonomy":"post_tag","embeddable":true,"href":"https:\/\/blogdoeloiltoncajuhy.com.br\/site\/wp-json\/wp\/v2\/tags?post=38306"}],"curies":[{"name":"wp","href":"https:\/\/api.w.org\/{rel}","templated":true}]}}