{"id":38303,"date":"2019-10-23T15:10:27","date_gmt":"2019-10-23T18:10:27","guid":{"rendered":"http:\/\/blogdoeloiltoncajuhy.com.br\/site\/?p=38303"},"modified":"2019-10-23T15:10:34","modified_gmt":"2019-10-23T18:10:34","slug":"prefeitura-de-jaguarari-leva-o-programa-prefeitura-nas-comunidades-para-a-localidade-de-jacuna","status":"publish","type":"post","link":"https:\/\/blogdoeloiltoncajuhy.com.br\/site\/prefeitura-de-jaguarari-leva-o-programa-prefeitura-nas-comunidades-para-a-localidade-de-jacuna\/","title":{"rendered":"Prefeitura de Jaguarari leva o Programa Prefeitura nas Comunidades para a localidade de Jacun\u00e3"},"content":{"rendered":"\n<p><strong>ASCOM &#8211; Prefeitura de Jaguarari-BA<\/strong><\/p>\n\n\n\n<div class=\"wp-block-image\"><figure class=\"aligncenter is-resized\"><img data-recalc-dims=\"1\" fetchpriority=\"high\" decoding=\"async\" src=\"https:\/\/i0.wp.com\/blogdoeloiltoncajuhy.com.br\/site\/wp-content\/uploads\/2019\/10\/PMJ_PComunidadesJacuna.jpg?resize=237%2C240\" alt=\"\" class=\"wp-image-38304\" width=\"237\" height=\"240\" srcset=\"https:\/\/i0.wp.com\/blogdoeloiltoncajuhy.com.br\/site\/wp-content\/uploads\/2019\/10\/PMJ_PComunidadesJacuna.jpg?w=947&amp;ssl=1 947w, https:\/\/i0.wp.com\/blogdoeloiltoncajuhy.com.br\/site\/wp-content\/uploads\/2019\/10\/PMJ_PComunidadesJacuna.jpg?resize=296%2C300&amp;ssl=1 296w, https:\/\/i0.wp.com\/blogdoeloiltoncajuhy.com.br\/site\/wp-content\/uploads\/2019\/10\/PMJ_PComunidadesJacuna.jpg?resize=768%2C779&amp;ssl=1 768w, https:\/\/i0.wp.com\/blogdoeloiltoncajuhy.com.br\/site\/wp-content\/uploads\/2019\/10\/PMJ_PComunidadesJacuna.jpg?resize=247%2C250&amp;ssl=1 247w, https:\/\/i0.wp.com\/blogdoeloiltoncajuhy.com.br\/site\/wp-content\/uploads\/2019\/10\/PMJ_PComunidadesJacuna.jpg?resize=48%2C48&amp;ssl=1 48w\" sizes=\"(max-width: 237px) 100vw, 237px\" \/><\/figure><\/div>\n\n\n\n<p>A prefeitura de Jaguarari, atrav\u00e9s de suas secretarias, estar\u00e1 levando para a localidade Jacun\u00e3 nesta sexta-feira (25), o <strong><em>Programa Prefeitura nas Comunidades<\/em><\/strong>.<\/p>\n\n\n\n<p>Na localidade, o programa possibilitar\u00e1 atender a v\u00e1rias demandas dos moradores e adjac\u00eancias. Durante a a\u00e7\u00e3o os moradores ter\u00e3o acesso a diversos servi\u00e7os oferecidos pela gest\u00e3o municipal atrav\u00e9s, de suas secretarias, como vacina\u00e7\u00e3o, testes r\u00e1pidos, aferi\u00e7\u00e3o de press\u00e3o, ventosa terapia, consultas ginecol\u00f3gicas, exames laboratoriais, atendimento e atualiza\u00e7\u00e3o cadastral do programa Bolsa Fam\u00edlia, concess\u00e3o de Carteira do Idoso e Passe Livre, encaminhamento de segunda via de documentos e muito mais.<\/p>\n\n\n\n<p>Programa Prefeitura nas comunidades &#8211; a prefeitura de Jaguarari pertinho de voc\u00ea!<\/p>\n","protected":false},"excerpt":{"rendered":"<p>ASCOM &#8211; Prefeitura de Jaguarari-BA A prefeitura de Jaguarari, atrav\u00e9s de suas secretarias, estar\u00e1 levando para a localidade Jacun\u00e3 nesta sexta-feira (25), o Programa Prefeitura nas Comunidades. Na localidade, o programa possibilitar\u00e1 atender a v\u00e1rias demandas dos moradores e adjac\u00eancias. Durante a a\u00e7\u00e3o os moradores ter\u00e3o acesso a diversos servi\u00e7os oferecidos pela gest\u00e3o municipal atrav\u00e9s, [&hellip;]<\/p>\n","protected":false},"author":2,"featured_media":38304,"comment_status":"open","ping_status":"open","sticky":false,"template":"","format":"standard","meta":{"_acf_changed":false,"_monsterinsights_skip_tracking":false,"_monsterinsights_sitenote_active":false,"_monsterinsights_sitenote_note":"","_monsterinsights_sitenote_category":0,"_jetpack_memberships_contains_paid_content":false,"footnotes":"","jetpack_publicize_message":"","jetpack_publicize_feature_enabled":true,"jetpack_social_post_already_shared":true,"jetpack_social_options":{"image_generator_settings":{"template":"highway","default_image_id":0,"font":"","enabled":false},"version":2}},"categories":[1,3,11],"tags":[],"class_list":["post-38303","post","type-post","status-publish","format-standard","has-post-thumbnail","hentry","category-noticias","category-politica","category-regional"],"acf":[],"jetpack_publicize_connections":[],"jetpack_featured_media_url":"https:\/\/i0.wp.com\/blogdoeloiltoncajuhy.com.br\/site\/wp-content\/uploads\/2019\/10\/PMJ_PComunidadesJacuna.jpg?fit=947%2C960&ssl=1","jetpack_sharing_enabled":true,"publishpress_future_workflow_manual_trigger":{"enabledWorkflows":[]},"_links":{"self":[{"href":"https:\/\/blogdoeloiltoncajuhy.com.br\/site\/wp-json\/wp\/v2\/posts\/38303","targetHints":{"allow":["GET"]}}],"collection":[{"href":"https:\/\/blogdoeloiltoncajuhy.com.br\/site\/wp-json\/wp\/v2\/posts"}],"about":[{"href":"https:\/\/blogdoeloiltoncajuhy.com.br\/site\/wp-json\/wp\/v2\/types\/post"}],"author":[{"embeddable":true,"href":"https:\/\/blogdoeloiltoncajuhy.com.br\/site\/wp-json\/wp\/v2\/users\/2"}],"replies":[{"embeddable":true,"href":"https:\/\/blogdoeloiltoncajuhy.com.br\/site\/wp-json\/wp\/v2\/comments?post=38303"}],"version-history":[{"count":1,"href":"https:\/\/blogdoeloiltoncajuhy.com.br\/site\/wp-json\/wp\/v2\/posts\/38303\/revisions"}],"predecessor-version":[{"id":38305,"href":"https:\/\/blogdoeloiltoncajuhy.com.br\/site\/wp-json\/wp\/v2\/posts\/38303\/revisions\/38305"}],"wp:featuredmedia":[{"embeddable":true,"href":"https:\/\/blogdoeloiltoncajuhy.com.br\/site\/wp-json\/wp\/v2\/media\/38304"}],"wp:attachment":[{"href":"https:\/\/blogdoeloiltoncajuhy.com.br\/site\/wp-json\/wp\/v2\/media?parent=38303"}],"wp:term":[{"taxonomy":"category","embeddable":true,"href":"https:\/\/blogdoeloiltoncajuhy.com.br\/site\/wp-json\/wp\/v2\/categories?post=38303"},{"taxonomy":"post_tag","embeddable":true,"href":"https:\/\/blogdoeloiltoncajuhy.com.br\/site\/wp-json\/wp\/v2\/tags?post=38303"}],"curies":[{"name":"wp","href":"https:\/\/api.w.org\/{rel}","templated":true}]}}