{"id":38300,"date":"2019-10-23T14:52:17","date_gmt":"2019-10-23T17:52:17","guid":{"rendered":"http:\/\/blogdoeloiltoncajuhy.com.br\/site\/?p=38300"},"modified":"2019-10-23T14:52:24","modified_gmt":"2019-10-23T17:52:24","slug":"veja-o-resumo-da-sessao-ordinaria-da-camara-municipal-de-senhor-do-bonfim-desta-terca-feira-22","status":"publish","type":"post","link":"https:\/\/blogdoeloiltoncajuhy.com.br\/site\/veja-o-resumo-da-sessao-ordinaria-da-camara-municipal-de-senhor-do-bonfim-desta-terca-feira-22\/","title":{"rendered":"Veja o resumo da sess\u00e3o ordin\u00e1ria da C\u00e2mara Municipal de Senhor do Bonfim desta ter\u00e7a-feira (22)"},"content":{"rendered":"\n<p><strong>ASCOM &#8211; C\u00e2mara Municipal de Senhor do Bonfim-BA<\/strong><\/p>\n\n\n\n<div class=\"wp-block-image\"><figure class=\"aligncenter\"><img fetchpriority=\"high\" decoding=\"async\" width=\"1280\" height=\"853\" src=\"https:\/\/i1.wp.com\/blogdoeloiltoncajuhy.com.br\/site\/wp-content\/uploads\/2019\/10\/CMSB_Sessao22Outubro-2019.jpg?fit=590%2C393\" alt=\"\" class=\"wp-image-38301\" srcset=\"https:\/\/i0.wp.com\/blogdoeloiltoncajuhy.com.br\/site\/wp-content\/uploads\/2019\/10\/CMSB_Sessao22Outubro-2019.jpg?w=1280&amp;ssl=1 1280w, https:\/\/i0.wp.com\/blogdoeloiltoncajuhy.com.br\/site\/wp-content\/uploads\/2019\/10\/CMSB_Sessao22Outubro-2019.jpg?resize=300%2C200&amp;ssl=1 300w, https:\/\/i0.wp.com\/blogdoeloiltoncajuhy.com.br\/site\/wp-content\/uploads\/2019\/10\/CMSB_Sessao22Outubro-2019.jpg?resize=768%2C512&amp;ssl=1 768w, https:\/\/i0.wp.com\/blogdoeloiltoncajuhy.com.br\/site\/wp-content\/uploads\/2019\/10\/CMSB_Sessao22Outubro-2019.jpg?resize=1024%2C682&amp;ssl=1 1024w, https:\/\/i0.wp.com\/blogdoeloiltoncajuhy.com.br\/site\/wp-content\/uploads\/2019\/10\/CMSB_Sessao22Outubro-2019.jpg?resize=250%2C167&amp;ssl=1 250w\" sizes=\"(max-width: 800px) 100vw, 800px\" \/><\/figure><\/div>\n\n\n\n<p>Nesta ter\u00e7a-feira, 22 de outubro, foi realizada a 22\u00aa Sess\u00e3o Ordin\u00e1ria do 2\u00ba Per\u00edodo Ordin\u00e1rio, do ano de 2019, da C\u00e2mara Municipal de Senhor do Bonfim. Conduzida pelo Presidente da Casa, vereador Cleiton Vieira, a sess\u00e3o teve in\u00edcio \u00e0s 19h15, ap\u00f3s a chamada dos vereadores, onde havendo n\u00famero legal \u00e9 declarada aberta.<\/p>\n\n\n\n<p>O Sr. Presidente informa que solicitaram o abono de suas faltas os vereadores, Andreilto Almeida e Alexandre ferreira, cujas justificativas s\u00e3o: por estar de atestado m\u00e9dico; e por estar em viagem oficial a Salvador-BA. Todavia, a Mesa Diretora ir\u00e1 avaliar.<\/p>\n\n\n\n<p>Em seguida, atendendo o Regimento Interno, em seu art. 141, foi encaminhada a ata da sess\u00e3o anterior aos e-mails de todos os vereadores. Foi colocada em discuss\u00e3o e, ningu\u00e9m querendo discutir, foi colocada em vota\u00e7\u00e3o, sendo aprovada.<\/p>\n\n\n\n<p class=\"has-medium-font-size\"><strong>Passa-se \u00e0 leitura do expediente, que consta das seguintes mat\u00e9rias:<\/strong><\/p>\n\n\n\n<p>PARECER da Comiss\u00e3o de Legisla\u00e7\u00e3o, Justi\u00e7a, Postura e Reda\u00e7\u00e3o Final, aos Projetos de Decreto Legislativo n\u00bas 026 e 028\/2019;<\/p>\n\n\n\n<p>PEDIDO DE PROVID\u00caNCIA N\u00ba 066\/2019, de autoria do Vereador La\u00e9rcio Muniz de Azevedo J\u00fanior, que solicita que \u201ca Secretaria de Infraestrutura promova a melhoria da via p\u00fablica Rua 01, Quadra A, bairro Casas Populares, fazendo a recupera\u00e7\u00e3o do seu cal\u00e7amento\u201d; <\/p>\n\n\n\n<p>PEDIDO DE PROVID\u00caNCIA N\u00ba 067\/2019, de autoria do vereador La\u00e9rcio Muniz de Azevedo J\u00fanior, que solicita que \u201ca Secretaria de Infraestrutura promova a melhoria da via p\u00fablica Rua Iracema, em Miss\u00e3o do Sahy, fazendo a constru\u00e7\u00e3o da rede de esgoto\u201d;<\/p>\n\n\n\n<p>OF\u00cdCIO N\u00ba 029\/2019, oriundo do gabinete do vereador Alexandre Ferreira, que justifica sua aus\u00eancia na sess\u00e3o ordin\u00e1ria do dia 22\/10\/2019.<\/p>\n\n\n\n<p>Durante a leitura do Expediente chegaram ao plen\u00e1rio os vereadores JO\u00c3O CARLOS DE CASTRO e EDSON RIBEIRO DA SILVA, que assinam o livro de presen\u00e7a e tomam assento em suas cadeiras.<\/p>\n\n\n\n<p>O Sr. Presidente passa para ordem dos vereadores inscritos e franqueia a palavra ao primeiro, Vereador EDSON RIBEIRO DA SILVA, que n\u00e3o se faz presente. Dando continuidade franqueia a palavra ao segundo, Vereador REINALDO FERREIRA SANTANA. Franqueia a palavra ao terceiro, Vereador LA\u00c9RCIO MUNIZ DE AZEVEDO J\u00daNIOR. Franqueia a palavra ao quarto, Vereador JORGE SOUZA E SILVA FILHO. Franqueia a palavra ao quinto, Vereador ALEXANDRE FERREIRA, que n\u00e3o se faz presente. Franqueia a palavra ao sexto, Vereador CARLOS ALBERTO DIAS DOS SANTOS. Franqueia a palavra ao s\u00e9timo, Vereador ELIZEU CONCEI\u00c7\u00c3O DE SOUZA. Franqueia a palavra ao oitavo, Vereador HERM\u00d3GENES GOMES DE ALMEIDA.<\/p>\n\n\n\n<p class=\"has-medium-font-size\"><strong>Passa-se para a ORDEM DO DIA:<\/strong><\/p>\n\n\n\n<p>PARECER da Comiss\u00e3o de Legisla\u00e7\u00e3o, Justi\u00e7a, Postura e Reda\u00e7\u00e3o Final, aos Projetos de Decreto Legislativo n\u00bas 026 e 028\/2019 \u00e9 colocado em discuss\u00e3o e usa da palavra o Vereador La\u00e9rcio Muniz de Azevedo J\u00fanior, que discute a propositura e fica favor\u00e1vel a sua aprova\u00e7\u00e3o. Durante sua fala, o vereador solicitou que seja transcrito o seu discurso. Usa tamb\u00e9m o Vereador Herm\u00f3genes Gomes de Almeida e usa tamb\u00e9m o Vereador Gerivaldo Ribeiro Sampaio que ficam favor\u00e1veis a sua aprova\u00e7\u00e3o. E ningu\u00e9m mais querendo discutir, \u00e9 colocado em vota\u00e7\u00e3o, sendo aprovado por unanimidade.<\/p>\n\n\n\n<p>PROJETO DE DECRETO DO LEGISLATIVO N\u00ba 026\/2019, de autoria do Vereador Cleiton Vieira Pinto, que \u201cconcede medalha Dr. Jos\u00e9 Gon\u00e7alves ao Sexto Batalh\u00e3o de Pol\u00edcia Militar, no Munic\u00edpio de Senhor do Bonfim, representado pelo Comandante Tenente Coronel PM Jaime de Almeida Malvar Filho, e d\u00e1 outras provid\u00eancias\u201d, \u00e9 colocado em discuss\u00e3o e usa da palavra o autor, que solicita da Secretaria Geral que subscreva o nome de todos os vereadores no referido projeto. Fez tamb\u00e9m uma breve homenagem.<\/p>\n\n\n\n<p>Usam tamb\u00e9m os vereadores Carlos Alberto Dias dos Santos, La\u00e9rcio Muniz de Azevedo J\u00fanior e Elizeu Concei\u00e7\u00e3o de Souza, que discutem a propositura e fazem uma breve homenagem, ficando favor\u00e1veis \u00e0 sua aprova\u00e7\u00e3o e, ningu\u00e9m mais querendo discutir, \u00e9 colocado em vota\u00e7\u00e3o, sendo aprovado por unanimidade.<\/p>\n\n\n\n<p>PROJETO DE DECRETO DO LEGISLATIVO N\u00ba 028\/2019, de autoria do Vereador Cleiton Vieira Pinto, que \u201cConcede Medalha Dr. Jos\u00e9 Gon\u00e7alves a Associa\u00e7\u00e3o Bonfinense de Divis\u00e3o de Base de Futebol-AEDBF, no Munic\u00edpio de Senhor do Bonfim, representada pelo presidente Sr. Marivaldo Sim\u00f5es, e d\u00e1 outras provid\u00eancias\u201d, \u00e9 colocado em discuss\u00e3o e usa da palavra o autor da mat\u00e9ria, que faz uma breve homenagem ficando favor\u00e1vel a sua aprova\u00e7\u00e3o.<\/p>\n\n\n\n<p>Usam tamb\u00e9m os vereadores Jorge Souza e Silva Filho, Elizeu Concei\u00e7\u00e3o de Souza, Jo\u00e3o Carlos de Castro, Gerivaldo Ribeiro Sampaio, La\u00e9rcio Muniz de Azevedo J\u00fanior, Carlos Alberto Dias dos Santos, Ot\u00e1vio Xisto de Souza J\u00fanior, Herm\u00f3genes Gomes de Almeida, que discutem a propositura e ficam favor\u00e1veis a sua aprova\u00e7\u00e3o e, ningu\u00e9m mais querendo discutir, \u00e9 colocado em vota\u00e7\u00e3o, sendo aprovado por unanimidade.<\/p>\n\n\n\n<p>Durante a leitura da Ordem do Dia, o Sr. Presidente prorroga a Sess\u00e3o at\u00e9 que seja votada a \u00faltima mat\u00e9ria. N\u00e3o havendo mais nenhuma mat\u00e9ria para ser lida e discutida o Sr. Presidente, \u00e0s vinte e duas horas e trinta e cinco minutos, d\u00e1 por encerrada a Sess\u00e3o.<\/p>\n\n\n\n<p><strong>Veja a sess\u00e3o completa:<\/strong><\/p>\n\n\n\n<figure class=\"wp-block-embed-youtube aligncenter wp-block-embed is-type-video is-provider-youtube wp-embed-aspect-16-9 wp-has-aspect-ratio\"><div class=\"wp-block-embed__wrapper\">\n<iframe title=\"22\u00aa Sess\u00e3o Ordin\u00e1ria do 2\u00ba PO [22\/10\/2019]\" width=\"800\" height=\"450\" src=\"https:\/\/www.youtube.com\/embed\/oAsRN3NCFiU?start=1&#038;feature=oembed\" frameborder=\"0\" allow=\"accelerometer; autoplay; encrypted-media; gyroscope; picture-in-picture\" allowfullscreen><\/iframe>\n<\/div><\/figure>\n","protected":false},"excerpt":{"rendered":"<p>ASCOM &#8211; C\u00e2mara Municipal de Senhor do Bonfim-BA Nesta ter\u00e7a-feira, 22 de outubro, foi realizada a 22\u00aa Sess\u00e3o Ordin\u00e1ria do 2\u00ba Per\u00edodo Ordin\u00e1rio, do ano de 2019, da C\u00e2mara Municipal de Senhor do Bonfim. Conduzida pelo Presidente da Casa, vereador Cleiton Vieira, a sess\u00e3o teve in\u00edcio \u00e0s 19h15, ap\u00f3s a chamada dos vereadores, onde havendo [&hellip;]<\/p>\n","protected":false},"author":2,"featured_media":38301,"comment_status":"open","ping_status":"open","sticky":false,"template":"","format":"standard","meta":{"_acf_changed":false,"_monsterinsights_skip_tracking":false,"_monsterinsights_sitenote_active":false,"_monsterinsights_sitenote_note":"","_monsterinsights_sitenote_category":0,"_jetpack_memberships_contains_paid_content":false,"footnotes":"","jetpack_publicize_message":"","jetpack_publicize_feature_enabled":true,"jetpack_social_post_already_shared":true,"jetpack_social_options":{"image_generator_settings":{"template":"highway","default_image_id":0,"font":"","enabled":false},"version":2}},"categories":[1,3,4],"tags":[],"class_list":["post-38300","post","type-post","status-publish","format-standard","has-post-thumbnail","hentry","category-noticias","category-politica","category-local"],"acf":[],"jetpack_publicize_connections":[],"jetpack_featured_media_url":"https:\/\/i0.wp.com\/blogdoeloiltoncajuhy.com.br\/site\/wp-content\/uploads\/2019\/10\/CMSB_Sessao22Outubro-2019.jpg?fit=1280%2C853&ssl=1","jetpack_sharing_enabled":true,"publishpress_future_workflow_manual_trigger":{"enabledWorkflows":[]},"_links":{"self":[{"href":"https:\/\/blogdoeloiltoncajuhy.com.br\/site\/wp-json\/wp\/v2\/posts\/38300","targetHints":{"allow":["GET"]}}],"collection":[{"href":"https:\/\/blogdoeloiltoncajuhy.com.br\/site\/wp-json\/wp\/v2\/posts"}],"about":[{"href":"https:\/\/blogdoeloiltoncajuhy.com.br\/site\/wp-json\/wp\/v2\/types\/post"}],"author":[{"embeddable":true,"href":"https:\/\/blogdoeloiltoncajuhy.com.br\/site\/wp-json\/wp\/v2\/users\/2"}],"replies":[{"embeddable":true,"href":"https:\/\/blogdoeloiltoncajuhy.com.br\/site\/wp-json\/wp\/v2\/comments?post=38300"}],"version-history":[{"count":1,"href":"https:\/\/blogdoeloiltoncajuhy.com.br\/site\/wp-json\/wp\/v2\/posts\/38300\/revisions"}],"predecessor-version":[{"id":38302,"href":"https:\/\/blogdoeloiltoncajuhy.com.br\/site\/wp-json\/wp\/v2\/posts\/38300\/revisions\/38302"}],"wp:featuredmedia":[{"embeddable":true,"href":"https:\/\/blogdoeloiltoncajuhy.com.br\/site\/wp-json\/wp\/v2\/media\/38301"}],"wp:attachment":[{"href":"https:\/\/blogdoeloiltoncajuhy.com.br\/site\/wp-json\/wp\/v2\/media?parent=38300"}],"wp:term":[{"taxonomy":"category","embeddable":true,"href":"https:\/\/blogdoeloiltoncajuhy.com.br\/site\/wp-json\/wp\/v2\/categories?post=38300"},{"taxonomy":"post_tag","embeddable":true,"href":"https:\/\/blogdoeloiltoncajuhy.com.br\/site\/wp-json\/wp\/v2\/tags?post=38300"}],"curies":[{"name":"wp","href":"https:\/\/api.w.org\/{rel}","templated":true}]}}