{"id":38296,"date":"2019-10-22T15:33:26","date_gmt":"2019-10-22T18:33:26","guid":{"rendered":"http:\/\/blogdoeloiltoncajuhy.com.br\/site\/?p=38296"},"modified":"2019-10-22T15:33:34","modified_gmt":"2019-10-22T18:33:34","slug":"tres-irmaos-sao-mortos-a-tiros-em-intervalo-de-oito-dias-na-bahia","status":"publish","type":"post","link":"https:\/\/blogdoeloiltoncajuhy.com.br\/site\/tres-irmaos-sao-mortos-a-tiros-em-intervalo-de-oito-dias-na-bahia\/","title":{"rendered":"Tr\u00eas irm\u00e3os s\u00e3o mortos a tiros em intervalo de oito dias na Bahia"},"content":{"rendered":"\n<h5 class=\"wp-block-heading\" style=\"text-align:center\"><em>Crimes ocorreram entre 13 de outubro e a noite da segunda-feira (21), nas cidades de Mairi e V\u00e1rzea da Ro\u00e7a. Pol\u00edcia investiga se h\u00e1 rela\u00e7\u00e3o entre os casos<\/em><\/h5>\n\n\n\n<p><strong>Por G1 BA<\/strong><\/p>\n\n\n\n<div class=\"wp-block-image\"><figure class=\"aligncenter is-resized\"><img data-recalc-dims=\"1\" fetchpriority=\"high\" decoding=\"async\" src=\"https:\/\/i0.wp.com\/blogdoeloiltoncajuhy.com.br\/site\/wp-content\/uploads\/2018\/03\/policia_500x400.jpg?resize=314%2C235\" alt=\"\" class=\"wp-image-24026\" width=\"314\" height=\"235\" srcset=\"https:\/\/i0.wp.com\/blogdoeloiltoncajuhy.com.br\/site\/wp-content\/uploads\/2018\/03\/policia_500x400.jpg?w=259&amp;ssl=1 259w, https:\/\/i0.wp.com\/blogdoeloiltoncajuhy.com.br\/site\/wp-content\/uploads\/2018\/03\/policia_500x400.jpg?resize=250%2C187&amp;ssl=1 250w\" sizes=\"(max-width: 314px) 100vw, 314px\" \/><\/figure><\/div>\n\n\n\n<p>Tr\u00eas irm\u00e3os foram mortos a tiros em um intervalo de oito dias, nas cidades de Mairi, norte da Bahia, e V\u00e1rzea da Ro\u00e7a. Os crimes ocorreram no dia 13 de outubro e na segunda-feira (21), quando duas das v\u00edtimas foram atacadas de uma vez. A Pol\u00edcia Civil investiga se os casos tem rela\u00e7\u00e3o.<\/p>\n\n\n\n<p>De acordo com o delegado Jaime Brito, titular de V\u00e1rzea da Ro\u00e7a, o primeiro caso ocorreu na cidade de Mairi, e a v\u00edtima foi identificada como <strong>Luiz da Paz Matos<\/strong>. Os outros dois irm\u00e3os, <strong>Cleriston<\/strong> e <strong>Leonardo da Paz Matos<\/strong>, foram mortos em V\u00e1rzea da Ro\u00e7a.<\/p>\n\n\n\n<p>A autoria e a motiva\u00e7\u00e3o dos crimes est\u00e3o sob investiga\u00e7\u00e3o da Pol\u00edcia Civil. Segundo o delegado Jaime Brito, h\u00e1 duas hip\u00f3teses sob an\u00e1lise, contudo, elas n\u00e3o podem ser divulgas ainda para n\u00e3o atrapalhar na apura\u00e7\u00e3o dos fatos.<\/p>\n","protected":false},"excerpt":{"rendered":"<p>Crimes ocorreram entre 13 de outubro e a noite da segunda-feira (21), nas cidades de Mairi e V\u00e1rzea da Ro\u00e7a. Pol\u00edcia investiga se h\u00e1 rela\u00e7\u00e3o entre os casos Por G1 BA Tr\u00eas irm\u00e3os foram mortos a tiros em um intervalo de oito dias, nas cidades de Mairi, norte da Bahia, e V\u00e1rzea da Ro\u00e7a. Os [&hellip;]<\/p>\n","protected":false},"author":2,"featured_media":0,"comment_status":"open","ping_status":"open","sticky":false,"template":"","format":"standard","meta":{"_acf_changed":false,"_monsterinsights_skip_tracking":false,"_monsterinsights_sitenote_active":false,"_monsterinsights_sitenote_note":"","_monsterinsights_sitenote_category":0,"_jetpack_memberships_contains_paid_content":false,"footnotes":"","jetpack_publicize_message":"","jetpack_publicize_feature_enabled":true,"jetpack_social_post_already_shared":true,"jetpack_social_options":{"image_generator_settings":{"template":"highway","default_image_id":0,"font":"","enabled":false},"version":2}},"categories":[5,1],"tags":[],"class_list":["post-38296","post","type-post","status-publish","format-standard","hentry","category-cotidiano","category-noticias"],"acf":[],"jetpack_publicize_connections":[],"jetpack_featured_media_url":"","jetpack_sharing_enabled":true,"publishpress_future_workflow_manual_trigger":{"enabledWorkflows":[]},"_links":{"self":[{"href":"https:\/\/blogdoeloiltoncajuhy.com.br\/site\/wp-json\/wp\/v2\/posts\/38296","targetHints":{"allow":["GET"]}}],"collection":[{"href":"https:\/\/blogdoeloiltoncajuhy.com.br\/site\/wp-json\/wp\/v2\/posts"}],"about":[{"href":"https:\/\/blogdoeloiltoncajuhy.com.br\/site\/wp-json\/wp\/v2\/types\/post"}],"author":[{"embeddable":true,"href":"https:\/\/blogdoeloiltoncajuhy.com.br\/site\/wp-json\/wp\/v2\/users\/2"}],"replies":[{"embeddable":true,"href":"https:\/\/blogdoeloiltoncajuhy.com.br\/site\/wp-json\/wp\/v2\/comments?post=38296"}],"version-history":[{"count":1,"href":"https:\/\/blogdoeloiltoncajuhy.com.br\/site\/wp-json\/wp\/v2\/posts\/38296\/revisions"}],"predecessor-version":[{"id":38297,"href":"https:\/\/blogdoeloiltoncajuhy.com.br\/site\/wp-json\/wp\/v2\/posts\/38296\/revisions\/38297"}],"wp:attachment":[{"href":"https:\/\/blogdoeloiltoncajuhy.com.br\/site\/wp-json\/wp\/v2\/media?parent=38296"}],"wp:term":[{"taxonomy":"category","embeddable":true,"href":"https:\/\/blogdoeloiltoncajuhy.com.br\/site\/wp-json\/wp\/v2\/categories?post=38296"},{"taxonomy":"post_tag","embeddable":true,"href":"https:\/\/blogdoeloiltoncajuhy.com.br\/site\/wp-json\/wp\/v2\/tags?post=38296"}],"curies":[{"name":"wp","href":"https:\/\/api.w.org\/{rel}","templated":true}]}}