{"id":38293,"date":"2019-10-22T15:24:18","date_gmt":"2019-10-22T18:24:18","guid":{"rendered":"http:\/\/blogdoeloiltoncajuhy.com.br\/site\/?p=38293"},"modified":"2019-10-22T15:24:25","modified_gmt":"2019-10-22T18:24:25","slug":"consulta-e-audiencia-publica-sobre-contrato-entre-o-municipio-de-andorinha-e-a-embasa","status":"publish","type":"post","link":"https:\/\/blogdoeloiltoncajuhy.com.br\/site\/consulta-e-audiencia-publica-sobre-contrato-entre-o-municipio-de-andorinha-e-a-embasa\/","title":{"rendered":"Consulta e Audi\u00eancia P\u00fablica sobre contrato entre o munic\u00edpio de Andorinha e a Embasa"},"content":{"rendered":"\n<div class=\"wp-block-image\"><figure class=\"aligncenter is-resized\"><img fetchpriority=\"high\" decoding=\"async\" src=\"https:\/\/i0.wp.com\/blogdoeloiltoncajuhy.com.br\/site\/wp-content\/uploads\/2019\/10\/PMA_ContratoEmbasa.jpeg?fit=590%2C189\" alt=\"\" class=\"wp-image-38294\" width=\"462\" height=\"148\" srcset=\"https:\/\/i0.wp.com\/blogdoeloiltoncajuhy.com.br\/site\/wp-content\/uploads\/2019\/10\/PMA_ContratoEmbasa.jpeg?w=1280&amp;ssl=1 1280w, https:\/\/i0.wp.com\/blogdoeloiltoncajuhy.com.br\/site\/wp-content\/uploads\/2019\/10\/PMA_ContratoEmbasa.jpeg?resize=300%2C96&amp;ssl=1 300w, https:\/\/i0.wp.com\/blogdoeloiltoncajuhy.com.br\/site\/wp-content\/uploads\/2019\/10\/PMA_ContratoEmbasa.jpeg?resize=768%2C246&amp;ssl=1 768w, https:\/\/i0.wp.com\/blogdoeloiltoncajuhy.com.br\/site\/wp-content\/uploads\/2019\/10\/PMA_ContratoEmbasa.jpeg?resize=1024%2C328&amp;ssl=1 1024w, https:\/\/i0.wp.com\/blogdoeloiltoncajuhy.com.br\/site\/wp-content\/uploads\/2019\/10\/PMA_ContratoEmbasa.jpeg?resize=250%2C80&amp;ssl=1 250w\" sizes=\"(max-width: 462px) 100vw, 462px\" \/><\/figure><\/div>\n\n\n\n<p>O controle social \u00e9 uma das diretrizes da Lei 11.445\/2007 (Lei Nacional de Saneamento B\u00e1sico) e ele \u00e9 exercido, tamb\u00e9m, por meio de consulta p\u00fablica, quando decis\u00f5es precisam ser tomadas na gest\u00e3o dos servi\u00e7os de saneamento b\u00e1sico nos munic\u00edpios. <\/p>\n\n\n\n<p>A audi\u00eancia p\u00fablica acontecer\u00e1 no dia 24 de outubro na C\u00e2mara de Vereadores a partir das 8 horas. A Prefeitura de Andorinha convida toda popula\u00e7\u00e3o a se fazer presente.<\/p>\n\n\n\n<p>O envio de sugest\u00f5es pode ser feito at\u00e9 24 de outubro de 2019, presencialmente na Prefeitura Municipal de Andorinha, no endere\u00e7o: Rua Ant\u00f4nio Galdino, s\/n, Centro, Andorinha &#8211; BA, ou para o e-mail consultapublica@andorinha.ba.gov.br, ou responda pela Site Oficial da Prefeitura Municipal de Andorinha na aba: acesso r\u00e1pido > consulta p\u00fablica > solicitar anonimamente (seu nome e dados n\u00e3o ser\u00e3o divulgados).<\/p>\n\n\n\n<p>Somente ser\u00e3o examinadas as sugest\u00f5es da consulta p\u00fablica (em meio f\u00edsico ou em meio digital) que contenham identifica\u00e7\u00e3o do signat\u00e1rio (nome, RG \/ CPF, bairro\/localidade).<\/p>\n\n\n\n<p>Aten\u00e7\u00e3o caso opte por mandar a sugest\u00e3o por e-mail o formul\u00e1rio deve estar em word ou pdf.<\/p>\n\n\n\n<p>Essa \u00e9 oportunidade para esclarecer d\u00favidas e dar as sugest\u00f5es devidas sobre o abastecimento de \u00e1gua no mun\u00edcipio. Mande sua sugest\u00e3o e marque presen\u00e7a na Audi\u00eancia P\u00fablica.<\/p>\n\n\n\n<p><strong>ASCOM &#8211; Prefeitura de Andorinha-BA<\/strong><\/p>\n","protected":false},"excerpt":{"rendered":"<p>O controle social \u00e9 uma das diretrizes da Lei 11.445\/2007 (Lei Nacional de Saneamento B\u00e1sico) e ele \u00e9 exercido, tamb\u00e9m, por meio de consulta p\u00fablica, quando decis\u00f5es precisam ser tomadas na gest\u00e3o dos servi\u00e7os de saneamento b\u00e1sico nos munic\u00edpios. A audi\u00eancia p\u00fablica acontecer\u00e1 no dia 24 de outubro na C\u00e2mara de Vereadores a partir das [&hellip;]<\/p>\n","protected":false},"author":2,"featured_media":38294,"comment_status":"open","ping_status":"open","sticky":false,"template":"","format":"standard","meta":{"_acf_changed":false,"_monsterinsights_skip_tracking":false,"_monsterinsights_sitenote_active":false,"_monsterinsights_sitenote_note":"","_monsterinsights_sitenote_category":0,"_jetpack_memberships_contains_paid_content":false,"footnotes":"","jetpack_publicize_message":"","jetpack_publicize_feature_enabled":true,"jetpack_social_post_already_shared":true,"jetpack_social_options":{"image_generator_settings":{"template":"highway","default_image_id":0,"font":"","enabled":false},"version":2}},"categories":[1,11],"tags":[],"class_list":["post-38293","post","type-post","status-publish","format-standard","has-post-thumbnail","hentry","category-noticias","category-regional"],"acf":[],"jetpack_publicize_connections":[],"jetpack_featured_media_url":"https:\/\/i0.wp.com\/blogdoeloiltoncajuhy.com.br\/site\/wp-content\/uploads\/2019\/10\/PMA_ContratoEmbasa.jpeg?fit=1280%2C410&ssl=1","jetpack_sharing_enabled":true,"publishpress_future_workflow_manual_trigger":{"enabledWorkflows":[]},"_links":{"self":[{"href":"https:\/\/blogdoeloiltoncajuhy.com.br\/site\/wp-json\/wp\/v2\/posts\/38293","targetHints":{"allow":["GET"]}}],"collection":[{"href":"https:\/\/blogdoeloiltoncajuhy.com.br\/site\/wp-json\/wp\/v2\/posts"}],"about":[{"href":"https:\/\/blogdoeloiltoncajuhy.com.br\/site\/wp-json\/wp\/v2\/types\/post"}],"author":[{"embeddable":true,"href":"https:\/\/blogdoeloiltoncajuhy.com.br\/site\/wp-json\/wp\/v2\/users\/2"}],"replies":[{"embeddable":true,"href":"https:\/\/blogdoeloiltoncajuhy.com.br\/site\/wp-json\/wp\/v2\/comments?post=38293"}],"version-history":[{"count":1,"href":"https:\/\/blogdoeloiltoncajuhy.com.br\/site\/wp-json\/wp\/v2\/posts\/38293\/revisions"}],"predecessor-version":[{"id":38295,"href":"https:\/\/blogdoeloiltoncajuhy.com.br\/site\/wp-json\/wp\/v2\/posts\/38293\/revisions\/38295"}],"wp:featuredmedia":[{"embeddable":true,"href":"https:\/\/blogdoeloiltoncajuhy.com.br\/site\/wp-json\/wp\/v2\/media\/38294"}],"wp:attachment":[{"href":"https:\/\/blogdoeloiltoncajuhy.com.br\/site\/wp-json\/wp\/v2\/media?parent=38293"}],"wp:term":[{"taxonomy":"category","embeddable":true,"href":"https:\/\/blogdoeloiltoncajuhy.com.br\/site\/wp-json\/wp\/v2\/categories?post=38293"},{"taxonomy":"post_tag","embeddable":true,"href":"https:\/\/blogdoeloiltoncajuhy.com.br\/site\/wp-json\/wp\/v2\/tags?post=38293"}],"curies":[{"name":"wp","href":"https:\/\/api.w.org\/{rel}","templated":true}]}}