{"id":38287,"date":"2019-10-22T09:50:08","date_gmt":"2019-10-22T12:50:08","guid":{"rendered":"http:\/\/blogdoeloiltoncajuhy.com.br\/site\/?p=38287"},"modified":"2019-10-22T09:50:14","modified_gmt":"2019-10-22T12:50:14","slug":"uneb-apresenta-as-bodas-de-umbigulina-em-coloquio-de-artes-cenicas","status":"publish","type":"post","link":"https:\/\/blogdoeloiltoncajuhy.com.br\/site\/uneb-apresenta-as-bodas-de-umbigulina-em-coloquio-de-artes-cenicas\/","title":{"rendered":"UNEB apresenta \u201cAs bodas de Umbigulina\u201d em Col\u00f3quio de Artes C\u00eanicas"},"content":{"rendered":"\n<p><strong>Lorena Simas<\/strong><br>Coordenadora do N\u00facleo de Assessoria de Comunica\u00e7\u00e3o (NAC-DEDC\/ UNEB)<\/p>\n\n\n\n<div class=\"wp-block-image\"><figure class=\"aligncenter is-resized\"><img fetchpriority=\"high\" decoding=\"async\" src=\"https:\/\/i0.wp.com\/blogdoeloiltoncajuhy.com.br\/site\/wp-content\/uploads\/2019\/10\/Uneb_Coloquio.jpeg?fit=590%2C836\" alt=\"\" class=\"wp-image-38288\" width=\"315\" height=\"446\" srcset=\"https:\/\/i0.wp.com\/blogdoeloiltoncajuhy.com.br\/site\/wp-content\/uploads\/2019\/10\/Uneb_Coloquio.jpeg?w=904&amp;ssl=1 904w, https:\/\/i0.wp.com\/blogdoeloiltoncajuhy.com.br\/site\/wp-content\/uploads\/2019\/10\/Uneb_Coloquio.jpeg?resize=212%2C300&amp;ssl=1 212w, https:\/\/i0.wp.com\/blogdoeloiltoncajuhy.com.br\/site\/wp-content\/uploads\/2019\/10\/Uneb_Coloquio.jpeg?resize=768%2C1087&amp;ssl=1 768w, https:\/\/i0.wp.com\/blogdoeloiltoncajuhy.com.br\/site\/wp-content\/uploads\/2019\/10\/Uneb_Coloquio.jpeg?resize=723%2C1024&amp;ssl=1 723w, https:\/\/i0.wp.com\/blogdoeloiltoncajuhy.com.br\/site\/wp-content\/uploads\/2019\/10\/Uneb_Coloquio.jpeg?resize=177%2C250&amp;ssl=1 177w\" sizes=\"(max-width: 315px) 100vw, 315px\" \/><\/figure><\/div>\n\n\n\n<p>O espet\u00e1culo teatral <strong><em>\u201cAs bodas de Umbigulina\u201d<\/em><\/strong> far\u00e1 parte da programa\u00e7\u00e3o do IV Col\u00f3quio de Artes C\u00eanicas do Piemonte Norte do Itapicuru e II F\u00f3rum de Artes Circenses do Semi\u00e1rido Brasileiro do Departamento de Educa\u00e7\u00e3o (DEDC), Campus VII da UNEB. O espet\u00e1culo aborda sobre a m\u00e1scara e a linguagem do clown (palha\u00e7o) que ressaltam a poesia e o lirismo, bem como, as fragilidades do ser humano. A apresenta\u00e7\u00e3o ser\u00e1 realizada no dia 08 de novembro, \u00e0s 20h no Citear, localizado no bairro Gamboa em Senhor do Bonfim.<\/p>\n\n\n\n<p>Inspirado no universo dos personagens do dramaturgo e escritor irland\u00eas Samuel Beckett, o espet\u00e1culo apresenta, atrav\u00e9s da po\u00e9tica do clown, \u00e0s vezes absurda e l\u00edrica, \u00e0s vezes tragic\u00f4mica, a vida cotidiana e as fragilidades do ser humano. Os temas tocados por Umbigulina levam o espectador a imergir em muitas e oscilantes emo\u00e7\u00f5es: da dan\u00e7a \u00e0 ira, da fragilidade \u00e0 dor, da luta \u00e0 morte, da ressurrei\u00e7\u00e3o ao matrim\u00f4nio.<\/p>\n\n\n\n<p>\u201cAs bodas de Umbigolina\u201d \u00e9 um trabalho desenvolvido acerca da m\u00e1scara do clown atrav\u00e9s das teorias e pr\u00e1ticas de Burnier, Wuo, Lecoq, Fo, Bassi, Slava e outros estudiosos da \u00e1rea e experi\u00eancias adquiridas em culturas de pa\u00edses diferentes como Brasil, It\u00e1lia, Fran\u00e7a e Luxembourg, mas sempre ligados ao lado sens\u00edvel, m\u00edtico e m\u00edstico da m\u00e1scara.<\/p>\n\n\n\n<p>O espet\u00e1culo tem dire\u00e7\u00e3o e interpreta\u00e7\u00e3o de Joice Agle, p\u00f3s doutora em Comicidade e Cria\u00e7\u00e3o no Programa de P\u00f3s-gradua\u00e7\u00e3o em Artes C\u00eanicas (PPGAC) da Universidade Federal de Uberl\u00e2ndia (UFU). Os ingressos custam R$ 10,00 (valor \u00fanico) e podem ser adquiridos no Colegiado de Teatro no Centro de Artes Professor Marcos F\u00e1bio Oliveira Marques ou na barraca do Nivaldo em frente \u00e0 Ag\u00eancia dos Correios.<\/p>\n","protected":false},"excerpt":{"rendered":"<p>Lorena SimasCoordenadora do N\u00facleo de Assessoria de Comunica\u00e7\u00e3o (NAC-DEDC\/ UNEB) O espet\u00e1culo teatral \u201cAs bodas de Umbigulina\u201d far\u00e1 parte da programa\u00e7\u00e3o do IV Col\u00f3quio de Artes C\u00eanicas do Piemonte Norte do Itapicuru e II F\u00f3rum de Artes Circenses do Semi\u00e1rido Brasileiro do Departamento de Educa\u00e7\u00e3o (DEDC), Campus VII da UNEB. O espet\u00e1culo aborda sobre a [&hellip;]<\/p>\n","protected":false},"author":2,"featured_media":38288,"comment_status":"open","ping_status":"open","sticky":false,"template":"","format":"standard","meta":{"_acf_changed":false,"_monsterinsights_skip_tracking":false,"_monsterinsights_sitenote_active":false,"_monsterinsights_sitenote_note":"","_monsterinsights_sitenote_category":0,"_jetpack_memberships_contains_paid_content":false,"footnotes":"","jetpack_publicize_message":"","jetpack_publicize_feature_enabled":true,"jetpack_social_post_already_shared":true,"jetpack_social_options":{"image_generator_settings":{"template":"highway","default_image_id":0,"font":"","enabled":false},"version":2}},"categories":[8,1,4],"tags":[],"class_list":["post-38287","post","type-post","status-publish","format-standard","has-post-thumbnail","hentry","category-cultura","category-noticias","category-local"],"acf":[],"jetpack_publicize_connections":[],"jetpack_featured_media_url":"https:\/\/i0.wp.com\/blogdoeloiltoncajuhy.com.br\/site\/wp-content\/uploads\/2019\/10\/Uneb_Coloquio.jpeg?fit=904%2C1280&ssl=1","jetpack_sharing_enabled":true,"publishpress_future_workflow_manual_trigger":{"enabledWorkflows":[]},"_links":{"self":[{"href":"https:\/\/blogdoeloiltoncajuhy.com.br\/site\/wp-json\/wp\/v2\/posts\/38287","targetHints":{"allow":["GET"]}}],"collection":[{"href":"https:\/\/blogdoeloiltoncajuhy.com.br\/site\/wp-json\/wp\/v2\/posts"}],"about":[{"href":"https:\/\/blogdoeloiltoncajuhy.com.br\/site\/wp-json\/wp\/v2\/types\/post"}],"author":[{"embeddable":true,"href":"https:\/\/blogdoeloiltoncajuhy.com.br\/site\/wp-json\/wp\/v2\/users\/2"}],"replies":[{"embeddable":true,"href":"https:\/\/blogdoeloiltoncajuhy.com.br\/site\/wp-json\/wp\/v2\/comments?post=38287"}],"version-history":[{"count":1,"href":"https:\/\/blogdoeloiltoncajuhy.com.br\/site\/wp-json\/wp\/v2\/posts\/38287\/revisions"}],"predecessor-version":[{"id":38289,"href":"https:\/\/blogdoeloiltoncajuhy.com.br\/site\/wp-json\/wp\/v2\/posts\/38287\/revisions\/38289"}],"wp:featuredmedia":[{"embeddable":true,"href":"https:\/\/blogdoeloiltoncajuhy.com.br\/site\/wp-json\/wp\/v2\/media\/38288"}],"wp:attachment":[{"href":"https:\/\/blogdoeloiltoncajuhy.com.br\/site\/wp-json\/wp\/v2\/media?parent=38287"}],"wp:term":[{"taxonomy":"category","embeddable":true,"href":"https:\/\/blogdoeloiltoncajuhy.com.br\/site\/wp-json\/wp\/v2\/categories?post=38287"},{"taxonomy":"post_tag","embeddable":true,"href":"https:\/\/blogdoeloiltoncajuhy.com.br\/site\/wp-json\/wp\/v2\/tags?post=38287"}],"curies":[{"name":"wp","href":"https:\/\/api.w.org\/{rel}","templated":true}]}}