{"id":38279,"date":"2019-10-22T08:14:40","date_gmt":"2019-10-22T11:14:40","guid":{"rendered":"http:\/\/blogdoeloiltoncajuhy.com.br\/site\/?p=38279"},"modified":"2019-10-22T08:14:47","modified_gmt":"2019-10-22T11:14:47","slug":"acertado-para-presidir-al-ba-apos-leal-adolfo-menezes-nao-cre-em-quebra-de-acordo","status":"publish","type":"post","link":"https:\/\/blogdoeloiltoncajuhy.com.br\/site\/acertado-para-presidir-al-ba-apos-leal-adolfo-menezes-nao-cre-em-quebra-de-acordo\/","title":{"rendered":"&#8216;Acertado&#8217; para presidir AL-BA ap\u00f3s Leal, Adolfo Menezes n\u00e3o cr\u00ea em quebra de acordo"},"content":{"rendered":"\n<p><strong>Bahia Not\u00edcias<\/strong><\/p>\n\n\n\n<div class=\"wp-block-image\"><figure class=\"aligncenter is-resized\"><img data-recalc-dims=\"1\" fetchpriority=\"high\" decoding=\"async\" src=\"https:\/\/i0.wp.com\/blogdoeloiltoncajuhy.com.br\/site\/wp-content\/uploads\/2019\/10\/Adolfo-alba.jpg?resize=453%2C334\" alt=\"\" class=\"wp-image-38280\" width=\"453\" height=\"334\" srcset=\"https:\/\/i0.wp.com\/blogdoeloiltoncajuhy.com.br\/site\/wp-content\/uploads\/2019\/10\/Adolfo-alba.jpg?w=380&amp;ssl=1 380w, https:\/\/i0.wp.com\/blogdoeloiltoncajuhy.com.br\/site\/wp-content\/uploads\/2019\/10\/Adolfo-alba.jpg?resize=300%2C221&amp;ssl=1 300w, https:\/\/i0.wp.com\/blogdoeloiltoncajuhy.com.br\/site\/wp-content\/uploads\/2019\/10\/Adolfo-alba.jpg?resize=250%2C184&amp;ssl=1 250w\" sizes=\"(max-width: 453px) 100vw, 453px\" \/><figcaption><em>Foto: Jade Coelho \/ Bahia Not\u00edcias<\/em><\/figcaption><\/figure><\/div>\n\n\n\n<p>Acordado para suceder Nelson Leal (PP) na presid\u00eancia da Assembleia Legislativa da Bahia (AL-BA), Adolfo Menezes (PSD) cr\u00ea que o acordo que possivelmente o colocar\u00e1 no cargo n\u00e3o vai ser quebrado pelos colegas de Casa. A declara\u00e7\u00e3o foi dada nesta segunda-feira (21), em Salvador.<\/p>\n\n\n\n<p><em>\u201c\u00c9 claro que pol\u00edtica se diz que \u00e9 como uma nuvem, que voc\u00ea olha e est\u00e1 de um jeito e depois olha e est\u00e1 de outro. Mas acredito que a pol\u00edtica \u00e9 composta de homens. Ent\u00e3o acredito que n\u00e3o haver\u00e1 problema\u201d<\/em>, opinou, em entrevista ao Bahia Not\u00edcias.<\/p>\n\n\n\n<p>Nos bastidores da AL-BA, h\u00e1 rumores de que aliados de Leal articulam para se aprovar um projeto a fim de a Casa voltar a ter reelei\u00e7\u00e3o para presidente. Neste cen\u00e1rio, o progressista poderia pleitear um novo mandato.<\/p>\n\n\n\n<p>Adolfo, por sua vez, desconversou sobre o assunto, e disse que est\u00e1 desatualizado sobre os assuntos da Assembleia. <em>\u201cEu estava viajando vendo o papa canonizar a Santa Dulce. Ent\u00e3o, estou por fora dos \u00faltimos acontecimentos. Eu cheguei ontem. Antes de viajar, um m\u00eas atr\u00e1s, a gente ouviu falar, mas acredito que isso seja mais boato da pol\u00edtica em si. Acredito que o acordo est\u00e1 mantido e ser\u00e1 honrado, at\u00e9 porque foi feito pela mais alta autoridade da Bahia que \u00e9 o governador Rui Costa, junto com os principais partidos\u201d<\/em>, ponderou.<\/p>\n","protected":false},"excerpt":{"rendered":"<p>Bahia Not\u00edcias Acordado para suceder Nelson Leal (PP) na presid\u00eancia da Assembleia Legislativa da Bahia (AL-BA), Adolfo Menezes (PSD) cr\u00ea que o acordo que possivelmente o colocar\u00e1 no cargo n\u00e3o vai ser quebrado pelos colegas de Casa. A declara\u00e7\u00e3o foi dada nesta segunda-feira (21), em Salvador. \u201c\u00c9 claro que pol\u00edtica se diz que \u00e9 como [&hellip;]<\/p>\n","protected":false},"author":2,"featured_media":38280,"comment_status":"open","ping_status":"open","sticky":false,"template":"","format":"standard","meta":{"_acf_changed":false,"_monsterinsights_skip_tracking":false,"_monsterinsights_sitenote_active":false,"_monsterinsights_sitenote_note":"","_monsterinsights_sitenote_category":0,"_jetpack_memberships_contains_paid_content":false,"footnotes":"","jetpack_publicize_message":"","jetpack_publicize_feature_enabled":true,"jetpack_social_post_already_shared":true,"jetpack_social_options":{"image_generator_settings":{"template":"highway","default_image_id":0,"font":"","enabled":false},"version":2}},"categories":[1,3],"tags":[],"class_list":["post-38279","post","type-post","status-publish","format-standard","has-post-thumbnail","hentry","category-noticias","category-politica"],"acf":[],"jetpack_publicize_connections":[],"jetpack_featured_media_url":"https:\/\/i0.wp.com\/blogdoeloiltoncajuhy.com.br\/site\/wp-content\/uploads\/2019\/10\/Adolfo-alba.jpg?fit=380%2C280&ssl=1","jetpack_sharing_enabled":true,"publishpress_future_workflow_manual_trigger":{"enabledWorkflows":[]},"_links":{"self":[{"href":"https:\/\/blogdoeloiltoncajuhy.com.br\/site\/wp-json\/wp\/v2\/posts\/38279","targetHints":{"allow":["GET"]}}],"collection":[{"href":"https:\/\/blogdoeloiltoncajuhy.com.br\/site\/wp-json\/wp\/v2\/posts"}],"about":[{"href":"https:\/\/blogdoeloiltoncajuhy.com.br\/site\/wp-json\/wp\/v2\/types\/post"}],"author":[{"embeddable":true,"href":"https:\/\/blogdoeloiltoncajuhy.com.br\/site\/wp-json\/wp\/v2\/users\/2"}],"replies":[{"embeddable":true,"href":"https:\/\/blogdoeloiltoncajuhy.com.br\/site\/wp-json\/wp\/v2\/comments?post=38279"}],"version-history":[{"count":1,"href":"https:\/\/blogdoeloiltoncajuhy.com.br\/site\/wp-json\/wp\/v2\/posts\/38279\/revisions"}],"predecessor-version":[{"id":38281,"href":"https:\/\/blogdoeloiltoncajuhy.com.br\/site\/wp-json\/wp\/v2\/posts\/38279\/revisions\/38281"}],"wp:featuredmedia":[{"embeddable":true,"href":"https:\/\/blogdoeloiltoncajuhy.com.br\/site\/wp-json\/wp\/v2\/media\/38280"}],"wp:attachment":[{"href":"https:\/\/blogdoeloiltoncajuhy.com.br\/site\/wp-json\/wp\/v2\/media?parent=38279"}],"wp:term":[{"taxonomy":"category","embeddable":true,"href":"https:\/\/blogdoeloiltoncajuhy.com.br\/site\/wp-json\/wp\/v2\/categories?post=38279"},{"taxonomy":"post_tag","embeddable":true,"href":"https:\/\/blogdoeloiltoncajuhy.com.br\/site\/wp-json\/wp\/v2\/tags?post=38279"}],"curies":[{"name":"wp","href":"https:\/\/api.w.org\/{rel}","templated":true}]}}