{"id":38272,"date":"2019-10-21T19:21:37","date_gmt":"2019-10-21T22:21:37","guid":{"rendered":"http:\/\/blogdoeloiltoncajuhy.com.br\/site\/?p=38272"},"modified":"2019-10-21T19:21:44","modified_gmt":"2019-10-21T22:21:44","slug":"prefeitura-de-jaguarari-direciona-acoes-do-outubro-rosa-e-dia-das-criancas-a-localidade-de-adutora","status":"publish","type":"post","link":"https:\/\/blogdoeloiltoncajuhy.com.br\/site\/prefeitura-de-jaguarari-direciona-acoes-do-outubro-rosa-e-dia-das-criancas-a-localidade-de-adutora\/","title":{"rendered":"Prefeitura de Jaguarari direciona a\u00e7\u00f5es do Outubro Rosa e dia das crian\u00e7as a localidade de Adutora"},"content":{"rendered":"\n<p><strong>ASCOM &#8211; Prefeitura de Jaguarari-BA<\/strong><\/p>\n\n\n\n<div class=\"wp-block-image\"><figure class=\"aligncenter\"><img fetchpriority=\"high\" decoding=\"async\" width=\"1280\" height=\"960\" src=\"https:\/\/i0.wp.com\/blogdoeloiltoncajuhy.com.br\/site\/wp-content\/uploads\/2019\/10\/PMJ_AtividadesOutubro.jpg?fit=590%2C443\" alt=\"\" class=\"wp-image-38273\" srcset=\"https:\/\/i0.wp.com\/blogdoeloiltoncajuhy.com.br\/site\/wp-content\/uploads\/2019\/10\/PMJ_AtividadesOutubro.jpg?w=1280&amp;ssl=1 1280w, https:\/\/i0.wp.com\/blogdoeloiltoncajuhy.com.br\/site\/wp-content\/uploads\/2019\/10\/PMJ_AtividadesOutubro.jpg?resize=300%2C225&amp;ssl=1 300w, https:\/\/i0.wp.com\/blogdoeloiltoncajuhy.com.br\/site\/wp-content\/uploads\/2019\/10\/PMJ_AtividadesOutubro.jpg?resize=768%2C576&amp;ssl=1 768w, https:\/\/i0.wp.com\/blogdoeloiltoncajuhy.com.br\/site\/wp-content\/uploads\/2019\/10\/PMJ_AtividadesOutubro.jpg?resize=1024%2C768&amp;ssl=1 1024w, https:\/\/i0.wp.com\/blogdoeloiltoncajuhy.com.br\/site\/wp-content\/uploads\/2019\/10\/PMJ_AtividadesOutubro.jpg?resize=250%2C188&amp;ssl=1 250w\" sizes=\"(max-width: 800px) 100vw, 800px\" \/><\/figure><\/div>\n\n\n\n<p>Na \u00faltima sexta-feira (18), a Prefeitura de Jaguarari, atrav\u00e9s da Secretaria de Desenvolvimento Social, por meio do CRAS Pilar, realizou evento alusivo ao m\u00eas das crian\u00e7as e outubro rosa na comunidade de Adutora.<\/p>\n\n\n\n<p>As crian\u00e7as do Servi\u00e7o de Conviv\u00eancia e Fortalecimento de V\u00ednculos (SCFV) participaram de atividades l\u00fadicas, receberam presentes e guloseimas em comemora\u00e7\u00e3o ao m\u00eas das crian\u00e7as. J\u00e1 as mulheres da comunidade, participaram de palestras com profissionais da sa\u00fade a respeito da sa\u00fade bucal e preven\u00e7\u00e3o do c\u00e2ncer de mama e com assistente social a respeito dos benef\u00edcios socioassistenciais disponibilizados no munic\u00edpio.<\/p>\n\n\n\n<p><em>\u201cN\u00f3s assumimos um compromisso com esta comunidade, implantamos o servi\u00e7o de conviv\u00eancia e estamos aproximando-os dos servi\u00e7os ofertados pela prefeitura\u201d<\/em>, falou o secret\u00e1rio Ricardo Augusto.<\/p>\n","protected":false},"excerpt":{"rendered":"<p>ASCOM &#8211; Prefeitura de Jaguarari-BA Na \u00faltima sexta-feira (18), a Prefeitura de Jaguarari, atrav\u00e9s da Secretaria de Desenvolvimento Social, por meio do CRAS Pilar, realizou evento alusivo ao m\u00eas das crian\u00e7as e outubro rosa na comunidade de Adutora. As crian\u00e7as do Servi\u00e7o de Conviv\u00eancia e Fortalecimento de V\u00ednculos (SCFV) participaram de atividades l\u00fadicas, receberam presentes [&hellip;]<\/p>\n","protected":false},"author":2,"featured_media":38273,"comment_status":"open","ping_status":"open","sticky":false,"template":"","format":"standard","meta":{"_acf_changed":false,"_monsterinsights_skip_tracking":false,"_monsterinsights_sitenote_active":false,"_monsterinsights_sitenote_note":"","_monsterinsights_sitenote_category":0,"_jetpack_memberships_contains_paid_content":false,"footnotes":"","jetpack_publicize_message":"","jetpack_publicize_feature_enabled":true,"jetpack_social_post_already_shared":true,"jetpack_social_options":{"image_generator_settings":{"template":"highway","default_image_id":0,"font":"","enabled":false},"version":2}},"categories":[1,3,11],"tags":[],"class_list":["post-38272","post","type-post","status-publish","format-standard","has-post-thumbnail","hentry","category-noticias","category-politica","category-regional"],"acf":[],"jetpack_publicize_connections":[],"jetpack_featured_media_url":"https:\/\/i0.wp.com\/blogdoeloiltoncajuhy.com.br\/site\/wp-content\/uploads\/2019\/10\/PMJ_AtividadesOutubro.jpg?fit=1280%2C960&ssl=1","jetpack_sharing_enabled":true,"publishpress_future_workflow_manual_trigger":{"enabledWorkflows":[]},"_links":{"self":[{"href":"https:\/\/blogdoeloiltoncajuhy.com.br\/site\/wp-json\/wp\/v2\/posts\/38272","targetHints":{"allow":["GET"]}}],"collection":[{"href":"https:\/\/blogdoeloiltoncajuhy.com.br\/site\/wp-json\/wp\/v2\/posts"}],"about":[{"href":"https:\/\/blogdoeloiltoncajuhy.com.br\/site\/wp-json\/wp\/v2\/types\/post"}],"author":[{"embeddable":true,"href":"https:\/\/blogdoeloiltoncajuhy.com.br\/site\/wp-json\/wp\/v2\/users\/2"}],"replies":[{"embeddable":true,"href":"https:\/\/blogdoeloiltoncajuhy.com.br\/site\/wp-json\/wp\/v2\/comments?post=38272"}],"version-history":[{"count":1,"href":"https:\/\/blogdoeloiltoncajuhy.com.br\/site\/wp-json\/wp\/v2\/posts\/38272\/revisions"}],"predecessor-version":[{"id":38274,"href":"https:\/\/blogdoeloiltoncajuhy.com.br\/site\/wp-json\/wp\/v2\/posts\/38272\/revisions\/38274"}],"wp:featuredmedia":[{"embeddable":true,"href":"https:\/\/blogdoeloiltoncajuhy.com.br\/site\/wp-json\/wp\/v2\/media\/38273"}],"wp:attachment":[{"href":"https:\/\/blogdoeloiltoncajuhy.com.br\/site\/wp-json\/wp\/v2\/media?parent=38272"}],"wp:term":[{"taxonomy":"category","embeddable":true,"href":"https:\/\/blogdoeloiltoncajuhy.com.br\/site\/wp-json\/wp\/v2\/categories?post=38272"},{"taxonomy":"post_tag","embeddable":true,"href":"https:\/\/blogdoeloiltoncajuhy.com.br\/site\/wp-json\/wp\/v2\/tags?post=38272"}],"curies":[{"name":"wp","href":"https:\/\/api.w.org\/{rel}","templated":true}]}}