{"id":38270,"date":"2019-10-21T19:14:33","date_gmt":"2019-10-21T22:14:33","guid":{"rendered":"http:\/\/blogdoeloiltoncajuhy.com.br\/site\/?p=38270"},"modified":"2019-10-21T19:14:39","modified_gmt":"2019-10-21T22:14:39","slug":"projeto-de-lei-classifica-agentes-comunitarios-como-profissionais-da-saude","status":"publish","type":"post","link":"https:\/\/blogdoeloiltoncajuhy.com.br\/site\/projeto-de-lei-classifica-agentes-comunitarios-como-profissionais-da-saude\/","title":{"rendered":"Projeto de lei classifica agentes comunit\u00e1rios como profissionais da sa\u00fade"},"content":{"rendered":"\n<p><strong>Da R\u00e1dio C\u00e2mara, de Bras\u00edlia, Naum Gil\u00f3<\/strong><\/p>\n\n\n\n<div class=\"wp-block-image\"><figure class=\"aligncenter is-resized\"><img data-recalc-dims=\"1\" fetchpriority=\"high\" decoding=\"async\" src=\"https:\/\/i0.wp.com\/blogdoeloiltoncajuhy.com.br\/site\/wp-content\/uploads\/2019\/08\/AgentesQuice_01.jpg?resize=512%2C384\" alt=\"\" class=\"wp-image-36182\" width=\"512\" height=\"384\" srcset=\"https:\/\/i0.wp.com\/blogdoeloiltoncajuhy.com.br\/site\/wp-content\/uploads\/2019\/08\/AgentesQuice_01.jpg?resize=1024%2C768&amp;ssl=1 1024w, https:\/\/i0.wp.com\/blogdoeloiltoncajuhy.com.br\/site\/wp-content\/uploads\/2019\/08\/AgentesQuice_01.jpg?resize=300%2C225&amp;ssl=1 300w, https:\/\/i0.wp.com\/blogdoeloiltoncajuhy.com.br\/site\/wp-content\/uploads\/2019\/08\/AgentesQuice_01.jpg?resize=768%2C576&amp;ssl=1 768w, https:\/\/i0.wp.com\/blogdoeloiltoncajuhy.com.br\/site\/wp-content\/uploads\/2019\/08\/AgentesQuice_01.jpg?resize=250%2C188&amp;ssl=1 250w, https:\/\/i0.wp.com\/blogdoeloiltoncajuhy.com.br\/site\/wp-content\/uploads\/2019\/08\/AgentesQuice_01.jpg?w=1040&amp;ssl=1 1040w\" sizes=\"(max-width: 512px) 100vw, 512px\" \/><\/figure><\/div>\n\n\n\n<p>A Constitui\u00e7\u00e3o Federal pro\u00edbe que uma pessoa tenha mais de um cargo p\u00fablico remunerado, exceto nos casos de professores e profissionais da sa\u00fade, e respeitados o teto de remunera\u00e7\u00e3o constitucional e as 40 horas semanais.<\/p>\n\n\n\n<p>Um projeto de lei (1802\/19) de autoria do deputado Afonso Florence, do PT da Bahia, classifica como profissionais da sa\u00fade os agentes comunit\u00e1rios de sa\u00fade e os agentes de combate \u00e0s endemias.<\/p>\n\n\n\n<p>Com a mudan\u00e7a proposta pelo texto, que j\u00e1 foi aprovado pelas comiss\u00f5es de Trabalho e de Seguridade Social da C\u00e2mara, esses profissionais poder\u00e3o acumular mais de um cargo no servi\u00e7o p\u00fablico.<\/p>\n\n\n\n<p>O relator do projeto, deputado Carlos Veras, do PT de Pernambuco, afirma que a proposta d\u00e1 mais seguran\u00e7a jur\u00eddica para os agentes. Segundo o deputado, n\u00e3o h\u00e1 d\u00favidas de que esses agentes s\u00e3o profissionais da sa\u00fade.<\/p>\n\n\n\n<p><em>\u201cApesar de j\u00e1 serem profissionais de sa\u00fade, com carreiras regulamentadas, agentes j\u00e1 foram alvo de processos administrativos para obrigar a escolher um \u00fanico cargo na \u00e1rea. O PL vem para p\u00f4r fim a esses questionamentos. A medida traz mais clareza \u00e0 legisla\u00e7\u00e3o das carreiras de agentes comunit\u00e1rios de sa\u00fade e de agentes de combate \u00e0s endemias\u201d<\/em>.<\/p>\n\n\n\n<p>De acordo com a presidente da Confedera\u00e7\u00e3o Nacional de Agentes Comunit\u00e1rios de Sa\u00fade, Ilda Ang\u00e9lica, existem, no Brasil, cerca de 300 mil agentes comunit\u00e1rios de sa\u00fade e 102 mil agentes de combate a endemias.<\/p>\n\n\n\n<p>Ilda diz que o projeto \u00e9 muito bem-vindo para a categoria, apesar de a profiss\u00e3o j\u00e1 ser regulamentada por lei (11.350\/06). <em>\u201cPorque, segundo os tribunais de contas dos estados e munic\u00edpios, eles ainda n\u00e3o reconhecem os agentes comunit\u00e1rios de sa\u00fade como profissionais da sa\u00fade\u201d<\/em>.<\/p>\n\n\n\n<p>Ainda segundo Ilda Ang\u00e9lica, muitos agentes s\u00e3o formados em outras profiss\u00f5es definidas em lei, como t\u00e9cnicos em enfermagem.<\/p>\n\n\n\n<p>O projeto de lei que classifica os agentes comunit\u00e1rios de sa\u00fade e os agentes de combate a endemias como profissionais da sa\u00fade ainda precisa ser analisado pela Comiss\u00e3o de Constitui\u00e7\u00e3o e Justi\u00e7a.<\/p>\n","protected":false},"excerpt":{"rendered":"<p>Da R\u00e1dio C\u00e2mara, de Bras\u00edlia, Naum Gil\u00f3 A Constitui\u00e7\u00e3o Federal pro\u00edbe que uma pessoa tenha mais de um cargo p\u00fablico remunerado, exceto nos casos de professores e profissionais da sa\u00fade, e respeitados o teto de remunera\u00e7\u00e3o constitucional e as 40 horas semanais. Um projeto de lei (1802\/19) de autoria do deputado Afonso Florence, do PT [&hellip;]<\/p>\n","protected":false},"author":2,"featured_media":0,"comment_status":"open","ping_status":"open","sticky":false,"template":"","format":"standard","meta":{"_acf_changed":false,"_monsterinsights_skip_tracking":false,"_monsterinsights_sitenote_active":false,"_monsterinsights_sitenote_note":"","_monsterinsights_sitenote_category":0,"_jetpack_memberships_contains_paid_content":false,"footnotes":"","jetpack_publicize_message":"","jetpack_publicize_feature_enabled":true,"jetpack_social_post_already_shared":true,"jetpack_social_options":{"image_generator_settings":{"template":"highway","default_image_id":0,"font":"","enabled":false},"version":2}},"categories":[1,7],"tags":[],"class_list":["post-38270","post","type-post","status-publish","format-standard","hentry","category-noticias","category-saude"],"acf":[],"jetpack_publicize_connections":[],"jetpack_featured_media_url":"","jetpack_sharing_enabled":true,"publishpress_future_workflow_manual_trigger":{"enabledWorkflows":[]},"_links":{"self":[{"href":"https:\/\/blogdoeloiltoncajuhy.com.br\/site\/wp-json\/wp\/v2\/posts\/38270","targetHints":{"allow":["GET"]}}],"collection":[{"href":"https:\/\/blogdoeloiltoncajuhy.com.br\/site\/wp-json\/wp\/v2\/posts"}],"about":[{"href":"https:\/\/blogdoeloiltoncajuhy.com.br\/site\/wp-json\/wp\/v2\/types\/post"}],"author":[{"embeddable":true,"href":"https:\/\/blogdoeloiltoncajuhy.com.br\/site\/wp-json\/wp\/v2\/users\/2"}],"replies":[{"embeddable":true,"href":"https:\/\/blogdoeloiltoncajuhy.com.br\/site\/wp-json\/wp\/v2\/comments?post=38270"}],"version-history":[{"count":1,"href":"https:\/\/blogdoeloiltoncajuhy.com.br\/site\/wp-json\/wp\/v2\/posts\/38270\/revisions"}],"predecessor-version":[{"id":38271,"href":"https:\/\/blogdoeloiltoncajuhy.com.br\/site\/wp-json\/wp\/v2\/posts\/38270\/revisions\/38271"}],"wp:attachment":[{"href":"https:\/\/blogdoeloiltoncajuhy.com.br\/site\/wp-json\/wp\/v2\/media?parent=38270"}],"wp:term":[{"taxonomy":"category","embeddable":true,"href":"https:\/\/blogdoeloiltoncajuhy.com.br\/site\/wp-json\/wp\/v2\/categories?post=38270"},{"taxonomy":"post_tag","embeddable":true,"href":"https:\/\/blogdoeloiltoncajuhy.com.br\/site\/wp-json\/wp\/v2\/tags?post=38270"}],"curies":[{"name":"wp","href":"https:\/\/api.w.org\/{rel}","templated":true}]}}