{"id":38267,"date":"2019-10-21T15:58:19","date_gmt":"2019-10-21T18:58:19","guid":{"rendered":"http:\/\/blogdoeloiltoncajuhy.com.br\/site\/?p=38267"},"modified":"2019-10-21T15:58:26","modified_gmt":"2019-10-21T18:58:26","slug":"mulher-morta-a-facadas-em-salvador-ja-havia-denunciado-ex-marido-e-tinha-medida-protetiva-contra-ele","status":"publish","type":"post","link":"https:\/\/blogdoeloiltoncajuhy.com.br\/site\/mulher-morta-a-facadas-em-salvador-ja-havia-denunciado-ex-marido-e-tinha-medida-protetiva-contra-ele\/","title":{"rendered":"Mulher morta a facadas em Salvador j\u00e1 havia denunciado ex-marido e tinha medida protetiva contra ele"},"content":{"rendered":"\n<h5 class=\"wp-block-heading\" style=\"text-align:center\"><em>Corpo da v\u00edtima foi enterrado nesta segunda-feira (21), em Sim\u00f5es Filho. Suspeito \u00e9 procurado pela pol\u00edcia<\/em><\/h5>\n\n\n\n<p><strong>Por G1 BA<\/strong><\/p>\n\n\n\n<div class=\"wp-block-image\"><figure class=\"aligncenter\"><img data-recalc-dims=\"1\" fetchpriority=\"high\" decoding=\"async\" width=\"600\" height=\"450\" src=\"https:\/\/i0.wp.com\/blogdoeloiltoncajuhy.com.br\/site\/wp-content\/uploads\/2019\/10\/SuseBonfim.jpeg?resize=600%2C450\" alt=\"\" class=\"wp-image-38268\" srcset=\"https:\/\/i0.wp.com\/blogdoeloiltoncajuhy.com.br\/site\/wp-content\/uploads\/2019\/10\/SuseBonfim.jpeg?w=600&amp;ssl=1 600w, https:\/\/i0.wp.com\/blogdoeloiltoncajuhy.com.br\/site\/wp-content\/uploads\/2019\/10\/SuseBonfim.jpeg?resize=300%2C225&amp;ssl=1 300w, https:\/\/i0.wp.com\/blogdoeloiltoncajuhy.com.br\/site\/wp-content\/uploads\/2019\/10\/SuseBonfim.jpeg?resize=250%2C188&amp;ssl=1 250w\" sizes=\"(max-width: 600px) 100vw, 600px\" \/><figcaption><em>Corpo de mulher morta a facadas pelo ex-marido foi enterrado em Sim\u00f5es Filho, regi\u00e3o metropolitana da capital \u2014 Foto: Raphael Marques\/TV Bahia<\/em><\/figcaption><\/figure><\/div>\n\n\n\n<p>A mulher que foi morta a golpes de faca, no bairro de Paripe, em Salvador, j\u00e1 havia denunciado o ex-companheiro \u2013 suspeito do crime \u2013 por tentativa de feminic\u00eddio e tinha uma medida protetiva de urg\u00eancia contra ele.<\/p>\n\n\n\n<p>A audi\u00eancia do caso havia sido marcada para julho de 2020, mas <strong>Suse Bonfim<\/strong> foi morta no domingo (20). O corpo dela foi enterrado nesta segunda-feira (21), em Sim\u00f5es Filho, regi\u00e3o metropolitana da capital.<\/p>\n\n\n\n<p>A primeira tentativa de feminic\u00eddio, tamb\u00e9m a facadas, foi em janeiro deste ano. Suse procurou a Delegacia Especial de Atendimento \u00e0 Mulher (Deam) do bairro de Brotas, onde o caso foi registrado. A filha da v\u00edtima contou que, na \u00e9poca do crime, <strong>Jorge Dias da Rocha<\/strong> chegou a ser preso em flagrante, mas depois foi liberado.<\/p>\n\n\n\n<p>Em junho deste ano, o Minist\u00e9rio P\u00fablico do Estado da Bahia (MP-BA) moveu um processo contra Jorge, suspeito do crime. No documento consta que ele, ex-marido da v\u00edtima, respondia a medidas cautelares por tentar matar Suse, como manter endere\u00e7o atualizado na Justi\u00e7a.<\/p>\n\n\n\n<p>No site do Tribunal de Justi\u00e7a consta que, depois que Jorge foi solto, o auto de pris\u00e3o em flagrante dele foi transformado em medida protetiva de urg\u00eancia, ap\u00f3s pedido da Deam.<\/p>\n\n\n\n<p>Ainda na documenta\u00e7\u00e3o, a Justi\u00e7a determinou que ele se afastasse do im\u00f3vel onde moravam, para que ela pudesse alugar a casa, porque n\u00e3o se sentia segura para voltar a viver na resid\u00eancia.<\/p>\n\n\n\n<p>Neste domingo (20), a v\u00edtima foi novamente atacada pelo ex-companheiro. Ela chegou a ser socorrida para o Hospital do Sub\u00farbio, mas n\u00e3o resistiu aos ferimentos. Dois vizinhos de Suse, que tentaram conter as agress\u00f5es de Jorge tamb\u00e9m ficaram feridos.<\/p>\n\n\n\n<p>Eles tamb\u00e9m foram levados para o hospital, e o estado de sa\u00fade dos dois n\u00e3o foi divulgado. Jorge Dias fugiu logo ap\u00f3s o crime e \u00e9 procurado pela pol\u00edcia.<\/p>\n\n\n\n<p>Agora, o caso \u00e9 investigado pelo Departamento de Homic\u00eddios e Prote\u00e7\u00e3o \u00e0 Pessoa (DHPP).<\/p>\n","protected":false},"excerpt":{"rendered":"<p>Corpo da v\u00edtima foi enterrado nesta segunda-feira (21), em Sim\u00f5es Filho. Suspeito \u00e9 procurado pela pol\u00edcia Por G1 BA A mulher que foi morta a golpes de faca, no bairro de Paripe, em Salvador, j\u00e1 havia denunciado o ex-companheiro \u2013 suspeito do crime \u2013 por tentativa de feminic\u00eddio e tinha uma medida protetiva de urg\u00eancia [&hellip;]<\/p>\n","protected":false},"author":2,"featured_media":38268,"comment_status":"open","ping_status":"open","sticky":false,"template":"","format":"standard","meta":{"_acf_changed":false,"_monsterinsights_skip_tracking":false,"_monsterinsights_sitenote_active":false,"_monsterinsights_sitenote_note":"","_monsterinsights_sitenote_category":0,"_jetpack_memberships_contains_paid_content":false,"footnotes":"","jetpack_publicize_message":"","jetpack_publicize_feature_enabled":true,"jetpack_social_post_already_shared":true,"jetpack_social_options":{"image_generator_settings":{"template":"highway","default_image_id":0,"font":"","enabled":false},"version":2}},"categories":[5,1],"tags":[],"class_list":["post-38267","post","type-post","status-publish","format-standard","has-post-thumbnail","hentry","category-cotidiano","category-noticias"],"acf":[],"jetpack_publicize_connections":[],"jetpack_featured_media_url":"https:\/\/i0.wp.com\/blogdoeloiltoncajuhy.com.br\/site\/wp-content\/uploads\/2019\/10\/SuseBonfim.jpeg?fit=600%2C450&ssl=1","jetpack_sharing_enabled":true,"publishpress_future_workflow_manual_trigger":{"enabledWorkflows":[]},"_links":{"self":[{"href":"https:\/\/blogdoeloiltoncajuhy.com.br\/site\/wp-json\/wp\/v2\/posts\/38267","targetHints":{"allow":["GET"]}}],"collection":[{"href":"https:\/\/blogdoeloiltoncajuhy.com.br\/site\/wp-json\/wp\/v2\/posts"}],"about":[{"href":"https:\/\/blogdoeloiltoncajuhy.com.br\/site\/wp-json\/wp\/v2\/types\/post"}],"author":[{"embeddable":true,"href":"https:\/\/blogdoeloiltoncajuhy.com.br\/site\/wp-json\/wp\/v2\/users\/2"}],"replies":[{"embeddable":true,"href":"https:\/\/blogdoeloiltoncajuhy.com.br\/site\/wp-json\/wp\/v2\/comments?post=38267"}],"version-history":[{"count":1,"href":"https:\/\/blogdoeloiltoncajuhy.com.br\/site\/wp-json\/wp\/v2\/posts\/38267\/revisions"}],"predecessor-version":[{"id":38269,"href":"https:\/\/blogdoeloiltoncajuhy.com.br\/site\/wp-json\/wp\/v2\/posts\/38267\/revisions\/38269"}],"wp:featuredmedia":[{"embeddable":true,"href":"https:\/\/blogdoeloiltoncajuhy.com.br\/site\/wp-json\/wp\/v2\/media\/38268"}],"wp:attachment":[{"href":"https:\/\/blogdoeloiltoncajuhy.com.br\/site\/wp-json\/wp\/v2\/media?parent=38267"}],"wp:term":[{"taxonomy":"category","embeddable":true,"href":"https:\/\/blogdoeloiltoncajuhy.com.br\/site\/wp-json\/wp\/v2\/categories?post=38267"},{"taxonomy":"post_tag","embeddable":true,"href":"https:\/\/blogdoeloiltoncajuhy.com.br\/site\/wp-json\/wp\/v2\/tags?post=38267"}],"curies":[{"name":"wp","href":"https:\/\/api.w.org\/{rel}","templated":true}]}}