{"id":38264,"date":"2019-10-21T15:45:43","date_gmt":"2019-10-21T18:45:43","guid":{"rendered":"http:\/\/blogdoeloiltoncajuhy.com.br\/site\/?p=38264"},"modified":"2019-10-21T15:45:49","modified_gmt":"2019-10-21T18:45:49","slug":"servidores-de-jaguarari-representam-o-municipio-em-evento-do-governo-do-estado","status":"publish","type":"post","link":"https:\/\/blogdoeloiltoncajuhy.com.br\/site\/servidores-de-jaguarari-representam-o-municipio-em-evento-do-governo-do-estado\/","title":{"rendered":"Servidores de Jaguarari representam o munic\u00edpio em evento do governo do estado"},"content":{"rendered":"\n<p><strong>ASCOM &#8211; Prefeitura de Jaguarari-BA<\/strong><\/p>\n\n\n\n<div class=\"wp-block-image\"><figure class=\"aligncenter is-resized\"><img fetchpriority=\"high\" decoding=\"async\" src=\"https:\/\/i1.wp.com\/blogdoeloiltoncajuhy.com.br\/site\/wp-content\/uploads\/2019\/10\/PMJ_EncontroGE.jpg?fit=590%2C443\" alt=\"\" class=\"wp-image-38265\" width=\"357\" height=\"269\" srcset=\"https:\/\/i0.wp.com\/blogdoeloiltoncajuhy.com.br\/site\/wp-content\/uploads\/2019\/10\/PMJ_EncontroGE.jpg?w=1024&amp;ssl=1 1024w, https:\/\/i0.wp.com\/blogdoeloiltoncajuhy.com.br\/site\/wp-content\/uploads\/2019\/10\/PMJ_EncontroGE.jpg?resize=300%2C225&amp;ssl=1 300w, https:\/\/i0.wp.com\/blogdoeloiltoncajuhy.com.br\/site\/wp-content\/uploads\/2019\/10\/PMJ_EncontroGE.jpg?resize=768%2C576&amp;ssl=1 768w, https:\/\/i0.wp.com\/blogdoeloiltoncajuhy.com.br\/site\/wp-content\/uploads\/2019\/10\/PMJ_EncontroGE.jpg?resize=250%2C188&amp;ssl=1 250w\" sizes=\"(max-width: 357px) 100vw, 357px\" \/><\/figure><\/div>\n\n\n\n<p>Na ultima quarta-feira (16), membros da Secretaria de Desenvolvimento Social de Jaguarari participaram do projeto Novos Olhares, Novos Tempos organizado pela Secretaria Estadual de Pol\u00edticas para as Mulheres, que teve como objetivo discutir e fortalecer os projetos e pol\u00edticas para mulheres no Territ\u00f3rio de Identidade Piemonte Norte do Itapicuru.<\/p>\n\n\n\n<p>Representaram o munic\u00edpio, a Diretora de Prote\u00e7\u00e3o Social Especial, N\u00fabia Requi\u00e3o, a Diretora de Promo\u00e7\u00e3o do Direito da Crian\u00e7a e do Adolescente, Rosa Maria, a Coordenadora do CRAS Pilar, Ana Cristina, e o Assistente Social, Leandro Feitosa.<\/p>\n","protected":false},"excerpt":{"rendered":"<p>ASCOM &#8211; Prefeitura de Jaguarari-BA Na ultima quarta-feira (16), membros da Secretaria de Desenvolvimento Social de Jaguarari participaram do projeto Novos Olhares, Novos Tempos organizado pela Secretaria Estadual de Pol\u00edticas para as Mulheres, que teve como objetivo discutir e fortalecer os projetos e pol\u00edticas para mulheres no Territ\u00f3rio de Identidade Piemonte Norte do Itapicuru. Representaram [&hellip;]<\/p>\n","protected":false},"author":2,"featured_media":38265,"comment_status":"open","ping_status":"open","sticky":false,"template":"","format":"standard","meta":{"_acf_changed":false,"_monsterinsights_skip_tracking":false,"_monsterinsights_sitenote_active":false,"_monsterinsights_sitenote_note":"","_monsterinsights_sitenote_category":0,"_jetpack_memberships_contains_paid_content":false,"footnotes":"","jetpack_publicize_message":"","jetpack_publicize_feature_enabled":true,"jetpack_social_post_already_shared":true,"jetpack_social_options":{"image_generator_settings":{"template":"highway","default_image_id":0,"font":"","enabled":false},"version":2}},"categories":[1,11],"tags":[],"class_list":["post-38264","post","type-post","status-publish","format-standard","has-post-thumbnail","hentry","category-noticias","category-regional"],"acf":[],"jetpack_publicize_connections":[],"jetpack_featured_media_url":"https:\/\/i0.wp.com\/blogdoeloiltoncajuhy.com.br\/site\/wp-content\/uploads\/2019\/10\/PMJ_EncontroGE.jpg?fit=1024%2C768&ssl=1","jetpack_sharing_enabled":true,"publishpress_future_workflow_manual_trigger":{"enabledWorkflows":[]},"_links":{"self":[{"href":"https:\/\/blogdoeloiltoncajuhy.com.br\/site\/wp-json\/wp\/v2\/posts\/38264","targetHints":{"allow":["GET"]}}],"collection":[{"href":"https:\/\/blogdoeloiltoncajuhy.com.br\/site\/wp-json\/wp\/v2\/posts"}],"about":[{"href":"https:\/\/blogdoeloiltoncajuhy.com.br\/site\/wp-json\/wp\/v2\/types\/post"}],"author":[{"embeddable":true,"href":"https:\/\/blogdoeloiltoncajuhy.com.br\/site\/wp-json\/wp\/v2\/users\/2"}],"replies":[{"embeddable":true,"href":"https:\/\/blogdoeloiltoncajuhy.com.br\/site\/wp-json\/wp\/v2\/comments?post=38264"}],"version-history":[{"count":1,"href":"https:\/\/blogdoeloiltoncajuhy.com.br\/site\/wp-json\/wp\/v2\/posts\/38264\/revisions"}],"predecessor-version":[{"id":38266,"href":"https:\/\/blogdoeloiltoncajuhy.com.br\/site\/wp-json\/wp\/v2\/posts\/38264\/revisions\/38266"}],"wp:featuredmedia":[{"embeddable":true,"href":"https:\/\/blogdoeloiltoncajuhy.com.br\/site\/wp-json\/wp\/v2\/media\/38265"}],"wp:attachment":[{"href":"https:\/\/blogdoeloiltoncajuhy.com.br\/site\/wp-json\/wp\/v2\/media?parent=38264"}],"wp:term":[{"taxonomy":"category","embeddable":true,"href":"https:\/\/blogdoeloiltoncajuhy.com.br\/site\/wp-json\/wp\/v2\/categories?post=38264"},{"taxonomy":"post_tag","embeddable":true,"href":"https:\/\/blogdoeloiltoncajuhy.com.br\/site\/wp-json\/wp\/v2\/tags?post=38264"}],"curies":[{"name":"wp","href":"https:\/\/api.w.org\/{rel}","templated":true}]}}