{"id":38258,"date":"2019-10-21T10:47:31","date_gmt":"2019-10-21T13:47:31","guid":{"rendered":"http:\/\/blogdoeloiltoncajuhy.com.br\/site\/?p=38258"},"modified":"2019-10-21T10:47:37","modified_gmt":"2019-10-21T13:47:37","slug":"estudante-da-uneb-conquista-primeiro-lugar-em-jornada-de-iniciacao-cientifica","status":"publish","type":"post","link":"https:\/\/blogdoeloiltoncajuhy.com.br\/site\/estudante-da-uneb-conquista-primeiro-lugar-em-jornada-de-iniciacao-cientifica\/","title":{"rendered":"Estudante da UNEB conquista primeiro lugar em jornada de inicia\u00e7\u00e3o cient\u00edfica"},"content":{"rendered":"\n<p><strong>Lorena Simas<\/strong><br>Coordenadora do N\u00facleo de Assessoria de Comunica\u00e7\u00e3o (NAC-DEDC\/ UNEB)<\/p>\n\n\n\n<div class=\"wp-block-image\"><figure class=\"aligncenter is-resized\"><img fetchpriority=\"high\" decoding=\"async\" src=\"https:\/\/i0.wp.com\/blogdoeloiltoncajuhy.com.br\/site\/wp-content\/uploads\/2019\/10\/UnebIlanaDias.jpeg?fit=590%2C650\" alt=\"\" class=\"wp-image-38259\" width=\"371\" height=\"409\" srcset=\"https:\/\/i0.wp.com\/blogdoeloiltoncajuhy.com.br\/site\/wp-content\/uploads\/2019\/10\/UnebIlanaDias.jpeg?w=960&amp;ssl=1 960w, https:\/\/i0.wp.com\/blogdoeloiltoncajuhy.com.br\/site\/wp-content\/uploads\/2019\/10\/UnebIlanaDias.jpeg?resize=272%2C300&amp;ssl=1 272w, https:\/\/i0.wp.com\/blogdoeloiltoncajuhy.com.br\/site\/wp-content\/uploads\/2019\/10\/UnebIlanaDias.jpeg?resize=768%2C846&amp;ssl=1 768w, https:\/\/i0.wp.com\/blogdoeloiltoncajuhy.com.br\/site\/wp-content\/uploads\/2019\/10\/UnebIlanaDias.jpeg?resize=929%2C1024&amp;ssl=1 929w, https:\/\/i0.wp.com\/blogdoeloiltoncajuhy.com.br\/site\/wp-content\/uploads\/2019\/10\/UnebIlanaDias.jpeg?resize=227%2C250&amp;ssl=1 227w\" sizes=\"(max-width: 371px) 100vw, 371px\" \/><\/figure><\/div>\n\n\n\n<p>A estudante do curso de licenciatura em Ci\u00eancias Biol\u00f3gicas do Departamento de Educa\u00e7\u00e3o (DEDC), Campus VII da UNEB, <strong>Ilana Dias<\/strong>, <strong>conquistou o primeiro lugar na Jornada de Inicia\u00e7\u00e3o Cient\u00edfica da UNEB na \u00e1rea de Ci\u00eancias Biol\u00f3gicas<\/strong>. A premia\u00e7\u00e3o ocorreu na \u00faltima semana em Salvador-BA.<\/p>\n\n\n\n<p>O trabalho premiado foi <strong><em>\u201cCaracteriza\u00e7\u00e3o palinol\u00f3gica de m\u00e9is de Apis mellifera L. produzidos nos munic\u00edpios de Senhor do Bonfim e Iti\u00faba, Bahia\u201d<\/em><\/strong>. A pesquisa avalia o perfil bot\u00e2nico dos m\u00e9is produzidos na regi\u00e3o, buscando fornecer informa\u00e7\u00f5es aos apicultores sobre a composi\u00e7\u00e3o, per\u00edodos de flora\u00e7\u00e3o e fornecimento de recursos da flora utilizada pelas abelhas, e assim, favorecer a produ\u00e7\u00e3o de produtos ap\u00edcolas no territ\u00f3rio.<\/p>\n\n\n\n<p>A estudante, Ilana Dias, destacou que ganhar o pr\u00eamio de melhor trabalho na \u00e1rea de Ci\u00eancias Biol\u00f3gicas \u00e9 sin\u00f4nimo de dever cumprido. <em>\u201c\u00c9 ver o meu esfor\u00e7o, da minha orientadora Marileide Saba, e de todos os envolvidos no projeto, direta ou indiretamente, ser reconhecido, valorizado e celebrado. Num cen\u00e1rio em que a realiza\u00e7\u00e3o de pesquisas est\u00e1 sendo cada vez mais suprimida, manter-se resiliente e ser valorizado quanto \u00e0 relev\u00e2ncia da pesquisa \u00e9 fundamental para o crescimento do estudante e um ganho para o meio social\u201d<\/em>, afirmou Ilana.<\/p>\n\n\n\n<p><em>\u201cReconhe\u00e7o a minha responsabilidade de trazer novas contribui\u00e7\u00f5es n\u00e3o apenas para o meio cient\u00edfico, mas tamb\u00e9m a necessidade de retornar estas informa\u00e7\u00f5es para a sociedade, fazendo assim, a ponte entre a Universidade e a comunidade\u201d<\/em>, finalizou a estudante.<\/p>\n","protected":false},"excerpt":{"rendered":"<p>Lorena SimasCoordenadora do N\u00facleo de Assessoria de Comunica\u00e7\u00e3o (NAC-DEDC\/ UNEB) A estudante do curso de licenciatura em Ci\u00eancias Biol\u00f3gicas do Departamento de Educa\u00e7\u00e3o (DEDC), Campus VII da UNEB, Ilana Dias, conquistou o primeiro lugar na Jornada de Inicia\u00e7\u00e3o Cient\u00edfica da UNEB na \u00e1rea de Ci\u00eancias Biol\u00f3gicas. A premia\u00e7\u00e3o ocorreu na \u00faltima semana em Salvador-BA. O [&hellip;]<\/p>\n","protected":false},"author":2,"featured_media":38259,"comment_status":"open","ping_status":"open","sticky":false,"template":"","format":"standard","meta":{"_acf_changed":false,"_monsterinsights_skip_tracking":false,"_monsterinsights_sitenote_active":false,"_monsterinsights_sitenote_note":"","_monsterinsights_sitenote_category":0,"_jetpack_memberships_contains_paid_content":false,"footnotes":"","jetpack_publicize_message":"","jetpack_publicize_feature_enabled":true,"jetpack_social_post_already_shared":true,"jetpack_social_options":{"image_generator_settings":{"template":"highway","default_image_id":0,"font":"","enabled":false},"version":2}},"categories":[14,1,4],"tags":[],"class_list":["post-38258","post","type-post","status-publish","format-standard","has-post-thumbnail","hentry","category-educacao","category-noticias","category-local"],"acf":[],"jetpack_publicize_connections":[],"jetpack_featured_media_url":"https:\/\/i0.wp.com\/blogdoeloiltoncajuhy.com.br\/site\/wp-content\/uploads\/2019\/10\/UnebIlanaDias.jpeg?fit=960%2C1058&ssl=1","jetpack_sharing_enabled":true,"publishpress_future_workflow_manual_trigger":{"enabledWorkflows":[]},"_links":{"self":[{"href":"https:\/\/blogdoeloiltoncajuhy.com.br\/site\/wp-json\/wp\/v2\/posts\/38258","targetHints":{"allow":["GET"]}}],"collection":[{"href":"https:\/\/blogdoeloiltoncajuhy.com.br\/site\/wp-json\/wp\/v2\/posts"}],"about":[{"href":"https:\/\/blogdoeloiltoncajuhy.com.br\/site\/wp-json\/wp\/v2\/types\/post"}],"author":[{"embeddable":true,"href":"https:\/\/blogdoeloiltoncajuhy.com.br\/site\/wp-json\/wp\/v2\/users\/2"}],"replies":[{"embeddable":true,"href":"https:\/\/blogdoeloiltoncajuhy.com.br\/site\/wp-json\/wp\/v2\/comments?post=38258"}],"version-history":[{"count":1,"href":"https:\/\/blogdoeloiltoncajuhy.com.br\/site\/wp-json\/wp\/v2\/posts\/38258\/revisions"}],"predecessor-version":[{"id":38260,"href":"https:\/\/blogdoeloiltoncajuhy.com.br\/site\/wp-json\/wp\/v2\/posts\/38258\/revisions\/38260"}],"wp:featuredmedia":[{"embeddable":true,"href":"https:\/\/blogdoeloiltoncajuhy.com.br\/site\/wp-json\/wp\/v2\/media\/38259"}],"wp:attachment":[{"href":"https:\/\/blogdoeloiltoncajuhy.com.br\/site\/wp-json\/wp\/v2\/media?parent=38258"}],"wp:term":[{"taxonomy":"category","embeddable":true,"href":"https:\/\/blogdoeloiltoncajuhy.com.br\/site\/wp-json\/wp\/v2\/categories?post=38258"},{"taxonomy":"post_tag","embeddable":true,"href":"https:\/\/blogdoeloiltoncajuhy.com.br\/site\/wp-json\/wp\/v2\/tags?post=38258"}],"curies":[{"name":"wp","href":"https:\/\/api.w.org\/{rel}","templated":true}]}}