{"id":38252,"date":"2019-10-21T07:33:03","date_gmt":"2019-10-21T10:33:03","guid":{"rendered":"http:\/\/blogdoeloiltoncajuhy.com.br\/site\/?p=38252"},"modified":"2019-10-21T07:33:09","modified_gmt":"2019-10-21T10:33:09","slug":"corpo-e-encontrado-enterrado-de-cabeca-para-baixo-dentro-de-buraco-em-juazeiro","status":"publish","type":"post","link":"https:\/\/blogdoeloiltoncajuhy.com.br\/site\/corpo-e-encontrado-enterrado-de-cabeca-para-baixo-dentro-de-buraco-em-juazeiro\/","title":{"rendered":"Corpo \u00e9 encontrado enterrado de cabe\u00e7a para baixo dentro de buraco em Juazeiro"},"content":{"rendered":"\n<p><strong>Blog do Carlos Brito<\/strong><\/p>\n\n\n\n<div class=\"wp-block-image\"><figure class=\"aligncenter is-resized\"><img data-recalc-dims=\"1\" fetchpriority=\"high\" decoding=\"async\" src=\"https:\/\/i0.wp.com\/blogdoeloiltoncajuhy.com.br\/site\/wp-content\/uploads\/2018\/03\/policia_500x400.jpg?resize=350%2C262\" alt=\"\" class=\"wp-image-24026\" width=\"350\" height=\"262\" srcset=\"https:\/\/i0.wp.com\/blogdoeloiltoncajuhy.com.br\/site\/wp-content\/uploads\/2018\/03\/policia_500x400.jpg?w=259&amp;ssl=1 259w, https:\/\/i0.wp.com\/blogdoeloiltoncajuhy.com.br\/site\/wp-content\/uploads\/2018\/03\/policia_500x400.jpg?resize=250%2C187&amp;ssl=1 250w\" sizes=\"(max-width: 350px) 100vw, 350px\" \/><\/figure><\/div>\n\n\n\n<p>Um corpo foi encontrado enterrado de cabe\u00e7a para baixo dentro de um buraco na manh\u00e3 deste domingo (20), pr\u00f3ximo ao Residencial Brisa da Serra, em Juazeiro (BA). Segundo informa\u00e7\u00f5es, uma pessoa que passava pelo local viu os p\u00e9s da v\u00edtima \u2013 um homem, ainda n\u00e3o identificado \u2013 para fora do buraco.<\/p>\n\n\n\n<p>A \u00e1rea foi isolada e a per\u00edcia da Pol\u00edcia Civil (PC) foi acionada para averiguar o corpo, que j\u00e1 foi removido para o Departamento de Pol\u00edcia T\u00e9cnica (DPT). O caso ser\u00e1 investigado pela Pol\u00edcia Civil.<\/p>\n","protected":false},"excerpt":{"rendered":"<p>Blog do Carlos Brito Um corpo foi encontrado enterrado de cabe\u00e7a para baixo dentro de um buraco na manh\u00e3 deste domingo (20), pr\u00f3ximo ao Residencial Brisa da Serra, em Juazeiro (BA). Segundo informa\u00e7\u00f5es, uma pessoa que passava pelo local viu os p\u00e9s da v\u00edtima \u2013 um homem, ainda n\u00e3o identificado \u2013 para fora do buraco. [&hellip;]<\/p>\n","protected":false},"author":2,"featured_media":0,"comment_status":"open","ping_status":"open","sticky":false,"template":"","format":"standard","meta":{"_acf_changed":false,"_monsterinsights_skip_tracking":false,"_monsterinsights_sitenote_active":false,"_monsterinsights_sitenote_note":"","_monsterinsights_sitenote_category":0,"_jetpack_memberships_contains_paid_content":false,"footnotes":"","jetpack_publicize_message":"","jetpack_publicize_feature_enabled":true,"jetpack_social_post_already_shared":true,"jetpack_social_options":{"image_generator_settings":{"template":"highway","default_image_id":0,"font":"","enabled":false},"version":2}},"categories":[5,1],"tags":[],"class_list":["post-38252","post","type-post","status-publish","format-standard","hentry","category-cotidiano","category-noticias"],"acf":[],"jetpack_publicize_connections":[],"jetpack_featured_media_url":"","jetpack_sharing_enabled":true,"publishpress_future_workflow_manual_trigger":{"enabledWorkflows":[]},"_links":{"self":[{"href":"https:\/\/blogdoeloiltoncajuhy.com.br\/site\/wp-json\/wp\/v2\/posts\/38252","targetHints":{"allow":["GET"]}}],"collection":[{"href":"https:\/\/blogdoeloiltoncajuhy.com.br\/site\/wp-json\/wp\/v2\/posts"}],"about":[{"href":"https:\/\/blogdoeloiltoncajuhy.com.br\/site\/wp-json\/wp\/v2\/types\/post"}],"author":[{"embeddable":true,"href":"https:\/\/blogdoeloiltoncajuhy.com.br\/site\/wp-json\/wp\/v2\/users\/2"}],"replies":[{"embeddable":true,"href":"https:\/\/blogdoeloiltoncajuhy.com.br\/site\/wp-json\/wp\/v2\/comments?post=38252"}],"version-history":[{"count":1,"href":"https:\/\/blogdoeloiltoncajuhy.com.br\/site\/wp-json\/wp\/v2\/posts\/38252\/revisions"}],"predecessor-version":[{"id":38253,"href":"https:\/\/blogdoeloiltoncajuhy.com.br\/site\/wp-json\/wp\/v2\/posts\/38252\/revisions\/38253"}],"wp:attachment":[{"href":"https:\/\/blogdoeloiltoncajuhy.com.br\/site\/wp-json\/wp\/v2\/media?parent=38252"}],"wp:term":[{"taxonomy":"category","embeddable":true,"href":"https:\/\/blogdoeloiltoncajuhy.com.br\/site\/wp-json\/wp\/v2\/categories?post=38252"},{"taxonomy":"post_tag","embeddable":true,"href":"https:\/\/blogdoeloiltoncajuhy.com.br\/site\/wp-json\/wp\/v2\/tags?post=38252"}],"curies":[{"name":"wp","href":"https:\/\/api.w.org\/{rel}","templated":true}]}}