{"id":38244,"date":"2019-10-21T07:12:13","date_gmt":"2019-10-21T10:12:13","guid":{"rendered":"http:\/\/blogdoeloiltoncajuhy.com.br\/site\/?p=38244"},"modified":"2019-10-21T07:12:19","modified_gmt":"2019-10-21T10:12:19","slug":"esportes-palmeirinhas-e-campeao-bonfinense-sub-09-e-sub-11","status":"publish","type":"post","link":"https:\/\/blogdoeloiltoncajuhy.com.br\/site\/esportes-palmeirinhas-e-campeao-bonfinense-sub-09-e-sub-11\/","title":{"rendered":"ESPORTES: Palmeirinhas \u00e9 campe\u00e3o bonfinense Sub-09 e Sub-11"},"content":{"rendered":"\n<p><strong>BLOG DO ELOILTON CAJUHY<\/strong><\/p>\n\n\n\n<div class=\"wp-block-image\"><figure class=\"aligncenter\"><img data-recalc-dims=\"1\" fetchpriority=\"high\" decoding=\"async\" width=\"800\" height=\"533\" src=\"https:\/\/i0.wp.com\/blogdoeloiltoncajuhy.com.br\/site\/wp-content\/uploads\/2019\/10\/FinalSub09_2019-01.jpg?resize=800%2C533\" alt=\"\" class=\"wp-image-38245\" srcset=\"https:\/\/i0.wp.com\/blogdoeloiltoncajuhy.com.br\/site\/wp-content\/uploads\/2019\/10\/FinalSub09_2019-01.jpg?w=960&amp;ssl=1 960w, https:\/\/i0.wp.com\/blogdoeloiltoncajuhy.com.br\/site\/wp-content\/uploads\/2019\/10\/FinalSub09_2019-01.jpg?resize=300%2C200&amp;ssl=1 300w, https:\/\/i0.wp.com\/blogdoeloiltoncajuhy.com.br\/site\/wp-content\/uploads\/2019\/10\/FinalSub09_2019-01.jpg?resize=768%2C512&amp;ssl=1 768w, https:\/\/i0.wp.com\/blogdoeloiltoncajuhy.com.br\/site\/wp-content\/uploads\/2019\/10\/FinalSub09_2019-01.jpg?resize=250%2C167&amp;ssl=1 250w\" sizes=\"(max-width: 800px) 100vw, 800px\" \/><figcaption><em>Foto: J\u00e9ferson Ribeiro \/ Ascom Prefeitura de Senhor do Bonfim<\/em><\/figcaption><\/figure><\/div>\n\n\n\n<p>Com a Arena Cigan\u00e3o lotada, Palmeirinhas Jovem e Estrela Bonfinense decidiram neste domingo (20), o Campeonato Bonfinense das categorias Sub-09 e Sub-11.<\/p>\n\n\n\n<p>O Palmeirinhas levantou a ta\u00e7a nas duas categorias. No primeiro jogo, pela Sub-09, venceu por 4 x 1. No segundo, categoria Sub-11, vit\u00f3ria por 2 x 1.<\/p>\n\n\n\n<p>Ap\u00f3s os jogos, as equipes e os destaques do campeonato receberam trof\u00e9us e medalhas oferecidos pela Associa\u00e7\u00e3o Bonfinense das Divis\u00f5es de Base e Prefeitura de Senhor do Bonfim, atrav\u00e9s da Secretaria de Desenvolvimento Econ\u00f4mico, Turismo e Esporte (Sedete).<\/p>\n\n\n\n<p>O ponto alto da entrega da premia\u00e7\u00e3o, foi a atitude solid\u00e1ria do atleta Helcinho, capit\u00e3o da equipe Sub-09 do Palmeirinhas Jovem, que decidiu prestar uma homenagem ao saudoso advogado Dr. C\u00edcero Alberto, falecido recentemente.<\/p>\n\n\n\n<p>Ap\u00f3s receber o trof\u00e9u de campe\u00e3o, Helcinho chamou seu colega de equipe, Heitor, filho de Dr. C\u00edcero, e passou para ele a faixa de capit\u00e3o e o trof\u00e9u, como gesto de solidariedade ao companheiro de time que perdeu seu pai no \u00faltimo dia 27 de setembro. O gesto do garoto de 9 anos, arrancou aplausos e l\u00e1grimas dos presentes.<\/p>\n\n\n\n<div class=\"wp-block-image\"><figure class=\"aligncenter\"><img data-recalc-dims=\"1\" decoding=\"async\" width=\"800\" height=\"533\" src=\"https:\/\/i0.wp.com\/blogdoeloiltoncajuhy.com.br\/site\/wp-content\/uploads\/2019\/10\/FinalSub11_Helcinho.jpg?resize=800%2C533\" alt=\"\" class=\"wp-image-38246\" srcset=\"https:\/\/i0.wp.com\/blogdoeloiltoncajuhy.com.br\/site\/wp-content\/uploads\/2019\/10\/FinalSub11_Helcinho.jpg?w=960&amp;ssl=1 960w, https:\/\/i0.wp.com\/blogdoeloiltoncajuhy.com.br\/site\/wp-content\/uploads\/2019\/10\/FinalSub11_Helcinho.jpg?resize=300%2C200&amp;ssl=1 300w, https:\/\/i0.wp.com\/blogdoeloiltoncajuhy.com.br\/site\/wp-content\/uploads\/2019\/10\/FinalSub11_Helcinho.jpg?resize=768%2C512&amp;ssl=1 768w, https:\/\/i0.wp.com\/blogdoeloiltoncajuhy.com.br\/site\/wp-content\/uploads\/2019\/10\/FinalSub11_Helcinho.jpg?resize=250%2C167&amp;ssl=1 250w\" sizes=\"(max-width: 800px) 100vw, 800px\" \/><figcaption><em>Helcinho entrega o trof\u00e9u a Heitor (Foto: J\u00e9ferson Ribeiro &#8211; Ascom Prefeitura de Senhor do Bonfim<\/em><\/figcaption><\/figure><\/div>\n","protected":false},"excerpt":{"rendered":"<p>BLOG DO ELOILTON CAJUHY Com a Arena Cigan\u00e3o lotada, Palmeirinhas Jovem e Estrela Bonfinense decidiram neste domingo (20), o Campeonato Bonfinense das categorias Sub-09 e Sub-11. O Palmeirinhas levantou a ta\u00e7a nas duas categorias. No primeiro jogo, pela Sub-09, venceu por 4 x 1. No segundo, categoria Sub-11, vit\u00f3ria por 2 x 1. Ap\u00f3s os [&hellip;]<\/p>\n","protected":false},"author":2,"featured_media":38246,"comment_status":"open","ping_status":"open","sticky":false,"template":"","format":"standard","meta":{"_acf_changed":false,"_monsterinsights_skip_tracking":false,"_monsterinsights_sitenote_active":false,"_monsterinsights_sitenote_note":"","_monsterinsights_sitenote_category":0,"_jetpack_memberships_contains_paid_content":false,"footnotes":"","jetpack_publicize_message":"","jetpack_publicize_feature_enabled":true,"jetpack_social_post_already_shared":true,"jetpack_social_options":{"image_generator_settings":{"template":"highway","default_image_id":0,"font":"","enabled":false},"version":2}},"categories":[6,1,4],"tags":[],"class_list":["post-38244","post","type-post","status-publish","format-standard","has-post-thumbnail","hentry","category-esportes","category-noticias","category-local"],"acf":[],"jetpack_publicize_connections":[],"jetpack_featured_media_url":"https:\/\/i0.wp.com\/blogdoeloiltoncajuhy.com.br\/site\/wp-content\/uploads\/2019\/10\/FinalSub11_Helcinho.jpg?fit=960%2C640&ssl=1","jetpack_sharing_enabled":true,"publishpress_future_workflow_manual_trigger":{"enabledWorkflows":[]},"_links":{"self":[{"href":"https:\/\/blogdoeloiltoncajuhy.com.br\/site\/wp-json\/wp\/v2\/posts\/38244","targetHints":{"allow":["GET"]}}],"collection":[{"href":"https:\/\/blogdoeloiltoncajuhy.com.br\/site\/wp-json\/wp\/v2\/posts"}],"about":[{"href":"https:\/\/blogdoeloiltoncajuhy.com.br\/site\/wp-json\/wp\/v2\/types\/post"}],"author":[{"embeddable":true,"href":"https:\/\/blogdoeloiltoncajuhy.com.br\/site\/wp-json\/wp\/v2\/users\/2"}],"replies":[{"embeddable":true,"href":"https:\/\/blogdoeloiltoncajuhy.com.br\/site\/wp-json\/wp\/v2\/comments?post=38244"}],"version-history":[{"count":1,"href":"https:\/\/blogdoeloiltoncajuhy.com.br\/site\/wp-json\/wp\/v2\/posts\/38244\/revisions"}],"predecessor-version":[{"id":38247,"href":"https:\/\/blogdoeloiltoncajuhy.com.br\/site\/wp-json\/wp\/v2\/posts\/38244\/revisions\/38247"}],"wp:featuredmedia":[{"embeddable":true,"href":"https:\/\/blogdoeloiltoncajuhy.com.br\/site\/wp-json\/wp\/v2\/media\/38246"}],"wp:attachment":[{"href":"https:\/\/blogdoeloiltoncajuhy.com.br\/site\/wp-json\/wp\/v2\/media?parent=38244"}],"wp:term":[{"taxonomy":"category","embeddable":true,"href":"https:\/\/blogdoeloiltoncajuhy.com.br\/site\/wp-json\/wp\/v2\/categories?post=38244"},{"taxonomy":"post_tag","embeddable":true,"href":"https:\/\/blogdoeloiltoncajuhy.com.br\/site\/wp-json\/wp\/v2\/tags?post=38244"}],"curies":[{"name":"wp","href":"https:\/\/api.w.org\/{rel}","templated":true}]}}