{"id":38235,"date":"2019-10-20T21:21:52","date_gmt":"2019-10-21T00:21:52","guid":{"rendered":"http:\/\/blogdoeloiltoncajuhy.com.br\/site\/?p=38235"},"modified":"2019-10-20T21:21:59","modified_gmt":"2019-10-21T00:21:59","slug":"primeira-missa-a-santa-dulce-dos-pobres-no-brasil-leva-milhares-de-fieis-a-arena-fonte-nova-em-salvador","status":"publish","type":"post","link":"https:\/\/blogdoeloiltoncajuhy.com.br\/site\/primeira-missa-a-santa-dulce-dos-pobres-no-brasil-leva-milhares-de-fieis-a-arena-fonte-nova-em-salvador\/","title":{"rendered":"Primeira missa a Santa Dulce dos Pobres no Brasil leva milhares de fi\u00e9is \u00e0 Arena Fonte Nova em Salvador"},"content":{"rendered":"\n<h5 class=\"wp-block-heading\" style=\"text-align:center\"><em>Primeira celebra\u00e7\u00e3o ao Anjo Bom da Bahia contou com a participa\u00e7\u00e3o de 49 mil pessoas<\/em><\/h5>\n\n\n\n<p><strong>Por Itana Alencar, G1 BA<\/strong><\/p>\n\n\n\n<div class=\"wp-block-image\"><figure class=\"aligncenter is-resized\"><img fetchpriority=\"high\" decoding=\"async\" src=\"https:\/\/i0.wp.com\/blogdoeloiltoncajuhy.com.br\/site\/wp-content\/uploads\/2019\/10\/santa-dulce-21.jpeg?fit=590%2C394\" alt=\"\" class=\"wp-image-38236\" width=\"590\" height=\"393\" srcset=\"https:\/\/i0.wp.com\/blogdoeloiltoncajuhy.com.br\/site\/wp-content\/uploads\/2019\/10\/santa-dulce-21.jpeg?w=1344&amp;ssl=1 1344w, https:\/\/i0.wp.com\/blogdoeloiltoncajuhy.com.br\/site\/wp-content\/uploads\/2019\/10\/santa-dulce-21.jpeg?resize=300%2C200&amp;ssl=1 300w, https:\/\/i0.wp.com\/blogdoeloiltoncajuhy.com.br\/site\/wp-content\/uploads\/2019\/10\/santa-dulce-21.jpeg?resize=768%2C512&amp;ssl=1 768w, https:\/\/i0.wp.com\/blogdoeloiltoncajuhy.com.br\/site\/wp-content\/uploads\/2019\/10\/santa-dulce-21.jpeg?resize=1024%2C683&amp;ssl=1 1024w, https:\/\/i0.wp.com\/blogdoeloiltoncajuhy.com.br\/site\/wp-content\/uploads\/2019\/10\/santa-dulce-21.jpeg?resize=250%2C167&amp;ssl=1 250w\" sizes=\"(max-width: 590px) 100vw, 590px\" \/><figcaption><em>Mais de 49 mil pessoas acompanham missa a Santa Dulce dos Pobres \u2014 Foto: Daniele Rodrigues\/G1<\/em><\/figcaption><\/figure><\/div>\n\n\n\n<p>A primeira cerim\u00f4nia de homenagem a Santa Dulce dos Pobres no Brasil foi realizada neste domingo (20), com a presen\u00e7a de 49 mil pessoas, na Arena Fonte Nova, em Salvador. A programa\u00e7\u00e3o contou com missa, espet\u00e1culo teatral sobre a vida da santa e atra\u00e7\u00f5es musicais. Irm\u00e3 Dulce foi canonizada no \u00faltimo domingo (13), no Vaticano.<\/p>\n\n\n\n<p>O p\u00fablico se concentrou nos arredores da arena ainda por volta das 9h, cerca de 3h antes dos port\u00f5es abrirem, ao meio-dia. Uma fila gigantesca se formou para aguardar a entrada no est\u00e1dio, enquanto os term\u00f4metros marcavam 30 graus.<\/p>\n\n\n\n<div class=\"wp-block-image\"><figure class=\"aligncenter is-resized\"><img decoding=\"async\" src=\"https:\/\/i1.wp.com\/blogdoeloiltoncajuhy.com.br\/site\/wp-content\/uploads\/2019\/10\/santa-dulce-37.jpeg?fit=590%2C394\" alt=\"\" class=\"wp-image-38237\" width=\"590\" height=\"393\" srcset=\"https:\/\/i0.wp.com\/blogdoeloiltoncajuhy.com.br\/site\/wp-content\/uploads\/2019\/10\/santa-dulce-37.jpeg?w=1344&amp;ssl=1 1344w, https:\/\/i0.wp.com\/blogdoeloiltoncajuhy.com.br\/site\/wp-content\/uploads\/2019\/10\/santa-dulce-37.jpeg?resize=300%2C200&amp;ssl=1 300w, https:\/\/i0.wp.com\/blogdoeloiltoncajuhy.com.br\/site\/wp-content\/uploads\/2019\/10\/santa-dulce-37.jpeg?resize=768%2C512&amp;ssl=1 768w, https:\/\/i0.wp.com\/blogdoeloiltoncajuhy.com.br\/site\/wp-content\/uploads\/2019\/10\/santa-dulce-37.jpeg?resize=1024%2C683&amp;ssl=1 1024w, https:\/\/i0.wp.com\/blogdoeloiltoncajuhy.com.br\/site\/wp-content\/uploads\/2019\/10\/santa-dulce-37.jpeg?resize=250%2C167&amp;ssl=1 250w\" sizes=\"(max-width: 590px) 100vw, 590px\" \/><figcaption><em>Imagem da Santa Dulce dos Pobres em prociss\u00e3o \u2014 Foto: Daniele Rodrigues\/G1<\/em><\/figcaption><\/figure><\/div>\n\n\n\n<p>Do lado de fora da Arena Fonte Nova, muitos comerciantes vendiam azulejos, bijuterias e bonecas em alus\u00e3o \u00e0 santa.<\/p>\n\n\n\n<p>Entre os fi\u00e9is que chegaram para assistir \u00e0 cerim\u00f4nia, muitos funcion\u00e1rios e volunt\u00e1rios das Obras Sociais Irm\u00e3 Dulce (OSID). Uma dessas pessoas foi Tatiane Ferreira, que levou a filha Anna Clara, de 8 anos.<\/p>\n\n\n\n<p><em>\u201c\u00c9 uma emo\u00e7\u00e3o muito grande. Um reconhecimento que eu j\u00e1 tenho, como funcion\u00e1ria das Obras Sociais, e agora esse reconhecimento no mundo todo. A gente que trabalha l\u00e1 v\u00ea o amor que tem nas obras por causa dela\u201d<\/em>, disse Tatiane.<\/p>\n\n\n\n<p>Grande parte do p\u00fablico era formado por idosos, que tamb\u00e9m enfrentaram o sol para chegar \u00e0 Fonte Nova. Um grupo de senhoras da par\u00f3quia de Santa Dulce tamb\u00e9m marcou presen\u00e7a na celebra\u00e7\u00e3o.<\/p>\n\n\n\n<p><em>\u201c\u00c9 muito bonito poder ver tudo isso, nossa primeira santa. A gente que j\u00e1 \u00e9 mais velho faz um esfor\u00e7o para vir, por que quando isso vai acontecer de novo? \u00c9 muita emo\u00e7\u00e3o estar aqui, mas est\u00e1 dif\u00edcil pra gente andar. Algumas pessoas que estavam de muletas na nossa equipe desistiram\u201d<\/em>, ponderou Hildete Cavalcante, uma das l\u00edderes do grupo.<\/p>\n\n\n\n<p>Quatro grupos musicais e a cantora Patr\u00edcia Ribeiro animaram o p\u00fablico, que vibrava e cantava mesmo com as queixas de sol forte.<\/p>\n\n\n\n<div class=\"wp-block-image\"><figure class=\"aligncenter is-resized\"><img decoding=\"async\" src=\"https:\/\/i2.wp.com\/blogdoeloiltoncajuhy.com.br\/site\/wp-content\/uploads\/2019\/10\/santa-dulce-38.jpeg?fit=590%2C394\" alt=\"\" class=\"wp-image-38238\" width=\"590\" height=\"393\" srcset=\"https:\/\/i0.wp.com\/blogdoeloiltoncajuhy.com.br\/site\/wp-content\/uploads\/2019\/10\/santa-dulce-38.jpeg?w=1344&amp;ssl=1 1344w, https:\/\/i0.wp.com\/blogdoeloiltoncajuhy.com.br\/site\/wp-content\/uploads\/2019\/10\/santa-dulce-38.jpeg?resize=300%2C200&amp;ssl=1 300w, https:\/\/i0.wp.com\/blogdoeloiltoncajuhy.com.br\/site\/wp-content\/uploads\/2019\/10\/santa-dulce-38.jpeg?resize=768%2C512&amp;ssl=1 768w, https:\/\/i0.wp.com\/blogdoeloiltoncajuhy.com.br\/site\/wp-content\/uploads\/2019\/10\/santa-dulce-38.jpeg?resize=1024%2C683&amp;ssl=1 1024w, https:\/\/i0.wp.com\/blogdoeloiltoncajuhy.com.br\/site\/wp-content\/uploads\/2019\/10\/santa-dulce-38.jpeg?resize=250%2C167&amp;ssl=1 250w\" sizes=\"(max-width: 590px) 100vw, 590px\" \/><figcaption><em>Apresenta\u00e7\u00e3o do Imp\u00e9rio do Amor na Arena Fonte Nova \u2014 Foto: Daniele Rodrigues\/G1<\/em><\/figcaption><\/figure><\/div>\n\n\n\n<p class=\"has-medium-font-size\"><strong>Espet\u00e1culo Imp\u00e9rio do Amor<\/strong><\/p>\n\n\n\n<p>Ainda como parte da programa\u00e7\u00e3o, 530 crian\u00e7as participaram do espet\u00e1culo Imp\u00e9rio de Amor, que contou a vida do Anjo Bom da Bahia ao p\u00fablico presente.<\/p>\n\n\n\n<p>As crian\u00e7as encenaram toda a trajet\u00f3ria da beata desde a inf\u00e2ncia. A pe\u00e7a tamb\u00e9m fez refer\u00eancias \u00e0s obras de Irm\u00e3 Dulce e a luta da primeira santa brasileira para cuidar dos pobres e enfermos.<\/p>\n\n\n\n<p><em>\u201c\u00c9 gratificante ver que ela lutou por isso tudo, mesmo contra a vontade de muita gente at\u00e9 da igreja, porque queria fazer o bem. A obra dessa nossa santa vale ouro\u201d<\/em>, observou a religiosa Janete Dias, que estava acompanhada de duas filhas.<\/p>\n\n\n\n<div class=\"wp-block-image\"><figure class=\"aligncenter is-resized\"><img loading=\"lazy\" decoding=\"async\" src=\"https:\/\/i0.wp.com\/blogdoeloiltoncajuhy.com.br\/site\/wp-content\/uploads\/2019\/10\/santa-dulce-39.jpeg?fit=590%2C394\" alt=\"\" class=\"wp-image-38239\" width=\"590\" height=\"393\" srcset=\"https:\/\/i0.wp.com\/blogdoeloiltoncajuhy.com.br\/site\/wp-content\/uploads\/2019\/10\/santa-dulce-39.jpeg?w=1344&amp;ssl=1 1344w, https:\/\/i0.wp.com\/blogdoeloiltoncajuhy.com.br\/site\/wp-content\/uploads\/2019\/10\/santa-dulce-39.jpeg?resize=300%2C200&amp;ssl=1 300w, https:\/\/i0.wp.com\/blogdoeloiltoncajuhy.com.br\/site\/wp-content\/uploads\/2019\/10\/santa-dulce-39.jpeg?resize=768%2C512&amp;ssl=1 768w, https:\/\/i0.wp.com\/blogdoeloiltoncajuhy.com.br\/site\/wp-content\/uploads\/2019\/10\/santa-dulce-39.jpeg?resize=1024%2C683&amp;ssl=1 1024w, https:\/\/i0.wp.com\/blogdoeloiltoncajuhy.com.br\/site\/wp-content\/uploads\/2019\/10\/santa-dulce-39.jpeg?resize=250%2C167&amp;ssl=1 250w\" sizes=\"(max-width: 590px) 100vw, 590px\" \/><figcaption><em>Dom Murilo Krieger com bispos assistiram o espet\u00e1culo Imp\u00e9rio do Amor \u2014 Foto: Daniele Rodrigues\/G1<\/em><\/figcaption><\/figure><\/div>\n\n\n\n<p>O arcebispo de Salvador e primaz do Brasil, Dom Murilo Krieger, acompanhou todo o espet\u00e1culo do altar. Na plateia estavam os miraculados Cl\u00e1udia Ara\u00fajo e Jos\u00e9 Maur\u00edcio Moreira, al\u00e9m da sobrinha de Santa Dulce, Maria Rita Pontes.<\/p>\n\n\n\n<p>O espet\u00e1culo contou com a participa\u00e7\u00e3o da cantora Margareth Menezes, que subiu ao palco vestida de freira. Al\u00e9m disso, o sanfoneiro Waldonys cantou o hino oficial a Santa Dulce e emocionou o p\u00fablico.<\/p>\n\n\n\n<p>Os cantores Saulo e Tuca Fernandes tamb\u00e9m participaram do espet\u00e1culo e cantaram a m\u00fasica &#8220;Doce Luz&#8221;, que tamb\u00e9m homenageia o legado da Santa Dulce dos Pobres.<\/p>\n\n\n\n<figure class=\"wp-block-image\"><img loading=\"lazy\" decoding=\"async\" width=\"1344\" height=\"896\" src=\"https:\/\/i0.wp.com\/blogdoeloiltoncajuhy.com.br\/site\/wp-content\/uploads\/2019\/10\/santa-dulce-40.jpeg?fit=590%2C394\" alt=\"\" class=\"wp-image-38240\" srcset=\"https:\/\/i0.wp.com\/blogdoeloiltoncajuhy.com.br\/site\/wp-content\/uploads\/2019\/10\/santa-dulce-40.jpeg?w=1344&amp;ssl=1 1344w, https:\/\/i0.wp.com\/blogdoeloiltoncajuhy.com.br\/site\/wp-content\/uploads\/2019\/10\/santa-dulce-40.jpeg?resize=300%2C200&amp;ssl=1 300w, https:\/\/i0.wp.com\/blogdoeloiltoncajuhy.com.br\/site\/wp-content\/uploads\/2019\/10\/santa-dulce-40.jpeg?resize=768%2C512&amp;ssl=1 768w, https:\/\/i0.wp.com\/blogdoeloiltoncajuhy.com.br\/site\/wp-content\/uploads\/2019\/10\/santa-dulce-40.jpeg?resize=1024%2C683&amp;ssl=1 1024w, https:\/\/i0.wp.com\/blogdoeloiltoncajuhy.com.br\/site\/wp-content\/uploads\/2019\/10\/santa-dulce-40.jpeg?resize=250%2C167&amp;ssl=1 250w\" sizes=\"(max-width: 800px) 100vw, 800px\" \/><figcaption><em>Margareth Menezes se apresenta no Imp\u00e9rio do Amor \u2014 Foto: Daniele Rodrigues\/G1<\/em><\/figcaption><\/figure>\n","protected":false},"excerpt":{"rendered":"<p>Primeira celebra\u00e7\u00e3o ao Anjo Bom da Bahia contou com a participa\u00e7\u00e3o de 49 mil pessoas Por Itana Alencar, G1 BA A primeira cerim\u00f4nia de homenagem a Santa Dulce dos Pobres no Brasil foi realizada neste domingo (20), com a presen\u00e7a de 49 mil pessoas, na Arena Fonte Nova, em Salvador. A programa\u00e7\u00e3o contou com missa, [&hellip;]<\/p>\n","protected":false},"author":2,"featured_media":38240,"comment_status":"open","ping_status":"open","sticky":false,"template":"","format":"standard","meta":{"_acf_changed":false,"_monsterinsights_skip_tracking":false,"_monsterinsights_sitenote_active":false,"_monsterinsights_sitenote_note":"","_monsterinsights_sitenote_category":0,"_jetpack_memberships_contains_paid_content":false,"footnotes":"","jetpack_publicize_message":"","jetpack_publicize_feature_enabled":true,"jetpack_social_post_already_shared":true,"jetpack_social_options":{"image_generator_settings":{"template":"highway","default_image_id":0,"font":"","enabled":false},"version":2}},"categories":[5,1],"tags":[],"class_list":["post-38235","post","type-post","status-publish","format-standard","has-post-thumbnail","hentry","category-cotidiano","category-noticias"],"acf":[],"jetpack_publicize_connections":[],"jetpack_featured_media_url":"https:\/\/i0.wp.com\/blogdoeloiltoncajuhy.com.br\/site\/wp-content\/uploads\/2019\/10\/santa-dulce-40.jpeg?fit=1344%2C896&ssl=1","jetpack_sharing_enabled":true,"publishpress_future_workflow_manual_trigger":{"enabledWorkflows":[]},"_links":{"self":[{"href":"https:\/\/blogdoeloiltoncajuhy.com.br\/site\/wp-json\/wp\/v2\/posts\/38235","targetHints":{"allow":["GET"]}}],"collection":[{"href":"https:\/\/blogdoeloiltoncajuhy.com.br\/site\/wp-json\/wp\/v2\/posts"}],"about":[{"href":"https:\/\/blogdoeloiltoncajuhy.com.br\/site\/wp-json\/wp\/v2\/types\/post"}],"author":[{"embeddable":true,"href":"https:\/\/blogdoeloiltoncajuhy.com.br\/site\/wp-json\/wp\/v2\/users\/2"}],"replies":[{"embeddable":true,"href":"https:\/\/blogdoeloiltoncajuhy.com.br\/site\/wp-json\/wp\/v2\/comments?post=38235"}],"version-history":[{"count":1,"href":"https:\/\/blogdoeloiltoncajuhy.com.br\/site\/wp-json\/wp\/v2\/posts\/38235\/revisions"}],"predecessor-version":[{"id":38241,"href":"https:\/\/blogdoeloiltoncajuhy.com.br\/site\/wp-json\/wp\/v2\/posts\/38235\/revisions\/38241"}],"wp:featuredmedia":[{"embeddable":true,"href":"https:\/\/blogdoeloiltoncajuhy.com.br\/site\/wp-json\/wp\/v2\/media\/38240"}],"wp:attachment":[{"href":"https:\/\/blogdoeloiltoncajuhy.com.br\/site\/wp-json\/wp\/v2\/media?parent=38235"}],"wp:term":[{"taxonomy":"category","embeddable":true,"href":"https:\/\/blogdoeloiltoncajuhy.com.br\/site\/wp-json\/wp\/v2\/categories?post=38235"},{"taxonomy":"post_tag","embeddable":true,"href":"https:\/\/blogdoeloiltoncajuhy.com.br\/site\/wp-json\/wp\/v2\/tags?post=38235"}],"curies":[{"name":"wp","href":"https:\/\/api.w.org\/{rel}","templated":true}]}}