{"id":38232,"date":"2019-10-20T15:44:07","date_gmt":"2019-10-20T18:44:07","guid":{"rendered":"http:\/\/blogdoeloiltoncajuhy.com.br\/site\/?p=38232"},"modified":"2019-10-20T15:44:13","modified_gmt":"2019-10-20T18:44:13","slug":"sos-praia-bahia-usara-camisa-manchada-de-oleo-na-partida-contra-o-ceara","status":"publish","type":"post","link":"https:\/\/blogdoeloiltoncajuhy.com.br\/site\/sos-praia-bahia-usara-camisa-manchada-de-oleo-na-partida-contra-o-ceara\/","title":{"rendered":"SOS praia: Bahia usar\u00e1 camisa manchada de \u00f3leo na partida contra o Cear\u00e1"},"content":{"rendered":"\n<h5 class=\"wp-block-heading\" style=\"text-align:center\"><em>Tricolor lan\u00e7a manifesto em defesa das praias do Nordeste antes de partida contra o Cear\u00e1, marcada para esta segunda-feira, em Pitua\u00e7u<\/em><\/h5>\n\n\n\n<p><strong>Por GloboEsporte.com<\/strong> \u2014 Salvador<\/p>\n\n\n\n<div class=\"wp-block-image\"><figure class=\"aligncenter\"><img data-recalc-dims=\"1\" fetchpriority=\"high\" decoding=\"async\" width=\"600\" height=\"418\" src=\"https:\/\/i0.wp.com\/blogdoeloiltoncajuhy.com.br\/site\/wp-content\/uploads\/2019\/10\/BahiaManchasOleo.jpg?resize=600%2C418\" alt=\"\" class=\"wp-image-38233\" srcset=\"https:\/\/i0.wp.com\/blogdoeloiltoncajuhy.com.br\/site\/wp-content\/uploads\/2019\/10\/BahiaManchasOleo.jpg?w=600&amp;ssl=1 600w, https:\/\/i0.wp.com\/blogdoeloiltoncajuhy.com.br\/site\/wp-content\/uploads\/2019\/10\/BahiaManchasOleo.jpg?resize=300%2C209&amp;ssl=1 300w, https:\/\/i0.wp.com\/blogdoeloiltoncajuhy.com.br\/site\/wp-content\/uploads\/2019\/10\/BahiaManchasOleo.jpg?resize=250%2C174&amp;ssl=1 250w\" sizes=\"(max-width: 600px) 100vw, 600px\" \/><figcaption><em>Camisa do Bahia manchada de \u00f3leo \u2014 Foto: Divulga\u00e7\u00e3o EC Bahia<\/em><\/figcaption><\/figure><\/div>\n\n\n\n<p>&#8220;O problema \u00e9 seu. O problema \u00e9 nosso&#8221;. Assim o Bahia inicia o manifesto em defesa das praias do Nordeste, que foram atingidas por manchas de petr\u00f3leo desde o in\u00edcio de setembro. Para alertar sobre o tema, o clube usar\u00e1 um uniforme com manchas de \u00f3leo na partida contra o Cear\u00e1, marcada para esta segunda-feira (21), \u00e0s 19h30, no est\u00e1dio de Pitua\u00e7u, em Salvador.<\/p>\n\n\n\n<p>As manchas de \u00f3leo apareceram inicialmente na Para\u00edba e se alastraram para 171 munic\u00edpios dos nove estados nordestinos. A subst\u00e2ncia encontrada \u00e9 a mesma em todos os locais: petr\u00f3leo cru. O fen\u00f4meno tem afetado a vida de animais marinhos e causado impacto nas cidades litor\u00e2neas. Mais de 150 praias j\u00e1 foram atingidas pelo \u00f3leo.<\/p>\n\n\n\n<p>Na Bahia, as manchas apareceram no in\u00edcio de outubro. Al\u00e9m de Itacar\u00e9, houve registro da subst\u00e2ncia nas cidades de Vera Cruz, Itaparica, Salvador, Janda\u00edra, Lauro de Freitas, Conde, Cama\u00e7ari, Entre Rios, Esplanada e Mata de S\u00e3o Jo\u00e3o.<\/p>\n\n\n\n<p>Por conta do problema, o Governo do Estado decretou estado de emerg\u00eancia. O decreto ir\u00e1 liberar fundos para as cidades mais prejudicadas, que, at\u00e9 ent\u00e3o, t\u00eam custeado a limpeza das praias. A origem das manchas ainda est\u00e1 sob investiga\u00e7\u00e3o.<\/p>\n\n\n\n<p class=\"has-medium-font-size\"><strong>Confira o manifesto completo lan\u00e7ado pelo Bahia<\/strong><\/p>\n\n\n\n<p><em>O problema \u00e9 seu. O problema \u00e9 nosso.<\/em><\/p>\n\n\n\n<p><em>Quem derramou esse \u00f3leo? Quem ser\u00e1 punido por tamanha irresponsabilidade? Ser\u00e1 que esse assunto vai ficar esquecido?<\/em><\/p>\n\n\n\n<p><em>O Bahia \u00e9 voc\u00ea, somos n\u00f3s, cada ser humano.<\/em><\/p>\n\n\n\n<p><em>\u00c9 a forma como representamos o amor, o apego, o chamego, o sagrado, a justi\u00e7a. O Bahia \u00e9 a uni\u00e3o de um povo que vibra na mesma dire\u00e7\u00e3o, que respira o mesmo ar e que depende da mesma natureza para existir, para sobreviver.<\/em><\/p>\n\n\n\n<p>J<em>ogaremos nesta segunda-feira (21), contra o Cear\u00e1, em Pitua\u00e7u, com a camisa do Esquadr\u00e3o manchada de \u00f3leo.<\/em><\/p>\n\n\n\n<p><em>Um convite \u00e0 reflex\u00e3o: o que faz um ser humano atacar e destruir espa\u00e7os sagrados? O lucro a qualquer custo pode ser capaz de destruir a \u00e9tica e as leis que regem e viabilizam a humanidade?<\/em><\/p>\n\n\n\n<p><em>A barb\u00e1rie deve ser tratada como tal, n\u00e3o como algo natural.<\/em><\/p>\n","protected":false},"excerpt":{"rendered":"<p>Tricolor lan\u00e7a manifesto em defesa das praias do Nordeste antes de partida contra o Cear\u00e1, marcada para esta segunda-feira, em Pitua\u00e7u Por GloboEsporte.com \u2014 Salvador &#8220;O problema \u00e9 seu. O problema \u00e9 nosso&#8221;. Assim o Bahia inicia o manifesto em defesa das praias do Nordeste, que foram atingidas por manchas de petr\u00f3leo desde o in\u00edcio [&hellip;]<\/p>\n","protected":false},"author":2,"featured_media":38233,"comment_status":"open","ping_status":"open","sticky":false,"template":"","format":"standard","meta":{"_acf_changed":false,"_monsterinsights_skip_tracking":false,"_monsterinsights_sitenote_active":false,"_monsterinsights_sitenote_note":"","_monsterinsights_sitenote_category":0,"_jetpack_memberships_contains_paid_content":false,"footnotes":"","jetpack_publicize_message":"","jetpack_publicize_feature_enabled":true,"jetpack_social_post_already_shared":true,"jetpack_social_options":{"image_generator_settings":{"template":"highway","default_image_id":0,"font":"","enabled":false},"version":2}},"categories":[6,1],"tags":[],"class_list":["post-38232","post","type-post","status-publish","format-standard","has-post-thumbnail","hentry","category-esportes","category-noticias"],"acf":[],"jetpack_publicize_connections":[],"jetpack_featured_media_url":"https:\/\/i0.wp.com\/blogdoeloiltoncajuhy.com.br\/site\/wp-content\/uploads\/2019\/10\/BahiaManchasOleo.jpg?fit=600%2C418&ssl=1","jetpack_sharing_enabled":true,"publishpress_future_workflow_manual_trigger":{"enabledWorkflows":[]},"_links":{"self":[{"href":"https:\/\/blogdoeloiltoncajuhy.com.br\/site\/wp-json\/wp\/v2\/posts\/38232","targetHints":{"allow":["GET"]}}],"collection":[{"href":"https:\/\/blogdoeloiltoncajuhy.com.br\/site\/wp-json\/wp\/v2\/posts"}],"about":[{"href":"https:\/\/blogdoeloiltoncajuhy.com.br\/site\/wp-json\/wp\/v2\/types\/post"}],"author":[{"embeddable":true,"href":"https:\/\/blogdoeloiltoncajuhy.com.br\/site\/wp-json\/wp\/v2\/users\/2"}],"replies":[{"embeddable":true,"href":"https:\/\/blogdoeloiltoncajuhy.com.br\/site\/wp-json\/wp\/v2\/comments?post=38232"}],"version-history":[{"count":1,"href":"https:\/\/blogdoeloiltoncajuhy.com.br\/site\/wp-json\/wp\/v2\/posts\/38232\/revisions"}],"predecessor-version":[{"id":38234,"href":"https:\/\/blogdoeloiltoncajuhy.com.br\/site\/wp-json\/wp\/v2\/posts\/38232\/revisions\/38234"}],"wp:featuredmedia":[{"embeddable":true,"href":"https:\/\/blogdoeloiltoncajuhy.com.br\/site\/wp-json\/wp\/v2\/media\/38233"}],"wp:attachment":[{"href":"https:\/\/blogdoeloiltoncajuhy.com.br\/site\/wp-json\/wp\/v2\/media?parent=38232"}],"wp:term":[{"taxonomy":"category","embeddable":true,"href":"https:\/\/blogdoeloiltoncajuhy.com.br\/site\/wp-json\/wp\/v2\/categories?post=38232"},{"taxonomy":"post_tag","embeddable":true,"href":"https:\/\/blogdoeloiltoncajuhy.com.br\/site\/wp-json\/wp\/v2\/tags?post=38232"}],"curies":[{"name":"wp","href":"https:\/\/api.w.org\/{rel}","templated":true}]}}