{"id":38219,"date":"2019-10-19T18:02:58","date_gmt":"2019-10-19T21:02:58","guid":{"rendered":"http:\/\/blogdoeloiltoncajuhy.com.br\/site\/?p=38219"},"modified":"2019-10-19T18:03:04","modified_gmt":"2019-10-19T21:03:04","slug":"cinco-suspeitos-de-trafico-de-skank-sao-presos-em-operacao-policial-na-bahia","status":"publish","type":"post","link":"https:\/\/blogdoeloiltoncajuhy.com.br\/site\/cinco-suspeitos-de-trafico-de-skank-sao-presos-em-operacao-policial-na-bahia\/","title":{"rendered":"Cinco suspeitos de tr\u00e1fico de skank s\u00e3o presos em opera\u00e7\u00e3o policial na Bahia"},"content":{"rendered":"\n<h5 class=\"wp-block-heading\" style=\"text-align:center\"><em>A\u00e7\u00e3o ocorreu de ter\u00e7a (15) a sexta-feira (18), em Jequi\u00e9 e outras cidades da Bahia, al\u00e9m de Petrolina (PE)<\/em><\/h5>\n\n\n\n<p><strong>Por G1 BA<\/strong><\/p>\n\n\n\n<div class=\"wp-block-image\"><figure class=\"aligncenter\"><img data-recalc-dims=\"1\" fetchpriority=\"high\" decoding=\"async\" width=\"800\" height=\"465\" src=\"https:\/\/i0.wp.com\/blogdoeloiltoncajuhy.com.br\/site\/wp-content\/uploads\/2019\/10\/Opera%C3%A7%C3%A3oMaconhaSkank-01.jpeg?resize=800%2C465\" alt=\"\" class=\"wp-image-38220\" srcset=\"https:\/\/i0.wp.com\/blogdoeloiltoncajuhy.com.br\/site\/wp-content\/uploads\/2019\/10\/Opera%C3%A7%C3%A3oMaconhaSkank-01.jpeg?w=984&amp;ssl=1 984w, https:\/\/i0.wp.com\/blogdoeloiltoncajuhy.com.br\/site\/wp-content\/uploads\/2019\/10\/Opera%C3%A7%C3%A3oMaconhaSkank-01.jpeg?resize=300%2C174&amp;ssl=1 300w, https:\/\/i0.wp.com\/blogdoeloiltoncajuhy.com.br\/site\/wp-content\/uploads\/2019\/10\/Opera%C3%A7%C3%A3oMaconhaSkank-01.jpeg?resize=768%2C446&amp;ssl=1 768w, https:\/\/i0.wp.com\/blogdoeloiltoncajuhy.com.br\/site\/wp-content\/uploads\/2019\/10\/Opera%C3%A7%C3%A3oMaconhaSkank-01.jpeg?resize=250%2C145&amp;ssl=1 250w\" sizes=\"(max-width: 800px) 100vw, 800px\" \/><figcaption><em>Opera\u00e7\u00e3o foi realizada de ter\u00e7a (15) a sexta-feira (18) \u2014 Foto: Divulga\u00e7\u00e3o\/Delegacia de Jequi\u00e9<\/em><\/figcaption><\/figure><\/div>\n\n\n\n<p>Quatro suspeitos de tr\u00e1fico de drogas foram presos e um mandado de pris\u00e3o foi cumprido contra um homem que j\u00e1 estava detido, durante opera\u00e7\u00e3o policial realizada de ter\u00e7a a (15) a sexta-feira (18), em diversas cidades da Bahia, al\u00e9m de Petrolina (PE).<\/p>\n\n\n\n<p>A segunda fase da Opera\u00e7\u00e3o Skank, deflagrada para combater o tr\u00e1fico da droga em Jequi\u00e9, no sudoeste da Bahia, e outras cidades da regi\u00e3o, foi comandada pela Pol\u00edcia Civil de Jequi\u00e9 e contou com o apoio de diversas outras delegacias, al\u00e9m da Pol\u00edcia Rodovi\u00e1ria federal (PRF).<\/p>\n\n\n\n<p>Na ter\u00e7a-feira, <strong>Vagner Carvalho de Sousa<\/strong> foi preso por policiais civis da delegacia territorial de Len\u00e7\u00f3is, na Chapada Diamantina. J\u00e1 <strong>Natan Couceiros de Matos<\/strong> foi detido na quinta-feira (17), em Jequi\u00e9, enquanto <strong>Mateus Nascimento Meira<\/strong> e <strong>Matheus Bastos Sim\u00f5es<\/strong> foram presos na sexta, na mesma cidade. <strong>Daniel Marques de Ara\u00fajo<\/strong> j\u00e1 estava detido e teve outro mandado de pris\u00e3o contra ele cumprido no pres\u00eddio.<\/p>\n\n\n\n<div class=\"wp-block-image\"><figure class=\"aligncenter\"><img data-recalc-dims=\"1\" decoding=\"async\" width=\"800\" height=\"567\" src=\"https:\/\/i0.wp.com\/blogdoeloiltoncajuhy.com.br\/site\/wp-content\/uploads\/2019\/10\/Opera%C3%A7%C3%A3oMaconhaSkank-02.jpeg?resize=800%2C567\" alt=\"\" class=\"wp-image-38221\" srcset=\"https:\/\/i0.wp.com\/blogdoeloiltoncajuhy.com.br\/site\/wp-content\/uploads\/2019\/10\/Opera%C3%A7%C3%A3oMaconhaSkank-02.jpeg?w=984&amp;ssl=1 984w, https:\/\/i0.wp.com\/blogdoeloiltoncajuhy.com.br\/site\/wp-content\/uploads\/2019\/10\/Opera%C3%A7%C3%A3oMaconhaSkank-02.jpeg?resize=300%2C213&amp;ssl=1 300w, https:\/\/i0.wp.com\/blogdoeloiltoncajuhy.com.br\/site\/wp-content\/uploads\/2019\/10\/Opera%C3%A7%C3%A3oMaconhaSkank-02.jpeg?resize=768%2C544&amp;ssl=1 768w, https:\/\/i0.wp.com\/blogdoeloiltoncajuhy.com.br\/site\/wp-content\/uploads\/2019\/10\/Opera%C3%A7%C3%A3oMaconhaSkank-02.jpeg?resize=250%2C177&amp;ssl=1 250w\" sizes=\"(max-width: 800px) 100vw, 800px\" \/><figcaption><em>Al\u00e9m de Jequi\u00e9, a\u00e7\u00e3o foi realizada em diversas cidades da Bahia e em Petrolina (PE) \u2014 Foto: Divulga\u00e7\u00e3o\/Delegacia de Jequi\u00e9<\/em><\/figcaption><\/figure><\/div>\n\n\n\n<p>Al\u00e9m das pris\u00f5es, 14 mandados de busca e apreens\u00e3o foram cumpridos em Jequi\u00e9, Barreiras, no oeste da Bahia; Valen\u00e7a, baixo sul do estado; Juazeiro, no norte da Bahia; Salvador\/BA, e Petrolina (PE).<\/p>\n\n\n\n<p>De acordo com a pol\u00edcia de Jequi\u00e9, a opera\u00e7\u00e3o desta semana foi resultado de mais de dois anos de investiga\u00e7\u00e3o, que come\u00e7aram no ano de 2017.<\/p>\n\n\n\n<p>A primeira fase da opera\u00e7\u00e3o ocorreu em 30 de agosto deste ano, quando foram presos <strong>Edvaldo Merces dos Santos<\/strong>, <strong>Daniel Marques de Ara\u00fajo<\/strong> e <strong>Rozeli Ribeiro de Ara\u00fajo<\/strong>. Naquela oportunidade foi apreendido com o trio 3, 2 Kg de maconha skank, que tem valor de mercado 15 vezes maior do que a maconha comum.<\/p>\n","protected":false},"excerpt":{"rendered":"<p>A\u00e7\u00e3o ocorreu de ter\u00e7a (15) a sexta-feira (18), em Jequi\u00e9 e outras cidades da Bahia, al\u00e9m de Petrolina (PE) Por G1 BA Quatro suspeitos de tr\u00e1fico de drogas foram presos e um mandado de pris\u00e3o foi cumprido contra um homem que j\u00e1 estava detido, durante opera\u00e7\u00e3o policial realizada de ter\u00e7a a (15) a sexta-feira (18), [&hellip;]<\/p>\n","protected":false},"author":2,"featured_media":38221,"comment_status":"open","ping_status":"open","sticky":false,"template":"","format":"standard","meta":{"_acf_changed":false,"_monsterinsights_skip_tracking":false,"_monsterinsights_sitenote_active":false,"_monsterinsights_sitenote_note":"","_monsterinsights_sitenote_category":0,"_jetpack_memberships_contains_paid_content":false,"footnotes":"","jetpack_publicize_message":"","jetpack_publicize_feature_enabled":true,"jetpack_social_post_already_shared":true,"jetpack_social_options":{"image_generator_settings":{"template":"highway","default_image_id":0,"font":"","enabled":false},"version":2}},"categories":[5,1],"tags":[],"class_list":["post-38219","post","type-post","status-publish","format-standard","has-post-thumbnail","hentry","category-cotidiano","category-noticias"],"acf":[],"jetpack_publicize_connections":[],"jetpack_featured_media_url":"https:\/\/i0.wp.com\/blogdoeloiltoncajuhy.com.br\/site\/wp-content\/uploads\/2019\/10\/Opera%C3%A7%C3%A3oMaconhaSkank-02.jpeg?fit=984%2C697&ssl=1","jetpack_sharing_enabled":true,"publishpress_future_workflow_manual_trigger":{"enabledWorkflows":[]},"_links":{"self":[{"href":"https:\/\/blogdoeloiltoncajuhy.com.br\/site\/wp-json\/wp\/v2\/posts\/38219","targetHints":{"allow":["GET"]}}],"collection":[{"href":"https:\/\/blogdoeloiltoncajuhy.com.br\/site\/wp-json\/wp\/v2\/posts"}],"about":[{"href":"https:\/\/blogdoeloiltoncajuhy.com.br\/site\/wp-json\/wp\/v2\/types\/post"}],"author":[{"embeddable":true,"href":"https:\/\/blogdoeloiltoncajuhy.com.br\/site\/wp-json\/wp\/v2\/users\/2"}],"replies":[{"embeddable":true,"href":"https:\/\/blogdoeloiltoncajuhy.com.br\/site\/wp-json\/wp\/v2\/comments?post=38219"}],"version-history":[{"count":1,"href":"https:\/\/blogdoeloiltoncajuhy.com.br\/site\/wp-json\/wp\/v2\/posts\/38219\/revisions"}],"predecessor-version":[{"id":38222,"href":"https:\/\/blogdoeloiltoncajuhy.com.br\/site\/wp-json\/wp\/v2\/posts\/38219\/revisions\/38222"}],"wp:featuredmedia":[{"embeddable":true,"href":"https:\/\/blogdoeloiltoncajuhy.com.br\/site\/wp-json\/wp\/v2\/media\/38221"}],"wp:attachment":[{"href":"https:\/\/blogdoeloiltoncajuhy.com.br\/site\/wp-json\/wp\/v2\/media?parent=38219"}],"wp:term":[{"taxonomy":"category","embeddable":true,"href":"https:\/\/blogdoeloiltoncajuhy.com.br\/site\/wp-json\/wp\/v2\/categories?post=38219"},{"taxonomy":"post_tag","embeddable":true,"href":"https:\/\/blogdoeloiltoncajuhy.com.br\/site\/wp-json\/wp\/v2\/tags?post=38219"}],"curies":[{"name":"wp","href":"https:\/\/api.w.org\/{rel}","templated":true}]}}