{"id":38214,"date":"2019-10-19T09:36:59","date_gmt":"2019-10-19T12:36:59","guid":{"rendered":"http:\/\/blogdoeloiltoncajuhy.com.br\/site\/?p=38214"},"modified":"2019-10-19T09:37:05","modified_gmt":"2019-10-19T12:37:05","slug":"prefeitura-de-jaguarari-promove-mais-um-evento-de-inclusao-da-pessoa-com-deficiencia","status":"publish","type":"post","link":"https:\/\/blogdoeloiltoncajuhy.com.br\/site\/prefeitura-de-jaguarari-promove-mais-um-evento-de-inclusao-da-pessoa-com-deficiencia\/","title":{"rendered":"Prefeitura de Jaguarari promove mais um evento de inclus\u00e3o da pessoa com defici\u00eancia"},"content":{"rendered":"\n<p><strong>ASCOM &#8211; Prefeitura de Jaguarari-BA<\/strong><\/p>\n\n\n\n<div class=\"wp-block-image\"><figure class=\"aligncenter\"><img data-recalc-dims=\"1\" fetchpriority=\"high\" decoding=\"async\" width=\"800\" height=\"533\" src=\"https:\/\/i0.wp.com\/blogdoeloiltoncajuhy.com.br\/site\/wp-content\/uploads\/2019\/10\/PMJ_CaminhadaInclusiva-02.jpg?resize=800%2C533\" alt=\"\" class=\"wp-image-38215\" srcset=\"https:\/\/i0.wp.com\/blogdoeloiltoncajuhy.com.br\/site\/wp-content\/uploads\/2019\/10\/PMJ_CaminhadaInclusiva-02.jpg?w=960&amp;ssl=1 960w, https:\/\/i0.wp.com\/blogdoeloiltoncajuhy.com.br\/site\/wp-content\/uploads\/2019\/10\/PMJ_CaminhadaInclusiva-02.jpg?resize=300%2C200&amp;ssl=1 300w, https:\/\/i0.wp.com\/blogdoeloiltoncajuhy.com.br\/site\/wp-content\/uploads\/2019\/10\/PMJ_CaminhadaInclusiva-02.jpg?resize=768%2C512&amp;ssl=1 768w, https:\/\/i0.wp.com\/blogdoeloiltoncajuhy.com.br\/site\/wp-content\/uploads\/2019\/10\/PMJ_CaminhadaInclusiva-02.jpg?resize=250%2C167&amp;ssl=1 250w\" sizes=\"(max-width: 800px) 100vw, 800px\" \/><\/figure><\/div>\n\n\n\n<p>A Prefeitura de Jaguarari, atrav\u00e9s da Secretaria de Educa\u00e7\u00e3o, em parceria com o Centro de Avalia\u00e7\u00e3o e Atendimento de Jaguarari (CAAEJ), realizou nesta sexta-feira (18), a 2\u00aa Caminhada Por um Oceano de Respeito. Esta caminhada teve como objetivo sensibilizar a comunidade jaguarariense sobre a valoriza\u00e7\u00e3o da pessoa com defici\u00eancia como ser social ativo e participativo na sociedade.<\/p>\n\n\n\n<p><em>&#8220;Hoje a prefeitura fazendo essa grande a\u00e7\u00e3o buscando a inclus\u00e3o social dessas crian\u00e7as. Estou aqui muito feliz, vendo o brilho no olhar, o sorriso de cada crian\u00e7a presente. \u00c9 muito gratificante ver a gest\u00e3o municipal fazendo a sua parte&#8221;<\/em>, falou o prefeito Everton Rocha.<\/p>\n\n\n\n<p>O ponto de partida foi a Rua Clementino Cunha, seguiu pelas ruas centrais da cidade e terminando na Pra\u00e7a Alfredo Viana em frente \u00e0 prefeitura, onde alunos das escolas da rede municipal promoveram diversas apresenta\u00e7\u00f5es culturais e de dan\u00e7a.<\/p>\n\n\n\n<div class=\"wp-block-image\"><figure class=\"aligncenter\"><img data-recalc-dims=\"1\" decoding=\"async\" width=\"800\" height=\"533\" src=\"https:\/\/i0.wp.com\/blogdoeloiltoncajuhy.com.br\/site\/wp-content\/uploads\/2019\/10\/PMJ_CaminhadaInclusiva-03.jpg?resize=800%2C533\" alt=\"\" class=\"wp-image-38216\" srcset=\"https:\/\/i0.wp.com\/blogdoeloiltoncajuhy.com.br\/site\/wp-content\/uploads\/2019\/10\/PMJ_CaminhadaInclusiva-03.jpg?w=960&amp;ssl=1 960w, https:\/\/i0.wp.com\/blogdoeloiltoncajuhy.com.br\/site\/wp-content\/uploads\/2019\/10\/PMJ_CaminhadaInclusiva-03.jpg?resize=300%2C200&amp;ssl=1 300w, https:\/\/i0.wp.com\/blogdoeloiltoncajuhy.com.br\/site\/wp-content\/uploads\/2019\/10\/PMJ_CaminhadaInclusiva-03.jpg?resize=768%2C512&amp;ssl=1 768w, https:\/\/i0.wp.com\/blogdoeloiltoncajuhy.com.br\/site\/wp-content\/uploads\/2019\/10\/PMJ_CaminhadaInclusiva-03.jpg?resize=250%2C167&amp;ssl=1 250w\" sizes=\"(max-width: 800px) 100vw, 800px\" \/><\/figure><\/div>\n\n\n\n<p><em>&#8220;N\u00f3s do CAEEJ temos buscado fazer a\u00e7\u00f5es como essa, que envolvam toda a sociedade, j\u00e1 que esse processo de inclus\u00e3o \u00e9 muito importante. Precisamos nos conscientizar que essas crian\u00e7as possuem as suas potencialidades e n\u00f3s buscamos sempre trabalhar essas potencialidades buscando o melhor para eles&#8221;<\/em>, destacou Isabel Cristina, Coordenadora do CAAEJ.<\/p>\n\n\n\n<p>Essa a\u00e7\u00e3o contou com a participa\u00e7\u00e3o de alunos das redes municipal, estadual e particular de ensino. <em>&#8220;Temos que mostrar que nossos filhos precisam da inclus\u00e3o social junto com as outras crian\u00e7as e esse apoio dado pela prefeitura \u00e9 muito importante. Nossos filhos devem ser inseridos na sociedade, participando de todos os eventos e n\u00e3o ficar escondidos em casa&#8221;<\/em>, desabafou Agreci Carolina da Silva, m\u00e3e de um aluno atendido pelo CAAEJ.<\/p>\n\n\n\n<div class=\"wp-block-image\"><figure class=\"aligncenter\"><img data-recalc-dims=\"1\" decoding=\"async\" width=\"800\" height=\"533\" src=\"https:\/\/i0.wp.com\/blogdoeloiltoncajuhy.com.br\/site\/wp-content\/uploads\/2019\/10\/PMJ_CaminhadaInclusiva-04.jpg?resize=800%2C533\" alt=\"\" class=\"wp-image-38217\" srcset=\"https:\/\/i0.wp.com\/blogdoeloiltoncajuhy.com.br\/site\/wp-content\/uploads\/2019\/10\/PMJ_CaminhadaInclusiva-04.jpg?w=960&amp;ssl=1 960w, https:\/\/i0.wp.com\/blogdoeloiltoncajuhy.com.br\/site\/wp-content\/uploads\/2019\/10\/PMJ_CaminhadaInclusiva-04.jpg?resize=300%2C200&amp;ssl=1 300w, https:\/\/i0.wp.com\/blogdoeloiltoncajuhy.com.br\/site\/wp-content\/uploads\/2019\/10\/PMJ_CaminhadaInclusiva-04.jpg?resize=768%2C512&amp;ssl=1 768w, https:\/\/i0.wp.com\/blogdoeloiltoncajuhy.com.br\/site\/wp-content\/uploads\/2019\/10\/PMJ_CaminhadaInclusiva-04.jpg?resize=250%2C167&amp;ssl=1 250w\" sizes=\"(max-width: 800px) 100vw, 800px\" \/><\/figure><\/div>\n","protected":false},"excerpt":{"rendered":"<p>ASCOM &#8211; Prefeitura de Jaguarari-BA A Prefeitura de Jaguarari, atrav\u00e9s da Secretaria de Educa\u00e7\u00e3o, em parceria com o Centro de Avalia\u00e7\u00e3o e Atendimento de Jaguarari (CAAEJ), realizou nesta sexta-feira (18), a 2\u00aa Caminhada Por um Oceano de Respeito. Esta caminhada teve como objetivo sensibilizar a comunidade jaguarariense sobre a valoriza\u00e7\u00e3o da pessoa com defici\u00eancia como [&hellip;]<\/p>\n","protected":false},"author":2,"featured_media":38217,"comment_status":"open","ping_status":"open","sticky":false,"template":"","format":"standard","meta":{"_acf_changed":false,"_monsterinsights_skip_tracking":false,"_monsterinsights_sitenote_active":false,"_monsterinsights_sitenote_note":"","_monsterinsights_sitenote_category":0,"_jetpack_memberships_contains_paid_content":false,"footnotes":"","jetpack_publicize_message":"","jetpack_publicize_feature_enabled":true,"jetpack_social_post_already_shared":true,"jetpack_social_options":{"image_generator_settings":{"template":"highway","default_image_id":0,"font":"","enabled":false},"version":2}},"categories":[1,3,11],"tags":[],"class_list":["post-38214","post","type-post","status-publish","format-standard","has-post-thumbnail","hentry","category-noticias","category-politica","category-regional"],"acf":[],"jetpack_publicize_connections":[],"jetpack_featured_media_url":"https:\/\/i0.wp.com\/blogdoeloiltoncajuhy.com.br\/site\/wp-content\/uploads\/2019\/10\/PMJ_CaminhadaInclusiva-04.jpg?fit=960%2C640&ssl=1","jetpack_sharing_enabled":true,"publishpress_future_workflow_manual_trigger":{"enabledWorkflows":[]},"_links":{"self":[{"href":"https:\/\/blogdoeloiltoncajuhy.com.br\/site\/wp-json\/wp\/v2\/posts\/38214","targetHints":{"allow":["GET"]}}],"collection":[{"href":"https:\/\/blogdoeloiltoncajuhy.com.br\/site\/wp-json\/wp\/v2\/posts"}],"about":[{"href":"https:\/\/blogdoeloiltoncajuhy.com.br\/site\/wp-json\/wp\/v2\/types\/post"}],"author":[{"embeddable":true,"href":"https:\/\/blogdoeloiltoncajuhy.com.br\/site\/wp-json\/wp\/v2\/users\/2"}],"replies":[{"embeddable":true,"href":"https:\/\/blogdoeloiltoncajuhy.com.br\/site\/wp-json\/wp\/v2\/comments?post=38214"}],"version-history":[{"count":1,"href":"https:\/\/blogdoeloiltoncajuhy.com.br\/site\/wp-json\/wp\/v2\/posts\/38214\/revisions"}],"predecessor-version":[{"id":38218,"href":"https:\/\/blogdoeloiltoncajuhy.com.br\/site\/wp-json\/wp\/v2\/posts\/38214\/revisions\/38218"}],"wp:featuredmedia":[{"embeddable":true,"href":"https:\/\/blogdoeloiltoncajuhy.com.br\/site\/wp-json\/wp\/v2\/media\/38217"}],"wp:attachment":[{"href":"https:\/\/blogdoeloiltoncajuhy.com.br\/site\/wp-json\/wp\/v2\/media?parent=38214"}],"wp:term":[{"taxonomy":"category","embeddable":true,"href":"https:\/\/blogdoeloiltoncajuhy.com.br\/site\/wp-json\/wp\/v2\/categories?post=38214"},{"taxonomy":"post_tag","embeddable":true,"href":"https:\/\/blogdoeloiltoncajuhy.com.br\/site\/wp-json\/wp\/v2\/tags?post=38214"}],"curies":[{"name":"wp","href":"https:\/\/api.w.org\/{rel}","templated":true}]}}