{"id":38210,"date":"2019-10-19T09:27:15","date_gmt":"2019-10-19T12:27:15","guid":{"rendered":"http:\/\/blogdoeloiltoncajuhy.com.br\/site\/?p=38210"},"modified":"2019-10-19T09:27:22","modified_gmt":"2019-10-19T12:27:22","slug":"prefeitura-de-jaguarari-inicia-trabalho-para-pavimentacao-de-ruas-no-distrito-de-santa-rosa","status":"publish","type":"post","link":"https:\/\/blogdoeloiltoncajuhy.com.br\/site\/prefeitura-de-jaguarari-inicia-trabalho-para-pavimentacao-de-ruas-no-distrito-de-santa-rosa\/","title":{"rendered":"Prefeitura de Jaguarari inicia trabalho para pavimenta\u00e7\u00e3o de ruas no distrito de Santa Rosa"},"content":{"rendered":"\n<p><strong>ASCOM &#8211; Prefeitura de Jaguarari-BA<\/strong><\/p>\n\n\n\n<div class=\"wp-block-image\"><figure class=\"aligncenter\"><img fetchpriority=\"high\" decoding=\"async\" width=\"1152\" height=\"560\" src=\"https:\/\/i0.wp.com\/blogdoeloiltoncajuhy.com.br\/site\/wp-content\/uploads\/2019\/10\/PMJ_PavimentacaoSantaRosa_01.jpg?fit=590%2C287\" alt=\"\" class=\"wp-image-38211\" srcset=\"https:\/\/i0.wp.com\/blogdoeloiltoncajuhy.com.br\/site\/wp-content\/uploads\/2019\/10\/PMJ_PavimentacaoSantaRosa_01.jpg?w=1152&amp;ssl=1 1152w, https:\/\/i0.wp.com\/blogdoeloiltoncajuhy.com.br\/site\/wp-content\/uploads\/2019\/10\/PMJ_PavimentacaoSantaRosa_01.jpg?resize=300%2C146&amp;ssl=1 300w, https:\/\/i0.wp.com\/blogdoeloiltoncajuhy.com.br\/site\/wp-content\/uploads\/2019\/10\/PMJ_PavimentacaoSantaRosa_01.jpg?resize=768%2C373&amp;ssl=1 768w, https:\/\/i0.wp.com\/blogdoeloiltoncajuhy.com.br\/site\/wp-content\/uploads\/2019\/10\/PMJ_PavimentacaoSantaRosa_01.jpg?resize=1024%2C498&amp;ssl=1 1024w, https:\/\/i0.wp.com\/blogdoeloiltoncajuhy.com.br\/site\/wp-content\/uploads\/2019\/10\/PMJ_PavimentacaoSantaRosa_01.jpg?resize=250%2C122&amp;ssl=1 250w\" sizes=\"(max-width: 800px) 100vw, 800px\" \/><\/figure><\/div>\n\n\n\n<p>Na ultima segunda-feira (14), o prefeito de Jaguarari, Everton Rocha, visitou o distrito de Santa Rosa. Durante reuni\u00e3o com o ex-vereador, Marcos Vieira, recebeu das m\u00e3os da lideran\u00e7a pol\u00edtica local algumas demandas urgentes passadas pelos moradores do distrito, entre elas a pavimenta\u00e7\u00e3o das ruas Ot\u00e1vio Mangabeira, Travessa Severiano Alves 1 e 2 e Rua Jo\u00e3o Borges.<\/p>\n\n\n\n<p>Entendendo a necessidade da popula\u00e7\u00e3o, o prefeito determinou que a Secretaria de Infraestrutura realizasse os trabalhos de medi\u00e7\u00e3o e topografia, iniciados desde a ultima quinta-feira (17). O inicio desta a\u00e7\u00e3o esta sendo acompanhado de perto pelo secret\u00e1rio de Infraestrutura, F\u00e1bio Vieira.<\/p>\n\n\n\n<p><em>&#8220;Iniciar mais esta a\u00e7\u00e3o em Santa Rosa \u00e9 pra mim motivo de orgulho, por ser filho desta localidade. Estamos fazendo a topografia para posteriormente iniciarmos a obra de cal\u00e7amento destas ruas. E \u00e9 dessa forma, a popula\u00e7\u00e3o pede a prefeitura faz&#8221;<\/em>, falou Fabio Vieira.<\/p>\n\n\n\n<div class=\"wp-block-image\"><figure class=\"aligncenter\"><img decoding=\"async\" width=\"1152\" height=\"560\" src=\"https:\/\/i0.wp.com\/blogdoeloiltoncajuhy.com.br\/site\/wp-content\/uploads\/2019\/10\/PMJ_PavimentacaoSantaRosa_02.jpg?fit=590%2C287\" alt=\"\" class=\"wp-image-38212\" srcset=\"https:\/\/i0.wp.com\/blogdoeloiltoncajuhy.com.br\/site\/wp-content\/uploads\/2019\/10\/PMJ_PavimentacaoSantaRosa_02.jpg?w=1152&amp;ssl=1 1152w, https:\/\/i0.wp.com\/blogdoeloiltoncajuhy.com.br\/site\/wp-content\/uploads\/2019\/10\/PMJ_PavimentacaoSantaRosa_02.jpg?resize=300%2C146&amp;ssl=1 300w, https:\/\/i0.wp.com\/blogdoeloiltoncajuhy.com.br\/site\/wp-content\/uploads\/2019\/10\/PMJ_PavimentacaoSantaRosa_02.jpg?resize=768%2C373&amp;ssl=1 768w, https:\/\/i0.wp.com\/blogdoeloiltoncajuhy.com.br\/site\/wp-content\/uploads\/2019\/10\/PMJ_PavimentacaoSantaRosa_02.jpg?resize=1024%2C498&amp;ssl=1 1024w, https:\/\/i0.wp.com\/blogdoeloiltoncajuhy.com.br\/site\/wp-content\/uploads\/2019\/10\/PMJ_PavimentacaoSantaRosa_02.jpg?resize=250%2C122&amp;ssl=1 250w\" sizes=\"(max-width: 800px) 100vw, 800px\" \/><\/figure><\/div>\n","protected":false},"excerpt":{"rendered":"<p>ASCOM &#8211; Prefeitura de Jaguarari-BA Na ultima segunda-feira (14), o prefeito de Jaguarari, Everton Rocha, visitou o distrito de Santa Rosa. Durante reuni\u00e3o com o ex-vereador, Marcos Vieira, recebeu das m\u00e3os da lideran\u00e7a pol\u00edtica local algumas demandas urgentes passadas pelos moradores do distrito, entre elas a pavimenta\u00e7\u00e3o das ruas Ot\u00e1vio Mangabeira, Travessa Severiano Alves 1 [&hellip;]<\/p>\n","protected":false},"author":2,"featured_media":38212,"comment_status":"open","ping_status":"open","sticky":false,"template":"","format":"standard","meta":{"_acf_changed":false,"_monsterinsights_skip_tracking":false,"_monsterinsights_sitenote_active":false,"_monsterinsights_sitenote_note":"","_monsterinsights_sitenote_category":0,"_jetpack_memberships_contains_paid_content":false,"footnotes":"","jetpack_publicize_message":"","jetpack_publicize_feature_enabled":true,"jetpack_social_post_already_shared":true,"jetpack_social_options":{"image_generator_settings":{"template":"highway","default_image_id":0,"font":"","enabled":false},"version":2}},"categories":[1,3,11],"tags":[],"class_list":["post-38210","post","type-post","status-publish","format-standard","has-post-thumbnail","hentry","category-noticias","category-politica","category-regional"],"acf":[],"jetpack_publicize_connections":[],"jetpack_featured_media_url":"https:\/\/i0.wp.com\/blogdoeloiltoncajuhy.com.br\/site\/wp-content\/uploads\/2019\/10\/PMJ_PavimentacaoSantaRosa_02.jpg?fit=1152%2C560&ssl=1","jetpack_sharing_enabled":true,"publishpress_future_workflow_manual_trigger":{"enabledWorkflows":[]},"_links":{"self":[{"href":"https:\/\/blogdoeloiltoncajuhy.com.br\/site\/wp-json\/wp\/v2\/posts\/38210","targetHints":{"allow":["GET"]}}],"collection":[{"href":"https:\/\/blogdoeloiltoncajuhy.com.br\/site\/wp-json\/wp\/v2\/posts"}],"about":[{"href":"https:\/\/blogdoeloiltoncajuhy.com.br\/site\/wp-json\/wp\/v2\/types\/post"}],"author":[{"embeddable":true,"href":"https:\/\/blogdoeloiltoncajuhy.com.br\/site\/wp-json\/wp\/v2\/users\/2"}],"replies":[{"embeddable":true,"href":"https:\/\/blogdoeloiltoncajuhy.com.br\/site\/wp-json\/wp\/v2\/comments?post=38210"}],"version-history":[{"count":1,"href":"https:\/\/blogdoeloiltoncajuhy.com.br\/site\/wp-json\/wp\/v2\/posts\/38210\/revisions"}],"predecessor-version":[{"id":38213,"href":"https:\/\/blogdoeloiltoncajuhy.com.br\/site\/wp-json\/wp\/v2\/posts\/38210\/revisions\/38213"}],"wp:featuredmedia":[{"embeddable":true,"href":"https:\/\/blogdoeloiltoncajuhy.com.br\/site\/wp-json\/wp\/v2\/media\/38212"}],"wp:attachment":[{"href":"https:\/\/blogdoeloiltoncajuhy.com.br\/site\/wp-json\/wp\/v2\/media?parent=38210"}],"wp:term":[{"taxonomy":"category","embeddable":true,"href":"https:\/\/blogdoeloiltoncajuhy.com.br\/site\/wp-json\/wp\/v2\/categories?post=38210"},{"taxonomy":"post_tag","embeddable":true,"href":"https:\/\/blogdoeloiltoncajuhy.com.br\/site\/wp-json\/wp\/v2\/tags?post=38210"}],"curies":[{"name":"wp","href":"https:\/\/api.w.org\/{rel}","templated":true}]}}