{"id":38205,"date":"2019-10-19T08:41:24","date_gmt":"2019-10-19T11:41:24","guid":{"rendered":"http:\/\/blogdoeloiltoncajuhy.com.br\/site\/?p=38205"},"modified":"2019-10-19T08:41:30","modified_gmt":"2019-10-19T11:41:30","slug":"camara-aprova-teste-de-gravidez-antes-de-demissao-de-trabalhadora","status":"publish","type":"post","link":"https:\/\/blogdoeloiltoncajuhy.com.br\/site\/camara-aprova-teste-de-gravidez-antes-de-demissao-de-trabalhadora\/","title":{"rendered":"C\u00e2mara aprova teste de gravidez antes de demiss\u00e3o de trabalhadora"},"content":{"rendered":"\n<p><strong>Da R\u00e1dio C\u00e2mara, de Bras\u00edlia, S\u00edlvia Mugnatto<\/strong><\/p>\n\n\n\n<div class=\"wp-block-image\"><figure class=\"aligncenter is-resized\"><img data-recalc-dims=\"1\" fetchpriority=\"high\" decoding=\"async\" src=\"https:\/\/i0.wp.com\/blogdoeloiltoncajuhy.com.br\/site\/wp-content\/uploads\/2016\/02\/carteiras-de-trababalho.jpg?resize=450%2C338\" alt=\"\" class=\"wp-image-7403\" width=\"450\" height=\"338\" srcset=\"https:\/\/i0.wp.com\/blogdoeloiltoncajuhy.com.br\/site\/wp-content\/uploads\/2016\/02\/carteiras-de-trababalho.jpg?w=600&amp;ssl=1 600w, https:\/\/i0.wp.com\/blogdoeloiltoncajuhy.com.br\/site\/wp-content\/uploads\/2016\/02\/carteiras-de-trababalho.jpg?resize=300%2C225&amp;ssl=1 300w, https:\/\/i0.wp.com\/blogdoeloiltoncajuhy.com.br\/site\/wp-content\/uploads\/2016\/02\/carteiras-de-trababalho.jpg?resize=250%2C188&amp;ssl=1 250w\" sizes=\"(max-width: 450px) 100vw, 450px\" \/><\/figure><\/div>\n\n\n\n<p>A C\u00e2mara dos Deputados aprovou projeto (PL 6074\/16) do deputado Laercio Oliveira (PP-SE) que prev\u00ea a exig\u00eancia de teste de gravidez antes de demiss\u00e3o de funcion\u00e1ria. O deputado Sanderson (PSL-RS) foi o relator da proposta na \u00faltima comiss\u00e3o que analisou o tema na C\u00e2mara, a Comiss\u00e3o de Constitui\u00e7\u00e3o e Justi\u00e7a. Sanderson explicou que a mudan\u00e7a traz seguran\u00e7a jur\u00eddica tanto para a empresa quanto para a trabalhadora:<\/p>\n\n\n\n<p><em>\u201cPorque muitas vezes a trabalhadora era demitida e sequer sabia que estava gr\u00e1vida. E a\u00ed, logo ali na frente, tinha que ser readmitida ou ent\u00e3o demandar judicialmente para que os seus direitos fossem garantidos. Ent\u00e3o, com esse projeto buscamos evitar a judicializa\u00e7\u00e3o, evitar constrangimentos&#8221;<\/em>.<\/p>\n\n\n\n<p>A trabalhadora gestante tem direito \u00e0 estabilidade at\u00e9 cinco meses ap\u00f3s o parto.<\/p>\n\n\n\n<p>Para o deputado Pompeo de Mattos (PDT-RS), a exig\u00eancia \u00e9 uma possibilidade dada a cada empregador. Mas tamb\u00e9m a trabalhadora poderia se recusar a fazer o teste, embora isso eventualmente possa ser prejudicial para ela:<\/p>\n\n\n\n<p><em>\u201c\u00c9 um direito, o direito a gente exerce ou n\u00e3o. Eu acho que colocamos na lei o direito da mulher de ter o exame, o dever da empresa de ofertar o exame. Se a empresa n\u00e3o ofertar, a mulher pode cobrar. Se a empresa ofertar, ela pode recusar. Ela n\u00e3o \u00e9 obrigada a fazer este exame&#8221;<\/em>.<\/p>\n\n\n\n<p>Alessandra Martins, presidente da Associa\u00e7\u00e3o Brasileira dos Advogados Trabalhistas, explica o que a trabalhadora deve fazer caso descubra que est\u00e1 gr\u00e1vida ap\u00f3s ser demitida:<\/p>\n\n\n\n<p><em>\u201cEla deve procurar um advogado do sindicato de sua categoria ou o Minist\u00e9rio P\u00fablico do Trabalho para que possa agilizar imediatamente uma a\u00e7\u00e3o para a reintegra\u00e7\u00e3o. Porque j\u00e1 existe uma decis\u00e3o do Supremo Tribunal Federal do ano passado aonde independe de conhecimento pr\u00e9vio do empregador para que haja o direito a essa estabilidade&#8221;<\/em>.<\/p>\n\n\n\n<p>A legisla\u00e7\u00e3o trabalhista pro\u00edbe a realiza\u00e7\u00e3o de exames para comprova\u00e7\u00e3o de esterilidade ou gravidez na admiss\u00e3o de trabalhadores ou para perman\u00eancia no emprego.<\/p>\n\n\n\n<p>A proposta que prev\u00ea a exig\u00eancia de exame de gravidez antes de demiss\u00e3o de funcion\u00e1ria ser\u00e1 analisada agora pelo Senado.<\/p>\n","protected":false},"excerpt":{"rendered":"<p>Da R\u00e1dio C\u00e2mara, de Bras\u00edlia, S\u00edlvia Mugnatto A C\u00e2mara dos Deputados aprovou projeto (PL 6074\/16) do deputado Laercio Oliveira (PP-SE) que prev\u00ea a exig\u00eancia de teste de gravidez antes de demiss\u00e3o de funcion\u00e1ria. O deputado Sanderson (PSL-RS) foi o relator da proposta na \u00faltima comiss\u00e3o que analisou o tema na C\u00e2mara, a Comiss\u00e3o de Constitui\u00e7\u00e3o [&hellip;]<\/p>\n","protected":false},"author":2,"featured_media":0,"comment_status":"open","ping_status":"open","sticky":false,"template":"","format":"standard","meta":{"_acf_changed":false,"_monsterinsights_skip_tracking":false,"_monsterinsights_sitenote_active":false,"_monsterinsights_sitenote_note":"","_monsterinsights_sitenote_category":0,"_jetpack_memberships_contains_paid_content":false,"footnotes":"","jetpack_publicize_message":"","jetpack_publicize_feature_enabled":true,"jetpack_social_post_already_shared":true,"jetpack_social_options":{"image_generator_settings":{"template":"highway","default_image_id":0,"font":"","enabled":false},"version":2}},"categories":[1,3],"tags":[],"class_list":["post-38205","post","type-post","status-publish","format-standard","hentry","category-noticias","category-politica"],"acf":[],"jetpack_publicize_connections":[],"jetpack_featured_media_url":"","jetpack_sharing_enabled":true,"publishpress_future_workflow_manual_trigger":{"enabledWorkflows":[]},"_links":{"self":[{"href":"https:\/\/blogdoeloiltoncajuhy.com.br\/site\/wp-json\/wp\/v2\/posts\/38205","targetHints":{"allow":["GET"]}}],"collection":[{"href":"https:\/\/blogdoeloiltoncajuhy.com.br\/site\/wp-json\/wp\/v2\/posts"}],"about":[{"href":"https:\/\/blogdoeloiltoncajuhy.com.br\/site\/wp-json\/wp\/v2\/types\/post"}],"author":[{"embeddable":true,"href":"https:\/\/blogdoeloiltoncajuhy.com.br\/site\/wp-json\/wp\/v2\/users\/2"}],"replies":[{"embeddable":true,"href":"https:\/\/blogdoeloiltoncajuhy.com.br\/site\/wp-json\/wp\/v2\/comments?post=38205"}],"version-history":[{"count":1,"href":"https:\/\/blogdoeloiltoncajuhy.com.br\/site\/wp-json\/wp\/v2\/posts\/38205\/revisions"}],"predecessor-version":[{"id":38206,"href":"https:\/\/blogdoeloiltoncajuhy.com.br\/site\/wp-json\/wp\/v2\/posts\/38205\/revisions\/38206"}],"wp:attachment":[{"href":"https:\/\/blogdoeloiltoncajuhy.com.br\/site\/wp-json\/wp\/v2\/media?parent=38205"}],"wp:term":[{"taxonomy":"category","embeddable":true,"href":"https:\/\/blogdoeloiltoncajuhy.com.br\/site\/wp-json\/wp\/v2\/categories?post=38205"},{"taxonomy":"post_tag","embeddable":true,"href":"https:\/\/blogdoeloiltoncajuhy.com.br\/site\/wp-json\/wp\/v2\/tags?post=38205"}],"curies":[{"name":"wp","href":"https:\/\/api.w.org\/{rel}","templated":true}]}}