{"id":38202,"date":"2019-10-19T08:14:15","date_gmt":"2019-10-19T11:14:15","guid":{"rendered":"http:\/\/blogdoeloiltoncajuhy.com.br\/site\/?p=38202"},"modified":"2019-10-19T08:14:21","modified_gmt":"2019-10-19T11:14:21","slug":"audiencia-publica-na-camara-dos-deputados-debate-exigencia-de-exame-toxicologico-em-motoristas","status":"publish","type":"post","link":"https:\/\/blogdoeloiltoncajuhy.com.br\/site\/audiencia-publica-na-camara-dos-deputados-debate-exigencia-de-exame-toxicologico-em-motoristas\/","title":{"rendered":"Audi\u00eancia p\u00fablica na C\u00e2mara dos Deputados debate exig\u00eancia de exame toxicol\u00f3gico em motoristas"},"content":{"rendered":"\n<p><strong>Da R\u00e1dio C\u00e2mara, de Bras\u00edlia, Luiz Cl\u00e1udio Canuto<\/strong><\/p>\n\n\n\n<div class=\"wp-block-image\"><figure class=\"aligncenter\"><img data-recalc-dims=\"1\" fetchpriority=\"high\" decoding=\"async\" width=\"600\" height=\"234\" src=\"https:\/\/i0.wp.com\/blogdoeloiltoncajuhy.com.br\/site\/wp-content\/uploads\/2019\/10\/exame-tox.jpg?resize=600%2C234\" alt=\"\" class=\"wp-image-38203\" srcset=\"https:\/\/i0.wp.com\/blogdoeloiltoncajuhy.com.br\/site\/wp-content\/uploads\/2019\/10\/exame-tox.jpg?w=600&amp;ssl=1 600w, https:\/\/i0.wp.com\/blogdoeloiltoncajuhy.com.br\/site\/wp-content\/uploads\/2019\/10\/exame-tox.jpg?resize=300%2C117&amp;ssl=1 300w, https:\/\/i0.wp.com\/blogdoeloiltoncajuhy.com.br\/site\/wp-content\/uploads\/2019\/10\/exame-tox.jpg?resize=250%2C98&amp;ssl=1 250w\" sizes=\"(max-width: 600px) 100vw, 600px\" \/><\/figure><\/div>\n\n\n\n<p>Na pr\u00f3xima ter\u00e7a-feira (22), a Comiss\u00e3o Especial que analisa mudan\u00e7as no C\u00f3digo de Tr\u00e2nsito (PL 3267\/19) promove audi\u00eancia p\u00fablica a partir das 2 e meia da tarde para discutir a exig\u00eancia do exame toxicol\u00f3gico em motoristas. Uma lei de 2015 (Lei 13.103\/15) tornou obrigat\u00f3rio o exame toxicol\u00f3gico para habilita\u00e7\u00e3o, renova\u00e7\u00e3o e mudan\u00e7a da carteira para as categorias C, D e E, que s\u00e3o os de caminh\u00f5es e \u00f4nibus.<\/p>\n\n\n\n<p>Mas o projeto que muda o C\u00f3digo retira a exig\u00eancia do exame sob o argumento do elevado pre\u00e7o para a falta de exatid\u00e3o. O exame busca no motorista subst\u00e2ncias psicoativas que comprometam a capacidade de dire\u00e7\u00e3o e que tenham per\u00edodo de detec\u00e7\u00e3o de no m\u00ednimo 90 dias.<\/p>\n\n\n\n<p>Um dos autores do requerimento para a audi\u00eancia p\u00fablica, deputado Hugo Leal, do PSD do Rio de Janeiro, \u00e9 contra a retirada da exig\u00eancia do C\u00f3digo de Tr\u00e2nsito.<\/p>\n\n\n\n<p><em>\u201cA pr\u00f3pria Associa\u00e7\u00e3o Brasileira de Medicina de Tr\u00e1fego e outras entidades que inicialmente tinham alguns obst\u00e1culos com rela\u00e7\u00e3o ao exame toxicol\u00f3gico hoje reconhecem, pelos resultados, reconhecem pela sua an\u00e1lise, que eles t\u00eam trazido um efeito positivo do ponto de vista de livrar o ambiente, o tr\u00e2nsito, dessas pessoas que infelizmente, \u00e0s vezes por desvio, por doen\u00e7a, mesmo, por uma quest\u00e3o social, fazem uso dessas subst\u00e2ncias\u201d<\/em>.<\/p>\n\n\n\n<p>Nos \u00faltimos dois anos houve redu\u00e7\u00e3o em 23% no n\u00famero de acidentes em rodovias federais. O deputado acha que os exames toxicol\u00f3gicos t\u00eam rela\u00e7\u00e3o com isso.<\/p>\n\n\n\n<p>Entre os convidados para a audi\u00eancia p\u00fablica sobre o exame toxicol\u00f3gico em motoristas, est\u00e3o o diretor do Denatran, Jerry Adriane Rodrigues, e representantes da Pol\u00edcia Rodovi\u00e1ria Federal, do Minist\u00e9rio P\u00fablico do Trabalho, da Confedera\u00e7\u00e3o Nacional dos Transportes, de organiza\u00e7\u00f5es ligadas \u00e0 seguran\u00e7a no tr\u00e2nsito e de associa\u00e7\u00f5es ligadas aos caminhoneiros e \u00e0 \u00e1rea de toxicologia.<\/p>\n\n\n\n<p>A audi\u00eancia p\u00fablica vai ocorrer no plen\u00e1rio 6 do corredor das comiss\u00f5es. Come\u00e7a \u00e0s duas e meia da tarde da ter\u00e7a-feira e qualquer pessoa interessada pode assistir. Homens n\u00e3o podem entrar na C\u00e2mara de bermuda e camiseta sem manga.<\/p>\n","protected":false},"excerpt":{"rendered":"<p>Da R\u00e1dio C\u00e2mara, de Bras\u00edlia, Luiz Cl\u00e1udio Canuto Na pr\u00f3xima ter\u00e7a-feira (22), a Comiss\u00e3o Especial que analisa mudan\u00e7as no C\u00f3digo de Tr\u00e2nsito (PL 3267\/19) promove audi\u00eancia p\u00fablica a partir das 2 e meia da tarde para discutir a exig\u00eancia do exame toxicol\u00f3gico em motoristas. Uma lei de 2015 (Lei 13.103\/15) tornou obrigat\u00f3rio o exame toxicol\u00f3gico [&hellip;]<\/p>\n","protected":false},"author":2,"featured_media":38203,"comment_status":"open","ping_status":"open","sticky":false,"template":"","format":"standard","meta":{"_acf_changed":false,"_monsterinsights_skip_tracking":false,"_monsterinsights_sitenote_active":false,"_monsterinsights_sitenote_note":"","_monsterinsights_sitenote_category":0,"_jetpack_memberships_contains_paid_content":false,"footnotes":"","jetpack_publicize_message":"","jetpack_publicize_feature_enabled":true,"jetpack_social_post_already_shared":true,"jetpack_social_options":{"image_generator_settings":{"template":"highway","default_image_id":0,"font":"","enabled":false},"version":2}},"categories":[1,3],"tags":[],"class_list":["post-38202","post","type-post","status-publish","format-standard","has-post-thumbnail","hentry","category-noticias","category-politica"],"acf":[],"jetpack_publicize_connections":[],"jetpack_featured_media_url":"https:\/\/i0.wp.com\/blogdoeloiltoncajuhy.com.br\/site\/wp-content\/uploads\/2019\/10\/exame-tox.jpg?fit=600%2C234&ssl=1","jetpack_sharing_enabled":true,"publishpress_future_workflow_manual_trigger":{"enabledWorkflows":[]},"_links":{"self":[{"href":"https:\/\/blogdoeloiltoncajuhy.com.br\/site\/wp-json\/wp\/v2\/posts\/38202","targetHints":{"allow":["GET"]}}],"collection":[{"href":"https:\/\/blogdoeloiltoncajuhy.com.br\/site\/wp-json\/wp\/v2\/posts"}],"about":[{"href":"https:\/\/blogdoeloiltoncajuhy.com.br\/site\/wp-json\/wp\/v2\/types\/post"}],"author":[{"embeddable":true,"href":"https:\/\/blogdoeloiltoncajuhy.com.br\/site\/wp-json\/wp\/v2\/users\/2"}],"replies":[{"embeddable":true,"href":"https:\/\/blogdoeloiltoncajuhy.com.br\/site\/wp-json\/wp\/v2\/comments?post=38202"}],"version-history":[{"count":1,"href":"https:\/\/blogdoeloiltoncajuhy.com.br\/site\/wp-json\/wp\/v2\/posts\/38202\/revisions"}],"predecessor-version":[{"id":38204,"href":"https:\/\/blogdoeloiltoncajuhy.com.br\/site\/wp-json\/wp\/v2\/posts\/38202\/revisions\/38204"}],"wp:featuredmedia":[{"embeddable":true,"href":"https:\/\/blogdoeloiltoncajuhy.com.br\/site\/wp-json\/wp\/v2\/media\/38203"}],"wp:attachment":[{"href":"https:\/\/blogdoeloiltoncajuhy.com.br\/site\/wp-json\/wp\/v2\/media?parent=38202"}],"wp:term":[{"taxonomy":"category","embeddable":true,"href":"https:\/\/blogdoeloiltoncajuhy.com.br\/site\/wp-json\/wp\/v2\/categories?post=38202"},{"taxonomy":"post_tag","embeddable":true,"href":"https:\/\/blogdoeloiltoncajuhy.com.br\/site\/wp-json\/wp\/v2\/tags?post=38202"}],"curies":[{"name":"wp","href":"https:\/\/api.w.org\/{rel}","templated":true}]}}