{"id":38184,"date":"2019-10-18T07:24:16","date_gmt":"2019-10-18T10:24:16","guid":{"rendered":"http:\/\/blogdoeloiltoncajuhy.com.br\/site\/?p=38184"},"modified":"2019-10-18T07:24:22","modified_gmt":"2019-10-18T10:24:22","slug":"esportes-martelo-batido-final-da-libertadores-de-2020-sera-no-maracana","status":"publish","type":"post","link":"https:\/\/blogdoeloiltoncajuhy.com.br\/site\/esportes-martelo-batido-final-da-libertadores-de-2020-sera-no-maracana\/","title":{"rendered":"ESPORTES: Martelo batido! Final da Libertadores de 2020 ser\u00e1 no Maracan\u00e3"},"content":{"rendered":"\n<p><strong>Bahia Not\u00edcias<\/strong><\/p>\n\n\n\n<div class=\"wp-block-image\"><figure class=\"aligncenter is-resized\"><img data-recalc-dims=\"1\" fetchpriority=\"high\" decoding=\"async\" src=\"https:\/\/i0.wp.com\/blogdoeloiltoncajuhy.com.br\/site\/wp-content\/uploads\/2019\/10\/Maracan%C3%A3_Out-2019.jpg?resize=444%2C327\" alt=\"\" class=\"wp-image-38185\" width=\"444\" height=\"327\" srcset=\"https:\/\/i0.wp.com\/blogdoeloiltoncajuhy.com.br\/site\/wp-content\/uploads\/2019\/10\/Maracan%C3%A3_Out-2019.jpg?w=380&amp;ssl=1 380w, https:\/\/i0.wp.com\/blogdoeloiltoncajuhy.com.br\/site\/wp-content\/uploads\/2019\/10\/Maracan%C3%A3_Out-2019.jpg?resize=300%2C221&amp;ssl=1 300w, https:\/\/i0.wp.com\/blogdoeloiltoncajuhy.com.br\/site\/wp-content\/uploads\/2019\/10\/Maracan%C3%A3_Out-2019.jpg?resize=250%2C184&amp;ssl=1 250w\" sizes=\"(max-width: 444px) 100vw, 444px\" \/><\/figure><\/div>\n\n\n\n<p>O Est\u00e1dio do Maracan\u00e3, no Rio de Janeiro, ser\u00e1 palco da final da Copa Libertadores da Am\u00e9rica de 2020. O an\u00fancio foi feito pela Conmebol nesta quinta-feira (17), na sua sede em Assun\u00e7\u00e3o, no Paraguai, e a pra\u00e7a esportiva receber\u00e1 a decis\u00e3o do maior torneio de clubes da Am\u00e9rica do Sul justamente no ano em que completa 70 anos.<\/p>\n\n\n\n<p>O jogo est\u00e1 marcado para o dia 21 de novembro, um s\u00e1bado. J\u00e1 a disputa do t\u00edtulo da Copa Sul-Americana ser\u00e1 no est\u00e1dio Mario Kempes, em C\u00f3rdoba, na Argentina, no dia 7 do mesmo m\u00eas, uma quinta.<\/p>\n\n\n\n<p><em>&#8220;Por decis\u00e3o do Conselho da Conmebol, foram selecionadas as cidades de Rio de Janeiro e C\u00f3rdoba como cidades-sedes para as finais \u00fanicas de 2020&#8221;<\/em>, informou a Conmebol.<\/p>\n\n\n\n<p>Ser\u00e1 a segunda vez na hist\u00f3ria da Libertadores que o Maracan\u00e3 ver\u00e1 a volta ol\u00edmpica de um time campe\u00e3o. A primeira foi em 2008 quando a LDU venceu o Fluminense nos p\u00eanaltis. Em 1981, o Flamengo conquistou o t\u00edtulo sobre o Cobreloa, do Chile, no terceiro jogo da decis\u00e3o, ap\u00f3s empatar no saldo de gols os duelos no Maraca e no Est\u00e1dio Nacional. J\u00e1 o Vasco levou a ta\u00e7a em Guaiaquil, no Equador, contra o Barcelona, ap\u00f3s jogar o primeiro duelo em S\u00e3o Janu\u00e1rio.<\/p>\n\n\n\n<p>A Libertadores e a Copa Sul-Americana de 2019 ser\u00e3o decididas em jogo \u00fanico, respectivamente, nos dias 23 e 9 de novembro. At\u00e9 2018, os torneios eram definidos com partidas de ida e volta.<\/p>\n","protected":false},"excerpt":{"rendered":"<p>Bahia Not\u00edcias O Est\u00e1dio do Maracan\u00e3, no Rio de Janeiro, ser\u00e1 palco da final da Copa Libertadores da Am\u00e9rica de 2020. O an\u00fancio foi feito pela Conmebol nesta quinta-feira (17), na sua sede em Assun\u00e7\u00e3o, no Paraguai, e a pra\u00e7a esportiva receber\u00e1 a decis\u00e3o do maior torneio de clubes da Am\u00e9rica do Sul justamente no [&hellip;]<\/p>\n","protected":false},"author":2,"featured_media":38185,"comment_status":"open","ping_status":"open","sticky":false,"template":"","format":"standard","meta":{"_acf_changed":false,"_monsterinsights_skip_tracking":false,"_monsterinsights_sitenote_active":false,"_monsterinsights_sitenote_note":"","_monsterinsights_sitenote_category":0,"_jetpack_memberships_contains_paid_content":false,"footnotes":"","jetpack_publicize_message":"","jetpack_publicize_feature_enabled":true,"jetpack_social_post_already_shared":true,"jetpack_social_options":{"image_generator_settings":{"template":"highway","default_image_id":0,"font":"","enabled":false},"version":2}},"categories":[6,1],"tags":[],"class_list":["post-38184","post","type-post","status-publish","format-standard","has-post-thumbnail","hentry","category-esportes","category-noticias"],"acf":[],"jetpack_publicize_connections":[],"jetpack_featured_media_url":"https:\/\/i0.wp.com\/blogdoeloiltoncajuhy.com.br\/site\/wp-content\/uploads\/2019\/10\/Maracan%C3%A3_Out-2019.jpg?fit=380%2C280&ssl=1","jetpack_sharing_enabled":true,"publishpress_future_workflow_manual_trigger":{"enabledWorkflows":[]},"_links":{"self":[{"href":"https:\/\/blogdoeloiltoncajuhy.com.br\/site\/wp-json\/wp\/v2\/posts\/38184","targetHints":{"allow":["GET"]}}],"collection":[{"href":"https:\/\/blogdoeloiltoncajuhy.com.br\/site\/wp-json\/wp\/v2\/posts"}],"about":[{"href":"https:\/\/blogdoeloiltoncajuhy.com.br\/site\/wp-json\/wp\/v2\/types\/post"}],"author":[{"embeddable":true,"href":"https:\/\/blogdoeloiltoncajuhy.com.br\/site\/wp-json\/wp\/v2\/users\/2"}],"replies":[{"embeddable":true,"href":"https:\/\/blogdoeloiltoncajuhy.com.br\/site\/wp-json\/wp\/v2\/comments?post=38184"}],"version-history":[{"count":1,"href":"https:\/\/blogdoeloiltoncajuhy.com.br\/site\/wp-json\/wp\/v2\/posts\/38184\/revisions"}],"predecessor-version":[{"id":38186,"href":"https:\/\/blogdoeloiltoncajuhy.com.br\/site\/wp-json\/wp\/v2\/posts\/38184\/revisions\/38186"}],"wp:featuredmedia":[{"embeddable":true,"href":"https:\/\/blogdoeloiltoncajuhy.com.br\/site\/wp-json\/wp\/v2\/media\/38185"}],"wp:attachment":[{"href":"https:\/\/blogdoeloiltoncajuhy.com.br\/site\/wp-json\/wp\/v2\/media?parent=38184"}],"wp:term":[{"taxonomy":"category","embeddable":true,"href":"https:\/\/blogdoeloiltoncajuhy.com.br\/site\/wp-json\/wp\/v2\/categories?post=38184"},{"taxonomy":"post_tag","embeddable":true,"href":"https:\/\/blogdoeloiltoncajuhy.com.br\/site\/wp-json\/wp\/v2\/tags?post=38184"}],"curies":[{"name":"wp","href":"https:\/\/api.w.org\/{rel}","templated":true}]}}