{"id":38179,"date":"2019-10-18T06:58:45","date_gmt":"2019-10-18T09:58:45","guid":{"rendered":"http:\/\/blogdoeloiltoncajuhy.com.br\/site\/?p=38179"},"modified":"2019-10-18T06:58:52","modified_gmt":"2019-10-18T09:58:52","slug":"veja-o-resumo-da-sessao-ordinaria-da-camara-municipal-de-senhor-do-bonfim-desta-quinta-feira-17","status":"publish","type":"post","link":"https:\/\/blogdoeloiltoncajuhy.com.br\/site\/veja-o-resumo-da-sessao-ordinaria-da-camara-municipal-de-senhor-do-bonfim-desta-quinta-feira-17\/","title":{"rendered":"Veja o resumo da sess\u00e3o ordin\u00e1ria da C\u00e2mara Municipal de Senhor do Bonfim desta quinta-feira (17)"},"content":{"rendered":"\n<p><strong>ASCOM &#8211; C\u00e2mara Municipal de Senhor do Bonfim-BA<\/strong><\/p>\n\n\n\n<div class=\"wp-block-image\"><figure class=\"aligncenter\"><img data-recalc-dims=\"1\" fetchpriority=\"high\" decoding=\"async\" width=\"800\" height=\"533\" src=\"https:\/\/i0.wp.com\/blogdoeloiltoncajuhy.com.br\/site\/wp-content\/uploads\/2019\/02\/C%C3%A2mara-Municipal-de-Senhor-do-Bonfim-0912.jpg?resize=800%2C533\" alt=\"\" class=\"wp-image-31832\" srcset=\"https:\/\/i0.wp.com\/blogdoeloiltoncajuhy.com.br\/site\/wp-content\/uploads\/2019\/02\/C%C3%A2mara-Municipal-de-Senhor-do-Bonfim-0912.jpg?resize=1024%2C682&amp;ssl=1 1024w, https:\/\/i0.wp.com\/blogdoeloiltoncajuhy.com.br\/site\/wp-content\/uploads\/2019\/02\/C%C3%A2mara-Municipal-de-Senhor-do-Bonfim-0912.jpg?resize=300%2C200&amp;ssl=1 300w, https:\/\/i0.wp.com\/blogdoeloiltoncajuhy.com.br\/site\/wp-content\/uploads\/2019\/02\/C%C3%A2mara-Municipal-de-Senhor-do-Bonfim-0912.jpg?resize=768%2C512&amp;ssl=1 768w, https:\/\/i0.wp.com\/blogdoeloiltoncajuhy.com.br\/site\/wp-content\/uploads\/2019\/02\/C%C3%A2mara-Municipal-de-Senhor-do-Bonfim-0912.jpg?resize=250%2C167&amp;ssl=1 250w, https:\/\/i0.wp.com\/blogdoeloiltoncajuhy.com.br\/site\/wp-content\/uploads\/2019\/02\/C%C3%A2mara-Municipal-de-Senhor-do-Bonfim-0912.jpg?w=1280&amp;ssl=1 1280w\" sizes=\"(max-width: 800px) 100vw, 800px\" \/><\/figure><\/div>\n\n\n\n<p>Nesta quinta-feira, 17 de outubro, foi realizada a 21\u00aa Sess\u00e3o Ordin\u00e1ria do 2\u00ba Per\u00edodo Ordin\u00e1rio, do ano de 2019, da C\u00e2mara Municipal de Senhor do Bonfim. Conduzida pelo Presidente da Casa, vereador Cleiton Vieira, com a chamada dos vereadores, onde havendo n\u00famero legal \u00e9 declarada aberta.<\/p>\n\n\n\n<p>O Sr. Presidente informa que solicitaram o abono de suas faltas os vereadores ANDREILTO DE ALMEIDA e LA\u00c9RCIO MUNIZ DE AZEVEDO J\u00daNIOR, cujas justificativas, respectivamente, s\u00e3o: Por estar de atestado m\u00e9dico; por estar em viagem oficial a cidade de Salvador-BA, Todavia, a Mesa Diretora avaliar\u00e1.<\/p>\n\n\n\n<p>Em seguida, atendendo o Regimento Interno, em seu art. 141, foi encaminhada a ata da sess\u00e3o anterior aos e-mails de todos os vereadores, foi colocada em discuss\u00e3o e, ningu\u00e9m querendo discutir, \u00e9 colocada em vota\u00e7\u00e3o, sendo aprovada.<\/p>\n\n\n\n<p class=\"has-medium-font-size\"><strong>Passa-se \u00e0 leitura do expediente, que consta das seguintes mat\u00e9rias:<\/strong> <\/p>\n\n\n\n<p>INDICA\u00c7\u00c3O N\u00ba 001\/2019, de autoria do Vereador Jorge Souza e Silva Filho, que \u201cindica a necessidade de se proceder medidas para viabilizar a pavimenta\u00e7\u00e3o da rua Maria Bet\u00e2nia, bairro Itamaraty\u201d;<\/p>\n\n\n\n<p>PEDIDO DE PROVID\u00caNCIA N\u00ba 002\/2019, de autoria do vereador Ot\u00e1vio Xisto de Souza J\u00fanior, que solicita que \u201co Poder Executivo Municipal requeira ao DNIT o servi\u00e7o de reparo da cratera localizada no acostamento da BR Km 407, que fica em frente \u00e0 Churrascaria Bode Assado do M\u00e1rcio\u201d;<\/p>\n\n\n\n<p>PEDIDO DE PROVID\u00caNCIA N\u00ba 053\/2019, de autoria do Vereador Elizeu Concei\u00e7\u00e3o de Souza, que solicita que a \u201cSecretaria Municipal de Infraestrutura realize o servi\u00e7o de podagem das \u00e1rvores da Pra\u00e7a do Maroto, no Bairro Casas Populares\u201d;<\/p>\n\n\n\n<p>OF\u00cdCIO N\u00ba 002\/2019, oriundo do gabinete do Vereador Andreilto de Almeida Barbosa, que justifica, mediante atestado, sua aus\u00eancia nas sess\u00e3o ordin\u00e1ria do dia 17\/10\/2019 e nas que ocorrerem nos pr\u00f3ximos 10 dias;<\/p>\n\n\n\n<p>OF\u00cdCIO N\u00ba 156\/2019, oriundo do gabinete do vereador Jo\u00e3o Carlos de Castro, que justifica sua aus\u00eancia na sess\u00e3o ordin\u00e1ria do dia 15\/10\/2019;<\/p>\n\n\n\n<p>OF\u00cdCIO N\u00ba 044\/2019, oriundo do gabinete do vereador La\u00e9rcio Muniz de Azevedo J\u00fanior, que justifica sua aus\u00eancia na sess\u00e3o ordin\u00e1ria do dia 17\/10\/2019.<\/p>\n\n\n\n<p>O Sr. Presidente passa para ordem dos vereadores inscritos e franqueia a palavra ao primeiro, Vereador ANDREILTO DE ALMEIDA BARBOSA, que se encontra de atestado m\u00e9dico. Dando continuidade, franqueia a palavra ao segundo, Vereador REINALDO FERREIRA SANTANA. Franqueia a palavra ao terceiro, Vereador CARLOS ALBERTO DIAS DOS SANTOS. Franqueia a palavra ao quarto, Vereador JORGE SOUZA E SILVA FILHO. Franqueia a palavra ao quinto, Vereador LA\u00c9RCIO MUNIZ DE AZEVEDO J\u00daNIOR. Franqueia a palavra ao sexto, Vereador HERM\u00d3GENES GOMES DE ALMEIDA. Franqueia a palavra ao s\u00e9timo, Vereador ELIZEU CONCEI\u00c7\u00c3O DE SOUZA. Franqueia a palavra ao oitavo, Vereador JO\u00c3O CARLOS DE CASTRO. Usa tamb\u00e9m o Presidente da Mesa, Vereador CLEITON VIEIRA PINTO.<\/p>\n\n\n\n<p>Passa-se para a ORDEM DO DIA que n\u00e3o consta de nenhuma mat\u00e9ria. N\u00e3o havendo nenhuma mat\u00e9ria para ser lida e discutida, o Sr. Presidente passa a franquear a palavra aos vereadores por inscri\u00e7\u00e3o de Bancadas, sendo franqueada a primeira bancada PRTB\/PSD, composta pelos vereadores Jo\u00e3o Carlos de Castro, Jorge Souza e Silva Filho e Reinaldo Ferreira Santana, e usa da palavra o Vereador JO\u00c3O CARLOS DE CASTRO.<\/p>\n\n\n\n<p>\u00c9 franqueada a segunda bancada PT\/PROS, composta pelos vereadores Herm\u00f3genes Gomes de Almeida, Elizeu Concei\u00e7\u00e3o de Souza, Edson Ribeiro da Silva e Reinaldo Jos\u00e9 da Silva, e usa da palavra o Vereador EDSON RIBEIRO DA SILVA. Usa da palavra o Vereador ELIZEU CONCEI\u00c7\u00c3O DE SOUZA<\/p>\n\n\n\n<p>\u00c9 franqueada a terceira bancada PCdoB\/PSB\/PRB, composta pelos vereadores Andreilto de Almeida Barbosa, Alexandre Ferreira, Carlos Alberto Dias dos Santos e a Vereadora L\u00facia Cristina Souza Cerqueira da Silva, e usa da palavra o Vereador CARLOS ALBERTO DIAS DOS SANTOS. Usa da palavra o Vereador ALEXANDRE FERREIRA.<\/p>\n\n\n\n<p>\u00c9 franqueada a quarta bancada DEM\/PMN\/PPS composta pelos vereadores Gerivaldo Ribeiro Sampaio, Ot\u00e1vio Xisto de Souza J\u00fanior e La\u00e9rcio Muniz de Azevedo J\u00fanior, e usa da palavra o Vereador OT\u00c1VIO XISTO DE SOUZA J\u00daNIOR. Usa da palavra o Vereador GERIVALDO RIBEIRO SAMPAIO.<\/p>\n\n\n\n<p>N\u00e3o havendo mais nenhuma bancada para usar a tribuna, o Sr. Presidente, \u00e0s vinte e uma horas e dez minutos, d\u00e1 por encerrada a Sess\u00e3o.<\/p>\n\n\n\n<p><strong>Veja a sess\u00e3o completa:<\/strong><\/p>\n\n\n\n<figure class=\"wp-block-embed-youtube aligncenter wp-block-embed is-type-video is-provider-youtube wp-embed-aspect-16-9 wp-has-aspect-ratio\"><div class=\"wp-block-embed__wrapper\">\n<iframe title=\"21\u00aa Sess\u00e3o Ordin\u00e1ria do 2\u00ba PO [17\/10\/2019]\" width=\"800\" height=\"450\" src=\"https:\/\/www.youtube.com\/embed\/SZVZOE_-_sE?feature=oembed\" frameborder=\"0\" allow=\"accelerometer; autoplay; encrypted-media; gyroscope; picture-in-picture\" allowfullscreen><\/iframe>\n<\/div><\/figure>\n","protected":false},"excerpt":{"rendered":"<p>ASCOM &#8211; C\u00e2mara Municipal de Senhor do Bonfim-BA Nesta quinta-feira, 17 de outubro, foi realizada a 21\u00aa Sess\u00e3o Ordin\u00e1ria do 2\u00ba Per\u00edodo Ordin\u00e1rio, do ano de 2019, da C\u00e2mara Municipal de Senhor do Bonfim. Conduzida pelo Presidente da Casa, vereador Cleiton Vieira, com a chamada dos vereadores, onde havendo n\u00famero legal \u00e9 declarada aberta. O [&hellip;]<\/p>\n","protected":false},"author":2,"featured_media":0,"comment_status":"open","ping_status":"open","sticky":false,"template":"","format":"standard","meta":{"_acf_changed":false,"_monsterinsights_skip_tracking":false,"_monsterinsights_sitenote_active":false,"_monsterinsights_sitenote_note":"","_monsterinsights_sitenote_category":0,"_jetpack_memberships_contains_paid_content":false,"footnotes":"","jetpack_publicize_message":"","jetpack_publicize_feature_enabled":true,"jetpack_social_post_already_shared":true,"jetpack_social_options":{"image_generator_settings":{"template":"highway","default_image_id":0,"font":"","enabled":false},"version":2}},"categories":[1,3,4],"tags":[],"class_list":["post-38179","post","type-post","status-publish","format-standard","hentry","category-noticias","category-politica","category-local"],"acf":[],"jetpack_publicize_connections":[],"jetpack_featured_media_url":"","jetpack_sharing_enabled":true,"publishpress_future_workflow_manual_trigger":{"enabledWorkflows":[]},"_links":{"self":[{"href":"https:\/\/blogdoeloiltoncajuhy.com.br\/site\/wp-json\/wp\/v2\/posts\/38179","targetHints":{"allow":["GET"]}}],"collection":[{"href":"https:\/\/blogdoeloiltoncajuhy.com.br\/site\/wp-json\/wp\/v2\/posts"}],"about":[{"href":"https:\/\/blogdoeloiltoncajuhy.com.br\/site\/wp-json\/wp\/v2\/types\/post"}],"author":[{"embeddable":true,"href":"https:\/\/blogdoeloiltoncajuhy.com.br\/site\/wp-json\/wp\/v2\/users\/2"}],"replies":[{"embeddable":true,"href":"https:\/\/blogdoeloiltoncajuhy.com.br\/site\/wp-json\/wp\/v2\/comments?post=38179"}],"version-history":[{"count":1,"href":"https:\/\/blogdoeloiltoncajuhy.com.br\/site\/wp-json\/wp\/v2\/posts\/38179\/revisions"}],"predecessor-version":[{"id":38180,"href":"https:\/\/blogdoeloiltoncajuhy.com.br\/site\/wp-json\/wp\/v2\/posts\/38179\/revisions\/38180"}],"wp:attachment":[{"href":"https:\/\/blogdoeloiltoncajuhy.com.br\/site\/wp-json\/wp\/v2\/media?parent=38179"}],"wp:term":[{"taxonomy":"category","embeddable":true,"href":"https:\/\/blogdoeloiltoncajuhy.com.br\/site\/wp-json\/wp\/v2\/categories?post=38179"},{"taxonomy":"post_tag","embeddable":true,"href":"https:\/\/blogdoeloiltoncajuhy.com.br\/site\/wp-json\/wp\/v2\/tags?post=38179"}],"curies":[{"name":"wp","href":"https:\/\/api.w.org\/{rel}","templated":true}]}}