{"id":38173,"date":"2019-10-17T19:23:59","date_gmt":"2019-10-17T22:23:59","guid":{"rendered":"http:\/\/blogdoeloiltoncajuhy.com.br\/site\/?p=38173"},"modified":"2019-10-17T19:24:05","modified_gmt":"2019-10-17T22:24:05","slug":"morre-em-bh-joao-miguel-filho-de-acusado-de-desviar-dinheiro-de-campanha-pai-levava-vida-de-luxo","status":"publish","type":"post","link":"https:\/\/blogdoeloiltoncajuhy.com.br\/site\/morre-em-bh-joao-miguel-filho-de-acusado-de-desviar-dinheiro-de-campanha-pai-levava-vida-de-luxo\/","title":{"rendered":"Morre em BH Jo\u00e3o Miguel, filho de acusado de desviar dinheiro de campanha; pai levava vida de luxo"},"content":{"rendered":"\n<h5 class=\"wp-block-heading\" style=\"text-align:center\"><em>Jo\u00e3o Miguel, de 2 anos, lutava contra uma atrofia muscular espinhal (AME); caso do menino ficou nacionalmente conhecido ap\u00f3s pai dele ser preso na Bahia acusado de desviar dinheiro da campanha para viagens e artigos de luxo<\/em><\/h5>\n\n\n\n<p><strong>Por Carlos Eduardo Alvim, TV Globo<\/strong> \u2014 Belo Horizonte<\/p>\n\n\n\n<div class=\"wp-block-image\"><figure class=\"aligncenter\"><img data-recalc-dims=\"1\" fetchpriority=\"high\" decoding=\"async\" width=\"800\" height=\"798\" src=\"https:\/\/i0.wp.com\/blogdoeloiltoncajuhy.com.br\/site\/wp-content\/uploads\/2019\/10\/joaomiguel.jpg?resize=800%2C798\" alt=\"\" class=\"wp-image-38174\" srcset=\"https:\/\/i0.wp.com\/blogdoeloiltoncajuhy.com.br\/site\/wp-content\/uploads\/2019\/10\/joaomiguel.jpg?w=984&amp;ssl=1 984w, https:\/\/i0.wp.com\/blogdoeloiltoncajuhy.com.br\/site\/wp-content\/uploads\/2019\/10\/joaomiguel.jpg?resize=150%2C150&amp;ssl=1 150w, https:\/\/i0.wp.com\/blogdoeloiltoncajuhy.com.br\/site\/wp-content\/uploads\/2019\/10\/joaomiguel.jpg?resize=300%2C300&amp;ssl=1 300w, https:\/\/i0.wp.com\/blogdoeloiltoncajuhy.com.br\/site\/wp-content\/uploads\/2019\/10\/joaomiguel.jpg?resize=768%2C766&amp;ssl=1 768w, https:\/\/i0.wp.com\/blogdoeloiltoncajuhy.com.br\/site\/wp-content\/uploads\/2019\/10\/joaomiguel.jpg?resize=250%2C250&amp;ssl=1 250w, https:\/\/i0.wp.com\/blogdoeloiltoncajuhy.com.br\/site\/wp-content\/uploads\/2019\/10\/joaomiguel.jpg?resize=48%2C48&amp;ssl=1 48w\" sizes=\"(max-width: 800px) 100vw, 800px\" \/><figcaption><em>Jo\u00e3o Miguel lutava contra uma atrofia muscular espinhal (AME) \u2014 Foto: Reprodu\u00e7\u00e3o\/Redes sociais<\/em><\/figcaption><\/figure><\/div>\n\n\n\n<p>Morreu nesta quinta-feira (17) o menino Jo\u00e3o Miguel, de dois anos, em Belo Horizonte. A crian\u00e7a, que morava em Conselheiro Lafaiete, enfrentava uma atrofia muscular espinhal (AME), uma doen\u00e7a degenerativa grave.<\/p>\n\n\n\n<p>O caso de Jo\u00e3o Miguel ficou conhecido nacionalmente ap\u00f3s a pris\u00e3o do pai dele, Mateus Henrique Leroy Alves, de 37 anos, que est\u00e1 preso por suspeita de desviar cerca de R$ 600 mil do dinheiro arrecadado em uma campanha para custear o tratamento. O caso foi mostrado pelo Fant\u00e1stico.<\/p>\n\n\n\n<p>A \u00faltima postagem do perfil oficial da campanha de ajuda para o tratamento de Jo\u00e3o Miguel \u00e9 um v\u00eddeo em que a m\u00e3e agradece os parab\u00e9ns que o garoto recebeu pelo anivers\u00e1rio de 2 anos, no dia 7.<\/p>\n\n\n\n<p>No dia 30 de agosto deste ano, o pequeno foi submetido \u00e0 primeira dose do rem\u00e9dio. Esta dose foi comprada pelo governo, ap\u00f3s uma liminar da Justi\u00e7a conseguida pela advogada da fam\u00edlia meses antes da den\u00fancia contra o pai. Cada dose tem um custo de R$ 341 mil.<\/p>\n\n\n\n<p>A campanha para recolher dinheiro para Jo\u00e3o Miguel comoveu os moradores de Conselheiro Lafaiete, na Regi\u00e3o Central de Minas Gerais, onde a fam\u00edlia mora. Em quase um ano, foi arrecadado mais de R$ 1 milh\u00e3o. Depois da liminar, no dia 14 de junho deste ano, a campanha foi suspensa e o dinheiro foi bloqueado.<\/p>\n\n\n\n<p class=\"has-medium-font-size\"><strong>Investiga\u00e7\u00e3o contra o pai<\/strong><\/p>\n\n\n\n<p>O pai de Jo\u00e3o Miguel, Mateus Henrique Leroy Alves, foi preso em um hotel em Salvador no dia 22 de julho deste ano, ap\u00f3s a m\u00e3e de Jo\u00e3o Miguel denunci\u00e1-lo.<\/p>\n\n\n\n<p>A Pol\u00edcia Civil o prendeu ap\u00f3s receber informa\u00e7\u00f5es de que ele teria viajado a passeio com parte do valor arrecadado em uma campanha para pagar o tratamento do pequeno Jo\u00e3o Miguel.<\/p>\n\n\n\n<p>Uma reportagem especial do Fant\u00e1stico revelou que Mateus, segundo grava\u00e7\u00f5es telef\u00f4nicas gravadas pela pol\u00edcia, pode tamb\u00e9m estar envolvido em um esquema de agenciamento de garotas de programa.<\/p>\n\n\n\n<p>O Minist\u00e9rio P\u00fablico denunciou o pai por estelionato e abandono material contra o filho. De acordo com a den\u00fancia, Mateus gastou cerca de R$ 600 mil de um total de R$ 1 milh\u00e3o arrecadado em campanhas na cidade, com corrida e shows, e ainda nas redes sociais. A defesa dele nega que ele tenha cometido os crimes.<\/p>\n\n\n\n<p>Mateus Henrique est\u00e1 sendo julgado em Conselheiro Lafaiete por estelionato e e abandono material contra o filho. A senten\u00e7a deve ser divulgada at\u00e9 o fim deste m\u00eas. A Pol\u00edcia Civil informou que o inqu\u00e9rito sobre lavagem de dinheiro ainda est\u00e1 em andamento.<\/p>\n","protected":false},"excerpt":{"rendered":"<p>Jo\u00e3o Miguel, de 2 anos, lutava contra uma atrofia muscular espinhal (AME); caso do menino ficou nacionalmente conhecido ap\u00f3s pai dele ser preso na Bahia acusado de desviar dinheiro da campanha para viagens e artigos de luxo Por Carlos Eduardo Alvim, TV Globo \u2014 Belo Horizonte Morreu nesta quinta-feira (17) o menino Jo\u00e3o Miguel, de [&hellip;]<\/p>\n","protected":false},"author":2,"featured_media":38174,"comment_status":"open","ping_status":"open","sticky":false,"template":"","format":"standard","meta":{"_acf_changed":false,"_monsterinsights_skip_tracking":false,"_monsterinsights_sitenote_active":false,"_monsterinsights_sitenote_note":"","_monsterinsights_sitenote_category":0,"_jetpack_memberships_contains_paid_content":false,"footnotes":"","jetpack_publicize_message":"","jetpack_publicize_feature_enabled":true,"jetpack_social_post_already_shared":true,"jetpack_social_options":{"image_generator_settings":{"template":"highway","default_image_id":0,"font":"","enabled":false},"version":2}},"categories":[5,1],"tags":[],"class_list":["post-38173","post","type-post","status-publish","format-standard","has-post-thumbnail","hentry","category-cotidiano","category-noticias"],"acf":[],"jetpack_publicize_connections":[],"jetpack_featured_media_url":"https:\/\/i0.wp.com\/blogdoeloiltoncajuhy.com.br\/site\/wp-content\/uploads\/2019\/10\/joaomiguel.jpg?fit=984%2C981&ssl=1","jetpack_sharing_enabled":true,"publishpress_future_workflow_manual_trigger":{"enabledWorkflows":[]},"_links":{"self":[{"href":"https:\/\/blogdoeloiltoncajuhy.com.br\/site\/wp-json\/wp\/v2\/posts\/38173","targetHints":{"allow":["GET"]}}],"collection":[{"href":"https:\/\/blogdoeloiltoncajuhy.com.br\/site\/wp-json\/wp\/v2\/posts"}],"about":[{"href":"https:\/\/blogdoeloiltoncajuhy.com.br\/site\/wp-json\/wp\/v2\/types\/post"}],"author":[{"embeddable":true,"href":"https:\/\/blogdoeloiltoncajuhy.com.br\/site\/wp-json\/wp\/v2\/users\/2"}],"replies":[{"embeddable":true,"href":"https:\/\/blogdoeloiltoncajuhy.com.br\/site\/wp-json\/wp\/v2\/comments?post=38173"}],"version-history":[{"count":1,"href":"https:\/\/blogdoeloiltoncajuhy.com.br\/site\/wp-json\/wp\/v2\/posts\/38173\/revisions"}],"predecessor-version":[{"id":38175,"href":"https:\/\/blogdoeloiltoncajuhy.com.br\/site\/wp-json\/wp\/v2\/posts\/38173\/revisions\/38175"}],"wp:featuredmedia":[{"embeddable":true,"href":"https:\/\/blogdoeloiltoncajuhy.com.br\/site\/wp-json\/wp\/v2\/media\/38174"}],"wp:attachment":[{"href":"https:\/\/blogdoeloiltoncajuhy.com.br\/site\/wp-json\/wp\/v2\/media?parent=38173"}],"wp:term":[{"taxonomy":"category","embeddable":true,"href":"https:\/\/blogdoeloiltoncajuhy.com.br\/site\/wp-json\/wp\/v2\/categories?post=38173"},{"taxonomy":"post_tag","embeddable":true,"href":"https:\/\/blogdoeloiltoncajuhy.com.br\/site\/wp-json\/wp\/v2\/tags?post=38173"}],"curies":[{"name":"wp","href":"https:\/\/api.w.org\/{rel}","templated":true}]}}