{"id":38160,"date":"2019-10-17T15:30:02","date_gmt":"2019-10-17T18:30:02","guid":{"rendered":"http:\/\/blogdoeloiltoncajuhy.com.br\/site\/?p=38160"},"modified":"2019-10-17T15:30:09","modified_gmt":"2019-10-17T18:30:09","slug":"camara-municipal-de-senhor-do-bonfim-aprova-mais-dois-projetos-do-vereador-cleiton-vieira","status":"publish","type":"post","link":"https:\/\/blogdoeloiltoncajuhy.com.br\/site\/camara-municipal-de-senhor-do-bonfim-aprova-mais-dois-projetos-do-vereador-cleiton-vieira\/","title":{"rendered":"C\u00e2mara Municipal de Senhor do Bonfim aprova mais dois Projetos do vereador Cleiton Vieira"},"content":{"rendered":"\n<p><strong>ASCOM \u2013 Cleiton Vieira<\/strong><\/p>\n\n\n\n<div class=\"wp-block-image\"><figure class=\"aligncenter is-resized\"><img data-recalc-dims=\"1\" fetchpriority=\"high\" decoding=\"async\" src=\"https:\/\/i0.wp.com\/blogdoeloiltoncajuhy.com.br\/site\/wp-content\/uploads\/2019\/10\/VereadorCleitonDoisProjetos.jpg?resize=346%2C231\" alt=\"\" class=\"wp-image-38161\" width=\"346\" height=\"231\" srcset=\"https:\/\/i0.wp.com\/blogdoeloiltoncajuhy.com.br\/site\/wp-content\/uploads\/2019\/10\/VereadorCleitonDoisProjetos.jpg?w=1000&amp;ssl=1 1000w, https:\/\/i0.wp.com\/blogdoeloiltoncajuhy.com.br\/site\/wp-content\/uploads\/2019\/10\/VereadorCleitonDoisProjetos.jpg?resize=300%2C200&amp;ssl=1 300w, https:\/\/i0.wp.com\/blogdoeloiltoncajuhy.com.br\/site\/wp-content\/uploads\/2019\/10\/VereadorCleitonDoisProjetos.jpg?resize=768%2C512&amp;ssl=1 768w, https:\/\/i0.wp.com\/blogdoeloiltoncajuhy.com.br\/site\/wp-content\/uploads\/2019\/10\/VereadorCleitonDoisProjetos.jpg?resize=250%2C167&amp;ssl=1 250w\" sizes=\"(max-width: 346px) 100vw, 346px\" \/><\/figure><\/div>\n\n\n\n<p>Foram aprovados na sess\u00e3o ordin\u00e1ria da \u00faltima ter\u00e7a-feira, 15\/10, mais dois projetos de lei de autoria do vereador Cleiton Vieira. Um que declara o t\u00edtulo de Utilidade P\u00fablica da Associa\u00e7\u00e3o de Motociclistas Lobos Solit\u00e1rios e o outro institui o Fim de Semana de Encontro de Motociclistas, no \u00e2mbito do Munic\u00edpio de Senhor do Bonfim, onde, de acordo com projeto, ser\u00e1 comemorado anualmente no primeiro fim de semana do m\u00eas de dezembro.<\/p>\n\n\n\n<p>A Associa\u00e7\u00e3o de Motociclistas Lobos Solit\u00e1rios existe juridicamente desde 23 de mar\u00e7o de 2018, mas muito antes disso presta servi\u00e7o a comunidade, pois al\u00e9m de promover a socializa\u00e7\u00e3o e intera\u00e7\u00e3o entre motociclistas, sociedade e munic\u00edpio, eles prestam servi\u00e7o social, inclusive com a\u00e7\u00f5es que atendem diretamente pessoas em risco social e moradores de rua.<\/p>\n\n\n\n<p>Entre as a\u00e7\u00f5es sociais, uma das atividades da referida Associa\u00e7\u00e3o \u00e9 a distribui\u00e7\u00e3o de sopa, al\u00e9m de distribui\u00e7\u00e3o de brinquedos, de cestas b\u00e1sicas e agasalhos.<\/p>\n\n\n\n<p>Para o autor dos projetos, vereador Cleiton Vieira, o intuito de criar a Semana de Encontro de Motociclistas, \u00e9 estimular mais um evento voltado para as atividades do esporte e lazer, atraindo visitantes e movimentando a economia da cidade. <em>\u201cSenhor do Bonfim j\u00e1 \u00e9 uma cidade conhecida regionalmente pelos eventos ligados aos esportes radicais, nossa inten\u00e7\u00e3o \u00e9 estimular o turismo, atrav\u00e9s de um evento que fa\u00e7a parte do Calend\u00e1rio Oficial do Munic\u00edpio para maior valoriza\u00e7\u00e3o dos mun\u00edcipes, atletas e admiradores do segmento\u201d<\/em>, destacou o vereador.<\/p>\n","protected":false},"excerpt":{"rendered":"<p>ASCOM \u2013 Cleiton Vieira Foram aprovados na sess\u00e3o ordin\u00e1ria da \u00faltima ter\u00e7a-feira, 15\/10, mais dois projetos de lei de autoria do vereador Cleiton Vieira. Um que declara o t\u00edtulo de Utilidade P\u00fablica da Associa\u00e7\u00e3o de Motociclistas Lobos Solit\u00e1rios e o outro institui o Fim de Semana de Encontro de Motociclistas, no \u00e2mbito do Munic\u00edpio de [&hellip;]<\/p>\n","protected":false},"author":2,"featured_media":38161,"comment_status":"open","ping_status":"open","sticky":false,"template":"","format":"standard","meta":{"_acf_changed":false,"_monsterinsights_skip_tracking":false,"_monsterinsights_sitenote_active":false,"_monsterinsights_sitenote_note":"","_monsterinsights_sitenote_category":0,"_jetpack_memberships_contains_paid_content":false,"footnotes":"","jetpack_publicize_message":"","jetpack_publicize_feature_enabled":true,"jetpack_social_post_already_shared":true,"jetpack_social_options":{"image_generator_settings":{"template":"highway","default_image_id":0,"font":"","enabled":false},"version":2}},"categories":[1,3,4],"tags":[],"class_list":["post-38160","post","type-post","status-publish","format-standard","has-post-thumbnail","hentry","category-noticias","category-politica","category-local"],"acf":[],"jetpack_publicize_connections":[],"jetpack_featured_media_url":"https:\/\/i0.wp.com\/blogdoeloiltoncajuhy.com.br\/site\/wp-content\/uploads\/2019\/10\/VereadorCleitonDoisProjetos.jpg?fit=1000%2C667&ssl=1","jetpack_sharing_enabled":true,"publishpress_future_workflow_manual_trigger":{"enabledWorkflows":[]},"_links":{"self":[{"href":"https:\/\/blogdoeloiltoncajuhy.com.br\/site\/wp-json\/wp\/v2\/posts\/38160","targetHints":{"allow":["GET"]}}],"collection":[{"href":"https:\/\/blogdoeloiltoncajuhy.com.br\/site\/wp-json\/wp\/v2\/posts"}],"about":[{"href":"https:\/\/blogdoeloiltoncajuhy.com.br\/site\/wp-json\/wp\/v2\/types\/post"}],"author":[{"embeddable":true,"href":"https:\/\/blogdoeloiltoncajuhy.com.br\/site\/wp-json\/wp\/v2\/users\/2"}],"replies":[{"embeddable":true,"href":"https:\/\/blogdoeloiltoncajuhy.com.br\/site\/wp-json\/wp\/v2\/comments?post=38160"}],"version-history":[{"count":1,"href":"https:\/\/blogdoeloiltoncajuhy.com.br\/site\/wp-json\/wp\/v2\/posts\/38160\/revisions"}],"predecessor-version":[{"id":38162,"href":"https:\/\/blogdoeloiltoncajuhy.com.br\/site\/wp-json\/wp\/v2\/posts\/38160\/revisions\/38162"}],"wp:featuredmedia":[{"embeddable":true,"href":"https:\/\/blogdoeloiltoncajuhy.com.br\/site\/wp-json\/wp\/v2\/media\/38161"}],"wp:attachment":[{"href":"https:\/\/blogdoeloiltoncajuhy.com.br\/site\/wp-json\/wp\/v2\/media?parent=38160"}],"wp:term":[{"taxonomy":"category","embeddable":true,"href":"https:\/\/blogdoeloiltoncajuhy.com.br\/site\/wp-json\/wp\/v2\/categories?post=38160"},{"taxonomy":"post_tag","embeddable":true,"href":"https:\/\/blogdoeloiltoncajuhy.com.br\/site\/wp-json\/wp\/v2\/tags?post=38160"}],"curies":[{"name":"wp","href":"https:\/\/api.w.org\/{rel}","templated":true}]}}