{"id":38157,"date":"2019-10-17T15:15:51","date_gmt":"2019-10-17T18:15:51","guid":{"rendered":"http:\/\/blogdoeloiltoncajuhy.com.br\/site\/?p=38157"},"modified":"2019-10-17T15:15:57","modified_gmt":"2019-10-17T18:15:57","slug":"programa-palmas-para-bonfim-entrega-60-mil-raquetes-para-pequenos-produtores-rurais","status":"publish","type":"post","link":"https:\/\/blogdoeloiltoncajuhy.com.br\/site\/programa-palmas-para-bonfim-entrega-60-mil-raquetes-para-pequenos-produtores-rurais\/","title":{"rendered":"Programa \u201cPalmas para Bonfim\u201d entrega 60 mil raquetes para pequenos produtores rurais"},"content":{"rendered":"\n<p><strong>ASCOM &#8211; Prefeitura Municipal de Senhor do Bonfim-BA<\/strong><\/p>\n\n\n\n<div class=\"wp-block-image\"><figure class=\"aligncenter\"><img fetchpriority=\"high\" decoding=\"async\" width=\"1024\" height=\"576\" src=\"https:\/\/i2.wp.com\/blogdoeloiltoncajuhy.com.br\/site\/wp-content\/uploads\/2019\/10\/PMSB_EntregaPalmas.jpg?fit=590%2C332\" alt=\"\" class=\"wp-image-38158\" srcset=\"https:\/\/i0.wp.com\/blogdoeloiltoncajuhy.com.br\/site\/wp-content\/uploads\/2019\/10\/PMSB_EntregaPalmas.jpg?w=1024&amp;ssl=1 1024w, https:\/\/i0.wp.com\/blogdoeloiltoncajuhy.com.br\/site\/wp-content\/uploads\/2019\/10\/PMSB_EntregaPalmas.jpg?resize=300%2C169&amp;ssl=1 300w, https:\/\/i0.wp.com\/blogdoeloiltoncajuhy.com.br\/site\/wp-content\/uploads\/2019\/10\/PMSB_EntregaPalmas.jpg?resize=768%2C432&amp;ssl=1 768w, https:\/\/i0.wp.com\/blogdoeloiltoncajuhy.com.br\/site\/wp-content\/uploads\/2019\/10\/PMSB_EntregaPalmas.jpg?resize=250%2C141&amp;ssl=1 250w\" sizes=\"(max-width: 800px) 100vw, 800px\" \/><\/figure><\/div>\n\n\n\n<p>Com objetivo de atender pequenos produtores rurais, oferecendo condi\u00e7\u00f5es para garantir a alimenta\u00e7\u00e3o de bovinos de leite, caprinos e ovinos no per\u00edodo de seca, a prefeitura de Senhor do Bonfim,por meio da Secretaria de Desenvolvimento da Agropecu\u00e1ria (Sedape), distribuiu na \u00faltima semana, 60 mil raquetes (raquetes-semente) da palma Orelha de Elefante Mexicano (Opuntia stricta) para o plantio.<\/p>\n\n\n\n<p>Ao todo, 30 pequenos agricultores foram beneficiados, sendo que cada um recebeu 2 mil raquetes do programa \u201cPalmas para Bonfim\u201d. <em>\u201c\u00c9 a nossa salva\u00e7\u00e3o! Este incentivo nos fortalece muito\u201d<\/em>, ressaltou o criador H\u00e9lio Nogueira, propriet\u00e1rio da Fazenda P\u00e9 de Serra, na regi\u00e3o de Igara.<\/p>\n\n\n\n<p>Outro beneficiado que estava satisfeito durante a entrega foi o senhor Gilberto Batista Souza, morador da comunidade de Lagoa Velha. <em>\u201cEste projeto \u00e9 muito bom, contribui bastante para nossa reserva estrat\u00e9gica\u201d<\/em>, destacou.<\/p>\n\n\n\n<p>Um dos princ\u00edpios do programa \u00e9 que os beneficiados se tornem multiplicadores doando parte da primeira colheita para outros produtores rurais. Segundo o coordenador do programa, Pablo Vinicius, a palma Orelha de Elefante \u00e9 mais resistente \u00e0 seca e \u00e0 praga. <em>\u201cEsta esp\u00e9cie \u00e9 de excelente qualidade, ela pode produzir at\u00e9 400 toneladas por hectare\u201d<\/em>, informou Pablo.<\/p>\n\n\n\n<p>Conforme o secret\u00e1rio da Sedape, F\u00e1bio Cedraz, o programa \u201cPalmas para Bonfim\u201d j\u00e1 est\u00e1 servindo de exemplo para outros munic\u00edpios do estado da Bahia. <em>\u201cEstamos felizes em saber que outros munic\u00edpios est\u00e3o buscando reproduzir o \u201cPalmas Para Bonfim\u201d<\/em>, comentou.<\/p>\n\n\n\n<p><em>\u201cO prefeito [Carlos Brasileiro] est\u00e1 de parab\u00e9ns por idealizar e incentivar h\u00e1 tr\u00eas anos atr\u00e1s este importante programa feito para os criadores do nosso munic\u00edpio. Tenho certeza que o nosso munic\u00edpio caminha para ser uma das maiores sementeiras de palmas da Bahia\u201d<\/em>, destacou.<\/p>\n\n\n\n<p>Ainda segundo F\u00e1bio, um novo programa com foco na distribui\u00e7\u00e3o do Capia\u00e7u (uma variedade do capim-elefante) para os pequenos criadores, ser\u00e1 introduzido a partir de janeiro de 2020 no munic\u00edpio.<\/p>\n\n\n\n<p>A pr\u00f3xima entrega de palmas acontecer\u00e1 em 30 dias. Os interessados em participar do programa devem se cadastrar na sede da Sedape que fica na Avenida 2 de Julho, no pr\u00e9dio do Antigo Tiro de Guerra.<\/p>\n\n\n\n<p>A palma forrageira faz parte da base alimentar dos rebanhos de zonas \u00e1ridas e semi\u00e1ridas. Caracter\u00edsticas como alta palatabilidade, produ\u00e7\u00e3o de biomassa e resist\u00eancia \u00e0 seca fazem dessa planta um alimento valioso durante per\u00edodos de estiagem.<\/p>\n\n\n\n<p><em>\u201cO sucesso desta a\u00e7\u00e3o s\u00f3 fortalece a cadeia produtiva t\u00e3o importante para a vida do homem do campo. Espero que a cultura da palma possa se expandir entre todos os agricultores do munic\u00edpio, porque, al\u00e9m de estarmos contribuindo para salvar os animais que sofrem sempre com grandes estiagens, tamb\u00e9m estamos possibilitando a gera\u00e7\u00e3o de renda para o homem do campo\u201c<\/em>, comentou o prefeito Carlos Brasileiro durante evento de entrega que aconteceu na sede da Sedape.<\/p>\n","protected":false},"excerpt":{"rendered":"<p>ASCOM &#8211; Prefeitura Municipal de Senhor do Bonfim-BA Com objetivo de atender pequenos produtores rurais, oferecendo condi\u00e7\u00f5es para garantir a alimenta\u00e7\u00e3o de bovinos de leite, caprinos e ovinos no per\u00edodo de seca, a prefeitura de Senhor do Bonfim,por meio da Secretaria de Desenvolvimento da Agropecu\u00e1ria (Sedape), distribuiu na \u00faltima semana, 60 mil raquetes (raquetes-semente) da [&hellip;]<\/p>\n","protected":false},"author":2,"featured_media":38158,"comment_status":"open","ping_status":"open","sticky":false,"template":"","format":"standard","meta":{"_acf_changed":false,"_monsterinsights_skip_tracking":false,"_monsterinsights_sitenote_active":false,"_monsterinsights_sitenote_note":"","_monsterinsights_sitenote_category":0,"_jetpack_memberships_contains_paid_content":false,"footnotes":"","jetpack_publicize_message":"","jetpack_publicize_feature_enabled":true,"jetpack_social_post_already_shared":true,"jetpack_social_options":{"image_generator_settings":{"template":"highway","default_image_id":0,"font":"","enabled":false},"version":2}},"categories":[1,3,4],"tags":[],"class_list":["post-38157","post","type-post","status-publish","format-standard","has-post-thumbnail","hentry","category-noticias","category-politica","category-local"],"acf":[],"jetpack_publicize_connections":[],"jetpack_featured_media_url":"https:\/\/i0.wp.com\/blogdoeloiltoncajuhy.com.br\/site\/wp-content\/uploads\/2019\/10\/PMSB_EntregaPalmas.jpg?fit=1024%2C576&ssl=1","jetpack_sharing_enabled":true,"publishpress_future_workflow_manual_trigger":{"enabledWorkflows":[]},"_links":{"self":[{"href":"https:\/\/blogdoeloiltoncajuhy.com.br\/site\/wp-json\/wp\/v2\/posts\/38157","targetHints":{"allow":["GET"]}}],"collection":[{"href":"https:\/\/blogdoeloiltoncajuhy.com.br\/site\/wp-json\/wp\/v2\/posts"}],"about":[{"href":"https:\/\/blogdoeloiltoncajuhy.com.br\/site\/wp-json\/wp\/v2\/types\/post"}],"author":[{"embeddable":true,"href":"https:\/\/blogdoeloiltoncajuhy.com.br\/site\/wp-json\/wp\/v2\/users\/2"}],"replies":[{"embeddable":true,"href":"https:\/\/blogdoeloiltoncajuhy.com.br\/site\/wp-json\/wp\/v2\/comments?post=38157"}],"version-history":[{"count":1,"href":"https:\/\/blogdoeloiltoncajuhy.com.br\/site\/wp-json\/wp\/v2\/posts\/38157\/revisions"}],"predecessor-version":[{"id":38159,"href":"https:\/\/blogdoeloiltoncajuhy.com.br\/site\/wp-json\/wp\/v2\/posts\/38157\/revisions\/38159"}],"wp:featuredmedia":[{"embeddable":true,"href":"https:\/\/blogdoeloiltoncajuhy.com.br\/site\/wp-json\/wp\/v2\/media\/38158"}],"wp:attachment":[{"href":"https:\/\/blogdoeloiltoncajuhy.com.br\/site\/wp-json\/wp\/v2\/media?parent=38157"}],"wp:term":[{"taxonomy":"category","embeddable":true,"href":"https:\/\/blogdoeloiltoncajuhy.com.br\/site\/wp-json\/wp\/v2\/categories?post=38157"},{"taxonomy":"post_tag","embeddable":true,"href":"https:\/\/blogdoeloiltoncajuhy.com.br\/site\/wp-json\/wp\/v2\/tags?post=38157"}],"curies":[{"name":"wp","href":"https:\/\/api.w.org\/{rel}","templated":true}]}}