{"id":38149,"date":"2019-10-17T06:38:52","date_gmt":"2019-10-17T09:38:52","guid":{"rendered":"http:\/\/blogdoeloiltoncajuhy.com.br\/site\/?p=38149"},"modified":"2019-10-17T06:38:58","modified_gmt":"2019-10-17T09:38:58","slug":"univasf-vai-realizar-congresso-e-simposio-sobre-o-sus-em-novembro","status":"publish","type":"post","link":"https:\/\/blogdoeloiltoncajuhy.com.br\/site\/univasf-vai-realizar-congresso-e-simposio-sobre-o-sus-em-novembro\/","title":{"rendered":"Univasf vai realizar Congresso e Simp\u00f3sio sobre o SUS em novembro"},"content":{"rendered":"\n<p><strong>BLOG DO ELOILTON CAJUHY<\/strong><br>Com informa\u00e7\u00f5es da Comiss\u00e3o Organizadora do evento<\/p>\n\n\n\n<div class=\"wp-block-image\"><figure class=\"aligncenter is-resized\"><img data-recalc-dims=\"1\" fetchpriority=\"high\" decoding=\"async\" src=\"https:\/\/i0.wp.com\/blogdoeloiltoncajuhy.com.br\/site\/wp-content\/uploads\/2019\/10\/CongressoUnivasf.jpg?resize=584%2C109\" alt=\"\" class=\"wp-image-38150\" width=\"584\" height=\"109\" srcset=\"https:\/\/i0.wp.com\/blogdoeloiltoncajuhy.com.br\/site\/wp-content\/uploads\/2019\/10\/CongressoUnivasf.jpg?w=584&amp;ssl=1 584w, https:\/\/i0.wp.com\/blogdoeloiltoncajuhy.com.br\/site\/wp-content\/uploads\/2019\/10\/CongressoUnivasf.jpg?resize=300%2C56&amp;ssl=1 300w, https:\/\/i0.wp.com\/blogdoeloiltoncajuhy.com.br\/site\/wp-content\/uploads\/2019\/10\/CongressoUnivasf.jpg?resize=250%2C47&amp;ssl=1 250w\" sizes=\"(max-width: 584px) 100vw, 584px\" \/><\/figure><\/div>\n\n\n\n<p>Nos dias 04 e 05 de novembro de 2019, acontecer\u00e1 no Complexo de Multieventos da UNIVASF, em Juazeiro-BA, o V CONGRESSO DE FORMA\u00c7\u00c3O PARA O SUS e VI SIMP\u00d3SIO DE RESID\u00caNCIAS EM SA\u00daDE DO VALE DO S\u00c3O FRANCISCO \u2013 V CONGREFOR\/VI SIMPRES, cujo tema \u00e9: <strong><em>Educa\u00e7\u00e3o e trabalho interprofissional: desafios, experi\u00eancias e resist\u00eancia em defesa do SUS<\/em><\/strong>.<\/p>\n\n\n\n<p>Historicamente, o CONGREFOR e o SIMPRES, nasceram da aposta da forma\u00e7\u00e3o acad\u00eamica e profissional como via de defesa e fortalecimento do SUS, especialmente a partir da articula\u00e7\u00e3o ensino-servi\u00e7o-comunidade, promovida desde as primeiras edi\u00e7\u00f5es e experi\u00eancias do Programa de Educa\u00e7\u00e3o pelo Trabalho para a Sa\u00fade\/PET-SA\u00daDE e dos programas de Resid\u00eancia em sa\u00fade que comp\u00f5em o Vale do S\u00e3o Francisco.<\/p>\n\n\n\n<p>Fortalecer o di\u00e1logo entre os v\u00e1rios n\u00facleos disciplinares, buscando uma maior articula\u00e7\u00e3o entre a forma\u00e7\u00e3o e o trabalho em sa\u00fade, \u00e9 objetivo da INTERPROFISSIONALIDADE, estrat\u00e9gia pedag\u00f3gica cujo debate e operacionaliza\u00e7\u00e3o pretendemos aprofundar, motivando a aprendizagem m\u00fatua, o \u201cfazer junto\u201d, ainda que respeitando as especificidades de cada profiss\u00e3o, na perspectiva de melhoria do cuidado em sa\u00fade do usu\u00e1rio, fam\u00edlia, comunidade.<\/p>\n\n\n\n<p>Em resumo, a \u00eanfase \u00e9 no desenvolvimento de formas colaborativas, em sintonia com a pr\u00e1tica, em que se trabalhe de forma integrada e com um objetivo comum. Temos evid\u00eancias de que esse \u00e9 um instrumento potente de luta e defesa do SUS, algumas das quais ser\u00e3o compartilhadas em nosso evento, que se abre ao interc\u00e2mbio de experi\u00eancias articuladas \u00e0 Forma\u00e7\u00e3o em Sa\u00fade.<\/p>\n\n\n\n<p>Na programa\u00e7\u00e3o do V CONGREFOR\/VI SIMPRES estar\u00e3o inclu\u00eddas confer\u00eancias, rodas formativas, oficinas, apresenta\u00e7\u00f5es de experi\u00eancias de atua\u00e7\u00e3o e forma\u00e7\u00e3o profissional, al\u00e9m de trabalhos cient\u00edficos que, com certeza, enriquecer\u00e3o a forma\u00e7\u00e3o dos profissionais, acad\u00eamicos e residentes e fortalecer\u00e3o nossa resist\u00eancia e luta pelo SUS.<\/p>\n\n\n\n<p>As inscri\u00e7\u00f5es est\u00e3o sendo realizadas pelo site <strong><em><a href=\"https:\/\/congreforunivasf.wixsite.com\/simpres\">https:\/\/congreforunivasf.wixsite.com\/simpres<\/a><\/em><\/strong>, em que as taxas variam de R$ 15,00 a R$50,00. Representa\u00e7\u00f5es de movimentos sociais s\u00e3o isentos da taxa de inscri\u00e7\u00e3o.<\/p>\n","protected":false},"excerpt":{"rendered":"<p>BLOG DO ELOILTON CAJUHYCom informa\u00e7\u00f5es da Comiss\u00e3o Organizadora do evento Nos dias 04 e 05 de novembro de 2019, acontecer\u00e1 no Complexo de Multieventos da UNIVASF, em Juazeiro-BA, o V CONGRESSO DE FORMA\u00c7\u00c3O PARA O SUS e VI SIMP\u00d3SIO DE RESID\u00caNCIAS EM SA\u00daDE DO VALE DO S\u00c3O FRANCISCO \u2013 V CONGREFOR\/VI SIMPRES, cujo tema \u00e9: [&hellip;]<\/p>\n","protected":false},"author":2,"featured_media":38150,"comment_status":"open","ping_status":"open","sticky":false,"template":"","format":"standard","meta":{"_acf_changed":false,"_monsterinsights_skip_tracking":false,"_monsterinsights_sitenote_active":false,"_monsterinsights_sitenote_note":"","_monsterinsights_sitenote_category":0,"_jetpack_memberships_contains_paid_content":false,"footnotes":"","jetpack_publicize_message":"","jetpack_publicize_feature_enabled":true,"jetpack_social_post_already_shared":true,"jetpack_social_options":{"image_generator_settings":{"template":"highway","default_image_id":0,"font":"","enabled":false},"version":2}},"categories":[14,1,11,4],"tags":[],"class_list":["post-38149","post","type-post","status-publish","format-standard","has-post-thumbnail","hentry","category-educacao","category-noticias","category-regional","category-local"],"acf":[],"jetpack_publicize_connections":[],"jetpack_featured_media_url":"https:\/\/i0.wp.com\/blogdoeloiltoncajuhy.com.br\/site\/wp-content\/uploads\/2019\/10\/CongressoUnivasf.jpg?fit=584%2C109&ssl=1","jetpack_sharing_enabled":true,"publishpress_future_workflow_manual_trigger":{"enabledWorkflows":[]},"_links":{"self":[{"href":"https:\/\/blogdoeloiltoncajuhy.com.br\/site\/wp-json\/wp\/v2\/posts\/38149","targetHints":{"allow":["GET"]}}],"collection":[{"href":"https:\/\/blogdoeloiltoncajuhy.com.br\/site\/wp-json\/wp\/v2\/posts"}],"about":[{"href":"https:\/\/blogdoeloiltoncajuhy.com.br\/site\/wp-json\/wp\/v2\/types\/post"}],"author":[{"embeddable":true,"href":"https:\/\/blogdoeloiltoncajuhy.com.br\/site\/wp-json\/wp\/v2\/users\/2"}],"replies":[{"embeddable":true,"href":"https:\/\/blogdoeloiltoncajuhy.com.br\/site\/wp-json\/wp\/v2\/comments?post=38149"}],"version-history":[{"count":1,"href":"https:\/\/blogdoeloiltoncajuhy.com.br\/site\/wp-json\/wp\/v2\/posts\/38149\/revisions"}],"predecessor-version":[{"id":38151,"href":"https:\/\/blogdoeloiltoncajuhy.com.br\/site\/wp-json\/wp\/v2\/posts\/38149\/revisions\/38151"}],"wp:featuredmedia":[{"embeddable":true,"href":"https:\/\/blogdoeloiltoncajuhy.com.br\/site\/wp-json\/wp\/v2\/media\/38150"}],"wp:attachment":[{"href":"https:\/\/blogdoeloiltoncajuhy.com.br\/site\/wp-json\/wp\/v2\/media?parent=38149"}],"wp:term":[{"taxonomy":"category","embeddable":true,"href":"https:\/\/blogdoeloiltoncajuhy.com.br\/site\/wp-json\/wp\/v2\/categories?post=38149"},{"taxonomy":"post_tag","embeddable":true,"href":"https:\/\/blogdoeloiltoncajuhy.com.br\/site\/wp-json\/wp\/v2\/tags?post=38149"}],"curies":[{"name":"wp","href":"https:\/\/api.w.org\/{rel}","templated":true}]}}