{"id":38145,"date":"2019-10-17T06:23:24","date_gmt":"2019-10-17T09:23:24","guid":{"rendered":"http:\/\/blogdoeloiltoncajuhy.com.br\/site\/?p=38145"},"modified":"2019-10-17T06:23:31","modified_gmt":"2019-10-17T09:23:31","slug":"prefeitura-de-jaguarari-direciona-acoes-do-outubro-rosa-a-santa-rosa","status":"publish","type":"post","link":"https:\/\/blogdoeloiltoncajuhy.com.br\/site\/prefeitura-de-jaguarari-direciona-acoes-do-outubro-rosa-a-santa-rosa\/","title":{"rendered":"Prefeitura de Jaguarari direciona a\u00e7\u00f5es do Outubro Rosa a Santa Rosa"},"content":{"rendered":"\n<p><strong>ASCOM &#8211; Prefeitura de Jaguarari-BA<\/strong><\/p>\n\n\n\n<div class=\"wp-block-image\"><figure class=\"aligncenter is-resized\"><img fetchpriority=\"high\" decoding=\"async\" src=\"https:\/\/i1.wp.com\/blogdoeloiltoncajuhy.com.br\/site\/wp-content\/uploads\/2019\/10\/PMJ_OutubroRosa-2019-5.jpg?fit=590%2C443\" alt=\"\" class=\"wp-image-38146\" width=\"443\" height=\"332\" srcset=\"https:\/\/i0.wp.com\/blogdoeloiltoncajuhy.com.br\/site\/wp-content\/uploads\/2019\/10\/PMJ_OutubroRosa-2019-5.jpg?w=1600&amp;ssl=1 1600w, https:\/\/i0.wp.com\/blogdoeloiltoncajuhy.com.br\/site\/wp-content\/uploads\/2019\/10\/PMJ_OutubroRosa-2019-5.jpg?resize=300%2C225&amp;ssl=1 300w, https:\/\/i0.wp.com\/blogdoeloiltoncajuhy.com.br\/site\/wp-content\/uploads\/2019\/10\/PMJ_OutubroRosa-2019-5.jpg?resize=768%2C576&amp;ssl=1 768w, https:\/\/i0.wp.com\/blogdoeloiltoncajuhy.com.br\/site\/wp-content\/uploads\/2019\/10\/PMJ_OutubroRosa-2019-5.jpg?resize=1024%2C768&amp;ssl=1 1024w, https:\/\/i0.wp.com\/blogdoeloiltoncajuhy.com.br\/site\/wp-content\/uploads\/2019\/10\/PMJ_OutubroRosa-2019-5.jpg?resize=250%2C188&amp;ssl=1 250w\" sizes=\"(max-width: 443px) 100vw, 443px\" \/><\/figure><\/div>\n\n\n\n<p>Dando continuidade \u00e0s a\u00e7\u00f5es alusivas ao Outubro Rosa, a Prefeitura de Jaguarari, atrav\u00e9s da Secretaria de Sa\u00fade, realizou nos dias 15 e 16 a\u00e7\u00f5es preventivas no combate ao c\u00e2ncer de mama e colo de \u00fatero no distrito de Santa Rosa.<\/p>\n\n\n\n<p>As a\u00e7\u00f5es realizadas consistiram em palestras educativas ministradas pelos profissionais do N\u00facleo de Apoio \u00e0 Sa\u00fade da Fam\u00edlia \u2013 NASF, ressaltando a import\u00e2ncia do auto-exame, diagnostico precoce e o acompanhamento p\u00f3s-tratamento. Al\u00e9m disso, foram realizados exames ginecol\u00f3gicos como colposcopia (exame de imagem) e mamografia no hospital na cidade de Campo Formoso.<\/p>\n\n\n\n<p><em>&#8220;Durante todo o m\u00eas de outubro estaremos imbu\u00eddos na conscientiza\u00e7\u00e3o por parte das mulheres do munic\u00edpio para que realizem o auto-exame e, no caso da identifica\u00e7\u00e3o de algum n\u00f3dulo, buscar o servi\u00e7o de sa\u00fade. O diagnostico precoce aumenta em mais de 90% a chance de cura&#8221;<\/em>, ressaltou o Secret\u00e1rio de Sa\u00fade, Rodrigo Cruz.<\/p>\n\n\n\n<div class=\"wp-block-image\"><figure class=\"aligncenter is-resized\"><img decoding=\"async\" src=\"https:\/\/i2.wp.com\/blogdoeloiltoncajuhy.com.br\/site\/wp-content\/uploads\/2019\/10\/PMJ_OutubroRosa-2019-6.jpg?fit=590%2C443\" alt=\"\" class=\"wp-image-38147\" width=\"443\" height=\"332\" srcset=\"https:\/\/i0.wp.com\/blogdoeloiltoncajuhy.com.br\/site\/wp-content\/uploads\/2019\/10\/PMJ_OutubroRosa-2019-6.jpg?w=1600&amp;ssl=1 1600w, https:\/\/i0.wp.com\/blogdoeloiltoncajuhy.com.br\/site\/wp-content\/uploads\/2019\/10\/PMJ_OutubroRosa-2019-6.jpg?resize=300%2C225&amp;ssl=1 300w, https:\/\/i0.wp.com\/blogdoeloiltoncajuhy.com.br\/site\/wp-content\/uploads\/2019\/10\/PMJ_OutubroRosa-2019-6.jpg?resize=768%2C576&amp;ssl=1 768w, https:\/\/i0.wp.com\/blogdoeloiltoncajuhy.com.br\/site\/wp-content\/uploads\/2019\/10\/PMJ_OutubroRosa-2019-6.jpg?resize=1024%2C768&amp;ssl=1 1024w, https:\/\/i0.wp.com\/blogdoeloiltoncajuhy.com.br\/site\/wp-content\/uploads\/2019\/10\/PMJ_OutubroRosa-2019-6.jpg?resize=250%2C188&amp;ssl=1 250w\" sizes=\"(max-width: 443px) 100vw, 443px\" \/><\/figure><\/div>\n","protected":false},"excerpt":{"rendered":"<p>ASCOM &#8211; Prefeitura de Jaguarari-BA Dando continuidade \u00e0s a\u00e7\u00f5es alusivas ao Outubro Rosa, a Prefeitura de Jaguarari, atrav\u00e9s da Secretaria de Sa\u00fade, realizou nos dias 15 e 16 a\u00e7\u00f5es preventivas no combate ao c\u00e2ncer de mama e colo de \u00fatero no distrito de Santa Rosa. As a\u00e7\u00f5es realizadas consistiram em palestras educativas ministradas pelos profissionais [&hellip;]<\/p>\n","protected":false},"author":2,"featured_media":38147,"comment_status":"open","ping_status":"open","sticky":false,"template":"","format":"standard","meta":{"_acf_changed":false,"_monsterinsights_skip_tracking":false,"_monsterinsights_sitenote_active":false,"_monsterinsights_sitenote_note":"","_monsterinsights_sitenote_category":0,"_jetpack_memberships_contains_paid_content":false,"footnotes":"","jetpack_publicize_message":"","jetpack_publicize_feature_enabled":true,"jetpack_social_post_already_shared":true,"jetpack_social_options":{"image_generator_settings":{"template":"highway","default_image_id":0,"font":"","enabled":false},"version":2}},"categories":[1,11,7],"tags":[],"class_list":["post-38145","post","type-post","status-publish","format-standard","has-post-thumbnail","hentry","category-noticias","category-regional","category-saude"],"acf":[],"jetpack_publicize_connections":[],"jetpack_featured_media_url":"https:\/\/i0.wp.com\/blogdoeloiltoncajuhy.com.br\/site\/wp-content\/uploads\/2019\/10\/PMJ_OutubroRosa-2019-6.jpg?fit=1600%2C1200&ssl=1","jetpack_sharing_enabled":true,"publishpress_future_workflow_manual_trigger":{"enabledWorkflows":[]},"_links":{"self":[{"href":"https:\/\/blogdoeloiltoncajuhy.com.br\/site\/wp-json\/wp\/v2\/posts\/38145","targetHints":{"allow":["GET"]}}],"collection":[{"href":"https:\/\/blogdoeloiltoncajuhy.com.br\/site\/wp-json\/wp\/v2\/posts"}],"about":[{"href":"https:\/\/blogdoeloiltoncajuhy.com.br\/site\/wp-json\/wp\/v2\/types\/post"}],"author":[{"embeddable":true,"href":"https:\/\/blogdoeloiltoncajuhy.com.br\/site\/wp-json\/wp\/v2\/users\/2"}],"replies":[{"embeddable":true,"href":"https:\/\/blogdoeloiltoncajuhy.com.br\/site\/wp-json\/wp\/v2\/comments?post=38145"}],"version-history":[{"count":1,"href":"https:\/\/blogdoeloiltoncajuhy.com.br\/site\/wp-json\/wp\/v2\/posts\/38145\/revisions"}],"predecessor-version":[{"id":38148,"href":"https:\/\/blogdoeloiltoncajuhy.com.br\/site\/wp-json\/wp\/v2\/posts\/38145\/revisions\/38148"}],"wp:featuredmedia":[{"embeddable":true,"href":"https:\/\/blogdoeloiltoncajuhy.com.br\/site\/wp-json\/wp\/v2\/media\/38147"}],"wp:attachment":[{"href":"https:\/\/blogdoeloiltoncajuhy.com.br\/site\/wp-json\/wp\/v2\/media?parent=38145"}],"wp:term":[{"taxonomy":"category","embeddable":true,"href":"https:\/\/blogdoeloiltoncajuhy.com.br\/site\/wp-json\/wp\/v2\/categories?post=38145"},{"taxonomy":"post_tag","embeddable":true,"href":"https:\/\/blogdoeloiltoncajuhy.com.br\/site\/wp-json\/wp\/v2\/tags?post=38145"}],"curies":[{"name":"wp","href":"https:\/\/api.w.org\/{rel}","templated":true}]}}