{"id":38120,"date":"2019-10-16T16:17:07","date_gmt":"2019-10-16T19:17:07","guid":{"rendered":"http:\/\/blogdoeloiltoncajuhy.com.br\/site\/?p=38120"},"modified":"2019-10-16T16:17:13","modified_gmt":"2019-10-16T19:17:13","slug":"servidores-da-prefeitura-de-jaguarari-recebem-capacitacoes-de-sistemas","status":"publish","type":"post","link":"https:\/\/blogdoeloiltoncajuhy.com.br\/site\/servidores-da-prefeitura-de-jaguarari-recebem-capacitacoes-de-sistemas\/","title":{"rendered":"Servidores da prefeitura de Jaguarari recebem capacita\u00e7\u00f5es de sistemas"},"content":{"rendered":"\n<p><strong>ASCOM &#8211; Prefeitura de Jaguarari-BA<\/strong><\/p>\n\n\n\n<div class=\"wp-block-image\"><figure class=\"aligncenter is-resized\"><img fetchpriority=\"high\" decoding=\"async\" src=\"https:\/\/i0.wp.com\/blogdoeloiltoncajuhy.com.br\/site\/wp-content\/uploads\/2019\/10\/PMJ_Capacita\u00e7\u00e3oBolsaFamilia.jpg?fit=590%2C443\" alt=\"\" class=\"wp-image-38121\" width=\"335\" height=\"252\" srcset=\"https:\/\/i0.wp.com\/blogdoeloiltoncajuhy.com.br\/site\/wp-content\/uploads\/2019\/10\/PMJ_Capacita%C3%A7%C3%A3oBolsaFamilia.jpg?w=1280&amp;ssl=1 1280w, https:\/\/i0.wp.com\/blogdoeloiltoncajuhy.com.br\/site\/wp-content\/uploads\/2019\/10\/PMJ_Capacita%C3%A7%C3%A3oBolsaFamilia.jpg?resize=300%2C225&amp;ssl=1 300w, https:\/\/i0.wp.com\/blogdoeloiltoncajuhy.com.br\/site\/wp-content\/uploads\/2019\/10\/PMJ_Capacita%C3%A7%C3%A3oBolsaFamilia.jpg?resize=768%2C576&amp;ssl=1 768w, https:\/\/i0.wp.com\/blogdoeloiltoncajuhy.com.br\/site\/wp-content\/uploads\/2019\/10\/PMJ_Capacita%C3%A7%C3%A3oBolsaFamilia.jpg?resize=1024%2C768&amp;ssl=1 1024w, https:\/\/i0.wp.com\/blogdoeloiltoncajuhy.com.br\/site\/wp-content\/uploads\/2019\/10\/PMJ_Capacita%C3%A7%C3%A3oBolsaFamilia.jpg?resize=250%2C188&amp;ssl=1 250w\" sizes=\"(max-width: 335px) 100vw, 335px\" \/><\/figure><\/div>\n\n\n\n<p>Entre os dias 09 a 11 de outubro a gestora do Programa Bolsa Fam\u00edlia de Jaguarari, Giselle Pereira Ara\u00fajo, participou da capacita\u00e7\u00e3o do Sistema de Condicionalidades do Programa Bolsa Fam\u00edlia &#8211; Sicon, na cidade de Salvador.<\/p>\n\n\n\n<p>A capacita\u00e7\u00e3o tem o objetivo de aprofundar os gestores nas funcionalidades do Sicon, mostrando que esse sistema n\u00e3o funciona apenas para consulta, mas tamb\u00e9m como um sistema que faz o acompanhamento familiar como prioridade e estando interligadas \u00e0s \u00e1reas de educa\u00e7\u00e3o e sa\u00fade.<\/p>\n\n\n\n<p>O Sicon \u00e9 um sistema bem amplo onde \u00e9 poss\u00edvel saber quais s\u00e3o as fam\u00edlias que est\u00e3o em situa\u00e7\u00e3o de vulnerabilidade. A partir desse momento o Centro de Refer\u00eancia da Fam\u00edlia &#8211; CRAS, entra em a\u00e7\u00e3o para que a fam\u00edlia tenha seus direitos garantidos.<\/p>\n","protected":false},"excerpt":{"rendered":"<p>ASCOM &#8211; Prefeitura de Jaguarari-BA Entre os dias 09 a 11 de outubro a gestora do Programa Bolsa Fam\u00edlia de Jaguarari, Giselle Pereira Ara\u00fajo, participou da capacita\u00e7\u00e3o do Sistema de Condicionalidades do Programa Bolsa Fam\u00edlia &#8211; Sicon, na cidade de Salvador. A capacita\u00e7\u00e3o tem o objetivo de aprofundar os gestores nas funcionalidades do Sicon, mostrando [&hellip;]<\/p>\n","protected":false},"author":2,"featured_media":38121,"comment_status":"open","ping_status":"open","sticky":false,"template":"","format":"standard","meta":{"_acf_changed":false,"_monsterinsights_skip_tracking":false,"_monsterinsights_sitenote_active":false,"_monsterinsights_sitenote_note":"","_monsterinsights_sitenote_category":0,"_jetpack_memberships_contains_paid_content":false,"footnotes":"","jetpack_publicize_message":"","jetpack_publicize_feature_enabled":true,"jetpack_social_post_already_shared":true,"jetpack_social_options":{"image_generator_settings":{"template":"highway","default_image_id":0,"font":"","enabled":false},"version":2}},"categories":[1,3,11],"tags":[],"class_list":["post-38120","post","type-post","status-publish","format-standard","has-post-thumbnail","hentry","category-noticias","category-politica","category-regional"],"acf":[],"jetpack_publicize_connections":[],"jetpack_featured_media_url":"https:\/\/i0.wp.com\/blogdoeloiltoncajuhy.com.br\/site\/wp-content\/uploads\/2019\/10\/PMJ_Capacita%C3%A7%C3%A3oBolsaFamilia.jpg?fit=1280%2C960&ssl=1","jetpack_sharing_enabled":true,"publishpress_future_workflow_manual_trigger":{"enabledWorkflows":[]},"_links":{"self":[{"href":"https:\/\/blogdoeloiltoncajuhy.com.br\/site\/wp-json\/wp\/v2\/posts\/38120","targetHints":{"allow":["GET"]}}],"collection":[{"href":"https:\/\/blogdoeloiltoncajuhy.com.br\/site\/wp-json\/wp\/v2\/posts"}],"about":[{"href":"https:\/\/blogdoeloiltoncajuhy.com.br\/site\/wp-json\/wp\/v2\/types\/post"}],"author":[{"embeddable":true,"href":"https:\/\/blogdoeloiltoncajuhy.com.br\/site\/wp-json\/wp\/v2\/users\/2"}],"replies":[{"embeddable":true,"href":"https:\/\/blogdoeloiltoncajuhy.com.br\/site\/wp-json\/wp\/v2\/comments?post=38120"}],"version-history":[{"count":1,"href":"https:\/\/blogdoeloiltoncajuhy.com.br\/site\/wp-json\/wp\/v2\/posts\/38120\/revisions"}],"predecessor-version":[{"id":38122,"href":"https:\/\/blogdoeloiltoncajuhy.com.br\/site\/wp-json\/wp\/v2\/posts\/38120\/revisions\/38122"}],"wp:featuredmedia":[{"embeddable":true,"href":"https:\/\/blogdoeloiltoncajuhy.com.br\/site\/wp-json\/wp\/v2\/media\/38121"}],"wp:attachment":[{"href":"https:\/\/blogdoeloiltoncajuhy.com.br\/site\/wp-json\/wp\/v2\/media?parent=38120"}],"wp:term":[{"taxonomy":"category","embeddable":true,"href":"https:\/\/blogdoeloiltoncajuhy.com.br\/site\/wp-json\/wp\/v2\/categories?post=38120"},{"taxonomy":"post_tag","embeddable":true,"href":"https:\/\/blogdoeloiltoncajuhy.com.br\/site\/wp-json\/wp\/v2\/tags?post=38120"}],"curies":[{"name":"wp","href":"https:\/\/api.w.org\/{rel}","templated":true}]}}