{"id":38118,"date":"2019-10-16T15:30:04","date_gmt":"2019-10-16T18:30:04","guid":{"rendered":"http:\/\/blogdoeloiltoncajuhy.com.br\/site\/?p=38118"},"modified":"2019-10-16T15:30:14","modified_gmt":"2019-10-16T18:30:14","slug":"edital-pm-ba-preve-vagas-para-quadro-de-pracas-da-pm-e-corpo-de-bombeiros","status":"publish","type":"post","link":"https:\/\/blogdoeloiltoncajuhy.com.br\/site\/edital-pm-ba-preve-vagas-para-quadro-de-pracas-da-pm-e-corpo-de-bombeiros\/","title":{"rendered":"Edital PM BA prev\u00ea vagas para quadro de pra\u00e7as da PM e Corpo de Bombeiros"},"content":{"rendered":"\n<p><strong>Estrat\u00e9gia Concursos<\/strong><\/p>\n\n\n\n<div class=\"wp-block-image\"><figure class=\"aligncenter is-resized\"><img data-recalc-dims=\"1\" fetchpriority=\"high\" decoding=\"async\" src=\"https:\/\/i0.wp.com\/blogdoeloiltoncajuhy.com.br\/site\/wp-content\/uploads\/2017\/08\/concursol-pm-ba-2017.jpg?resize=358%2C179\" alt=\"\" class=\"wp-image-19332\" width=\"358\" height=\"179\" srcset=\"https:\/\/i0.wp.com\/blogdoeloiltoncajuhy.com.br\/site\/wp-content\/uploads\/2017\/08\/concursol-pm-ba-2017.jpg?w=600&amp;ssl=1 600w, https:\/\/i0.wp.com\/blogdoeloiltoncajuhy.com.br\/site\/wp-content\/uploads\/2017\/08\/concursol-pm-ba-2017.jpg?resize=300%2C150&amp;ssl=1 300w, https:\/\/i0.wp.com\/blogdoeloiltoncajuhy.com.br\/site\/wp-content\/uploads\/2017\/08\/concursol-pm-ba-2017.jpg?resize=250%2C125&amp;ssl=1 250w\" sizes=\"(max-width: 358px) 100vw, 358px\" \/><\/figure><\/div>\n\n\n\n<p>Foi publicado nesta quarta-feira, 16 de outubro, o esperado edital PM BA. O concurso da Pol\u00edcia Militar da Bahia e do Corpo de Bombeiros Militar oferta 1.250 vagas imediatas para Soldados. Dentre essas vagas, 1.000 s\u00e3o para a PM e 250 para o CBM.<\/p>\n\n\n\n<p>Os interessados poder\u00e3o se inscrever entre os dias 21 de outubro e 19 de novembro, exclusivamente pela internet, no portal do IBFC, banca organizadora do certame. O valor da taxa \u00e9 de R$ 70,00 e pode ser pago at\u00e9 o dia 20 de novembro. O candidato poder\u00e1 fazer uma \u00fanica inscri\u00e7\u00e3o, devendo optar pela PM ou pelo CBM.<\/p>\n\n\n\n<p>As provas objetiva e discursiva do concurso est\u00e3o previstas para o dia 19 de janeiro de 2019 e ser\u00e3o aplicadas nas cidades de Salvador, Feira de Santana, Ilh\u00e9us, Vit\u00f3ria da Conquista, Barreiras e Itaberaba.<\/p>\n\n\n\n<p class=\"has-medium-font-size\"><strong>Edital PM BA: principais datas<\/strong><\/p>\n\n\n\n<p><strong>Inscri\u00e7\u00f5es:<\/strong> 21\/10 a 19\/11\/2019<br><strong>Isen\u00e7\u00e3o:<\/strong> 21 a 25\/10\/2019<br><strong>Pagamento da taxa:<\/strong> at\u00e9 20\/11\/2019<br><strong>Provas:<\/strong> 19\/01\/2020<br><strong>Resultado final:<\/strong> 29\/04\/2020<br><strong>Matr\u00edcula no curso de forma\u00e7\u00e3o:<\/strong> 26\/10\/2020<\/p>\n","protected":false},"excerpt":{"rendered":"<p>Estrat\u00e9gia Concursos Foi publicado nesta quarta-feira, 16 de outubro, o esperado edital PM BA. O concurso da Pol\u00edcia Militar da Bahia e do Corpo de Bombeiros Militar oferta 1.250 vagas imediatas para Soldados. Dentre essas vagas, 1.000 s\u00e3o para a PM e 250 para o CBM. Os interessados poder\u00e3o se inscrever entre os dias 21 [&hellip;]<\/p>\n","protected":false},"author":2,"featured_media":0,"comment_status":"open","ping_status":"open","sticky":false,"template":"","format":"standard","meta":{"_acf_changed":false,"_monsterinsights_skip_tracking":false,"_monsterinsights_sitenote_active":false,"_monsterinsights_sitenote_note":"","_monsterinsights_sitenote_category":0,"_jetpack_memberships_contains_paid_content":false,"footnotes":"","jetpack_publicize_message":"","jetpack_publicize_feature_enabled":true,"jetpack_social_post_already_shared":true,"jetpack_social_options":{"image_generator_settings":{"template":"highway","default_image_id":0,"font":"","enabled":false},"version":2}},"categories":[5,1],"tags":[],"class_list":["post-38118","post","type-post","status-publish","format-standard","hentry","category-cotidiano","category-noticias"],"acf":[],"jetpack_publicize_connections":[],"jetpack_featured_media_url":"","jetpack_sharing_enabled":true,"publishpress_future_workflow_manual_trigger":{"enabledWorkflows":[]},"_links":{"self":[{"href":"https:\/\/blogdoeloiltoncajuhy.com.br\/site\/wp-json\/wp\/v2\/posts\/38118","targetHints":{"allow":["GET"]}}],"collection":[{"href":"https:\/\/blogdoeloiltoncajuhy.com.br\/site\/wp-json\/wp\/v2\/posts"}],"about":[{"href":"https:\/\/blogdoeloiltoncajuhy.com.br\/site\/wp-json\/wp\/v2\/types\/post"}],"author":[{"embeddable":true,"href":"https:\/\/blogdoeloiltoncajuhy.com.br\/site\/wp-json\/wp\/v2\/users\/2"}],"replies":[{"embeddable":true,"href":"https:\/\/blogdoeloiltoncajuhy.com.br\/site\/wp-json\/wp\/v2\/comments?post=38118"}],"version-history":[{"count":1,"href":"https:\/\/blogdoeloiltoncajuhy.com.br\/site\/wp-json\/wp\/v2\/posts\/38118\/revisions"}],"predecessor-version":[{"id":38119,"href":"https:\/\/blogdoeloiltoncajuhy.com.br\/site\/wp-json\/wp\/v2\/posts\/38118\/revisions\/38119"}],"wp:attachment":[{"href":"https:\/\/blogdoeloiltoncajuhy.com.br\/site\/wp-json\/wp\/v2\/media?parent=38118"}],"wp:term":[{"taxonomy":"category","embeddable":true,"href":"https:\/\/blogdoeloiltoncajuhy.com.br\/site\/wp-json\/wp\/v2\/categories?post=38118"},{"taxonomy":"post_tag","embeddable":true,"href":"https:\/\/blogdoeloiltoncajuhy.com.br\/site\/wp-json\/wp\/v2\/tags?post=38118"}],"curies":[{"name":"wp","href":"https:\/\/api.w.org\/{rel}","templated":true}]}}