{"id":38116,"date":"2019-10-16T15:08:05","date_gmt":"2019-10-16T18:08:05","guid":{"rendered":"http:\/\/blogdoeloiltoncajuhy.com.br\/site\/?p=38116"},"modified":"2019-10-16T15:08:12","modified_gmt":"2019-10-16T18:08:12","slug":"jaguarari-contra-o-sarampo","status":"publish","type":"post","link":"https:\/\/blogdoeloiltoncajuhy.com.br\/site\/jaguarari-contra-o-sarampo\/","title":{"rendered":"Jaguarari contra o Sarampo"},"content":{"rendered":"\n<p><strong>ASCOM &#8211; Prefeitura de Jaguarari-BA<\/strong><\/p>\n\n\n\n<div class=\"wp-block-image\"><figure class=\"aligncenter is-resized\"><img data-recalc-dims=\"1\" fetchpriority=\"high\" decoding=\"async\" src=\"https:\/\/i0.wp.com\/blogdoeloiltoncajuhy.com.br\/site\/wp-content\/uploads\/2018\/07\/vacinacao-sarampo_2018.jpg?resize=308%2C205\" alt=\"\" class=\"wp-image-26490\" width=\"308\" height=\"205\" srcset=\"https:\/\/i0.wp.com\/blogdoeloiltoncajuhy.com.br\/site\/wp-content\/uploads\/2018\/07\/vacinacao-sarampo_2018.jpg?w=410&amp;ssl=1 410w, https:\/\/i0.wp.com\/blogdoeloiltoncajuhy.com.br\/site\/wp-content\/uploads\/2018\/07\/vacinacao-sarampo_2018.jpg?resize=300%2C200&amp;ssl=1 300w, https:\/\/i0.wp.com\/blogdoeloiltoncajuhy.com.br\/site\/wp-content\/uploads\/2018\/07\/vacinacao-sarampo_2018.jpg?resize=250%2C166&amp;ssl=1 250w\" sizes=\"(max-width: 308px) 100vw, 308px\" \/><\/figure><\/div>\n\n\n\n<p>Neste s\u00e1bado (19), ser\u00e1 realizado o dia D de vacina\u00e7\u00e3o contra Sarampo no cal\u00e7ad\u00e3o da nossa cidade para crian\u00e7as de 6 meses a menores de 5 anos. No distrito de Pilar a vacina\u00e7\u00e3o acontecer\u00e1 na sala de estabiliza\u00e7\u00e3o. O dia D no distrito de Santa Rosa acontecer\u00e1 no pr\u00f3ximo s\u00e1bado (26), na Unidade de Sa\u00fade da Fam\u00edlia do distrito. As demais localidades poder\u00e3o buscar suas respectivas unidades de sa\u00fade para a vacina\u00e7\u00e3o.<br>\nAs mam\u00e3es que forem levar seus filhos dever\u00e3o estar munidas do cart\u00e3o de vacina e carteirinha do SUS. Nesse mesmo dia estaremos realizando teste r\u00e1pido para s\u00edfilis alusiva ao dia Nacional de Combate a S\u00edfilis! Aguardamos a presen\u00e7a da popula\u00e7\u00e3o Jaguarariense.<\/p>\n","protected":false},"excerpt":{"rendered":"<p>ASCOM &#8211; Prefeitura de Jaguarari-BA Neste s\u00e1bado (19), ser\u00e1 realizado o dia D de vacina\u00e7\u00e3o contra Sarampo no cal\u00e7ad\u00e3o da nossa cidade para crian\u00e7as de 6 meses a menores de 5 anos. No distrito de Pilar a vacina\u00e7\u00e3o acontecer\u00e1 na sala de estabiliza\u00e7\u00e3o. O dia D no distrito de Santa Rosa acontecer\u00e1 no pr\u00f3ximo s\u00e1bado [&hellip;]<\/p>\n","protected":false},"author":2,"featured_media":0,"comment_status":"open","ping_status":"open","sticky":false,"template":"","format":"standard","meta":{"_acf_changed":false,"_monsterinsights_skip_tracking":false,"_monsterinsights_sitenote_active":false,"_monsterinsights_sitenote_note":"","_monsterinsights_sitenote_category":0,"_jetpack_memberships_contains_paid_content":false,"footnotes":"","jetpack_publicize_message":"","jetpack_publicize_feature_enabled":true,"jetpack_social_post_already_shared":true,"jetpack_social_options":{"image_generator_settings":{"template":"highway","default_image_id":0,"font":"","enabled":false},"version":2}},"categories":[1,11,7],"tags":[],"class_list":["post-38116","post","type-post","status-publish","format-standard","hentry","category-noticias","category-regional","category-saude"],"acf":[],"jetpack_publicize_connections":[],"jetpack_featured_media_url":"","jetpack_sharing_enabled":true,"publishpress_future_workflow_manual_trigger":{"enabledWorkflows":[]},"_links":{"self":[{"href":"https:\/\/blogdoeloiltoncajuhy.com.br\/site\/wp-json\/wp\/v2\/posts\/38116","targetHints":{"allow":["GET"]}}],"collection":[{"href":"https:\/\/blogdoeloiltoncajuhy.com.br\/site\/wp-json\/wp\/v2\/posts"}],"about":[{"href":"https:\/\/blogdoeloiltoncajuhy.com.br\/site\/wp-json\/wp\/v2\/types\/post"}],"author":[{"embeddable":true,"href":"https:\/\/blogdoeloiltoncajuhy.com.br\/site\/wp-json\/wp\/v2\/users\/2"}],"replies":[{"embeddable":true,"href":"https:\/\/blogdoeloiltoncajuhy.com.br\/site\/wp-json\/wp\/v2\/comments?post=38116"}],"version-history":[{"count":1,"href":"https:\/\/blogdoeloiltoncajuhy.com.br\/site\/wp-json\/wp\/v2\/posts\/38116\/revisions"}],"predecessor-version":[{"id":38117,"href":"https:\/\/blogdoeloiltoncajuhy.com.br\/site\/wp-json\/wp\/v2\/posts\/38116\/revisions\/38117"}],"wp:attachment":[{"href":"https:\/\/blogdoeloiltoncajuhy.com.br\/site\/wp-json\/wp\/v2\/media?parent=38116"}],"wp:term":[{"taxonomy":"category","embeddable":true,"href":"https:\/\/blogdoeloiltoncajuhy.com.br\/site\/wp-json\/wp\/v2\/categories?post=38116"},{"taxonomy":"post_tag","embeddable":true,"href":"https:\/\/blogdoeloiltoncajuhy.com.br\/site\/wp-json\/wp\/v2\/tags?post=38116"}],"curies":[{"name":"wp","href":"https:\/\/api.w.org\/{rel}","templated":true}]}}