{"id":38113,"date":"2019-10-16T15:00:05","date_gmt":"2019-10-16T18:00:05","guid":{"rendered":"http:\/\/blogdoeloiltoncajuhy.com.br\/site\/?p=38113"},"modified":"2019-10-16T15:00:11","modified_gmt":"2019-10-16T18:00:11","slug":"uneb-sedia-conferencia-regional-de-ciencia-tecnologia-e-inovacao-em-senhor-do-bonfim","status":"publish","type":"post","link":"https:\/\/blogdoeloiltoncajuhy.com.br\/site\/uneb-sedia-conferencia-regional-de-ciencia-tecnologia-e-inovacao-em-senhor-do-bonfim\/","title":{"rendered":"UNEB sedia Confer\u00eancia Regional de Ci\u00eancia, Tecnologia e Inova\u00e7\u00e3o em Senhor do Bonfim"},"content":{"rendered":"\n<p><strong>Lorena Simas<\/strong><br>Coordenadora do N\u00facleo de Assessoria de Comunica\u00e7\u00e3o (NAC- DEDC\/ UNEB)<br>Com informa\u00e7\u00f5es da Secretaria de Ci\u00eancia, Tecnologia e Inova\u00e7\u00e3o (Secti-BA)<\/p>\n\n\n\n<div class=\"wp-block-image\"><figure class=\"aligncenter is-resized\"><img fetchpriority=\"high\" decoding=\"async\" src=\"https:\/\/i2.wp.com\/blogdoeloiltoncajuhy.com.br\/site\/wp-content\/uploads\/2019\/10\/Uneb_ConferenciaCienciaTecnologia.jpeg?fit=590%2C590\" alt=\"\" class=\"wp-image-38114\" width=\"295\" height=\"295\" srcset=\"https:\/\/i0.wp.com\/blogdoeloiltoncajuhy.com.br\/site\/wp-content\/uploads\/2019\/10\/Uneb_ConferenciaCienciaTecnologia.jpeg?w=1280&amp;ssl=1 1280w, https:\/\/i0.wp.com\/blogdoeloiltoncajuhy.com.br\/site\/wp-content\/uploads\/2019\/10\/Uneb_ConferenciaCienciaTecnologia.jpeg?resize=150%2C150&amp;ssl=1 150w, https:\/\/i0.wp.com\/blogdoeloiltoncajuhy.com.br\/site\/wp-content\/uploads\/2019\/10\/Uneb_ConferenciaCienciaTecnologia.jpeg?resize=300%2C300&amp;ssl=1 300w, https:\/\/i0.wp.com\/blogdoeloiltoncajuhy.com.br\/site\/wp-content\/uploads\/2019\/10\/Uneb_ConferenciaCienciaTecnologia.jpeg?resize=768%2C768&amp;ssl=1 768w, https:\/\/i0.wp.com\/blogdoeloiltoncajuhy.com.br\/site\/wp-content\/uploads\/2019\/10\/Uneb_ConferenciaCienciaTecnologia.jpeg?resize=1024%2C1024&amp;ssl=1 1024w, https:\/\/i0.wp.com\/blogdoeloiltoncajuhy.com.br\/site\/wp-content\/uploads\/2019\/10\/Uneb_ConferenciaCienciaTecnologia.jpeg?resize=250%2C250&amp;ssl=1 250w, https:\/\/i0.wp.com\/blogdoeloiltoncajuhy.com.br\/site\/wp-content\/uploads\/2019\/10\/Uneb_ConferenciaCienciaTecnologia.jpeg?resize=48%2C48&amp;ssl=1 48w\" sizes=\"(max-width: 295px) 100vw, 295px\" \/><\/figure><\/div>\n\n\n\n<p>A Confer\u00eancia Regional de Ci\u00eancia, Tecnologia e Inova\u00e7\u00e3o (CT&amp;I) nos Macroterrit\u00f3rios de Identidade do Piemonte Norte Itapicuru, Bacia do Jacu\u00edpe e Piemonte Diamantina acontecer\u00e1 no dia 31 de outubro, das 8h \u00e0s 18h no audit\u00f3rio do Departamento de Educa\u00e7\u00e3o (DEDC), Campus VII da UNEB em Senhor do Bonfim. A UNEB \u00e9 parceira da Secretaria de Ci\u00eancia, Tecnologia e Inova\u00e7\u00e3o (Secti) do Governo da Bahia na realiza\u00e7\u00e3o das Confer\u00eancias Macroterritoriais de CT&amp;I.<\/p>\n\n\n\n<p>O objetivo da Confer\u00eancia \u00e9 entender as demandas locais e propor estrat\u00e9gias de desenvolvimento do sistema de CT&amp;I que servir\u00e3o de base para a nova pol\u00edtica estadual do setor, al\u00e9m de eleger os delegados para a IV Confer\u00eancia Estadual de Ci\u00eancia, Tecnologia e Inova\u00e7\u00e3o que acontecer\u00e1 nos dias 05 e 06 de dezembro em Salvador, com o tema \u201cBahia: Sociedade 5.0\u201d. <\/p>\n\n\n\n<p>Antecedendo a IV Confer\u00eancia Estadual, os munic\u00edpios de Senhor do Bonfim, Feira de Santana, Ilh\u00e9us, Eun\u00e1polis, Vit\u00f3ria da Conquista, Seabra, Irec\u00ea, Barreiras, Juazeiro, Salvador e Serrinha, recebem as Confer\u00eancias Regionais, a fim de eleger 20 delegados para cada macroterrit\u00f3rio, atrav\u00e9s de grupos formados por quatro integrantes que ficar\u00e3o respons\u00e1veis por apresentar as demandas de cada regi\u00e3o, representando os seguimentos empresarial, Institutos de Ci\u00eancia e Tecnologia (universidades, centros de pesquisa), poder p\u00fablico,  sociedade civil organizada e entidades de representa\u00e7\u00e3o setorial, como, por exemplo, FIEB, SEBRAE, IBAMETRO, dentre outros.<\/p>\n\n\n\n<p>Atualmente, as tecnologias exercem grande influ\u00eancia no comportamento das pessoas e no plano econ\u00f4mico, pol\u00edtico e social. Assim, o professor do DEDC VII, Ricardo Amorim exp\u00f5e que \u201cTemos que nos adaptar a um modelo de sociedade no qual a nossa capacidade criativa e a inova\u00e7\u00e3o tecnol\u00f3gica s\u00e3o muito importantes. Para isso, promover o setor de Ci\u00eancia, Tecnologia e Inova\u00e7\u00e3o \u00e9 fundamental na cria\u00e7\u00e3o de novas centralidades e vetores de desenvolvimento\u201d.<\/p>\n\n\n\n<p>As inscri\u00e7\u00f5es para participa\u00e7\u00e3o na Confer\u00eancia Macroterritorial s\u00e3o gratuitas e podem ser feitas atrav\u00e9s do link: bit.ly\/CTIBA2019INS. Para mais informa\u00e7\u00f5es acesse o site: http:\/\/www.secti.ba.gov.br\/.<\/p>\n","protected":false},"excerpt":{"rendered":"<p>Lorena SimasCoordenadora do N\u00facleo de Assessoria de Comunica\u00e7\u00e3o (NAC- DEDC\/ UNEB)Com informa\u00e7\u00f5es da Secretaria de Ci\u00eancia, Tecnologia e Inova\u00e7\u00e3o (Secti-BA) A Confer\u00eancia Regional de Ci\u00eancia, Tecnologia e Inova\u00e7\u00e3o (CT&amp;I) nos Macroterrit\u00f3rios de Identidade do Piemonte Norte Itapicuru, Bacia do Jacu\u00edpe e Piemonte Diamantina acontecer\u00e1 no dia 31 de outubro, das 8h \u00e0s 18h no audit\u00f3rio [&hellip;]<\/p>\n","protected":false},"author":2,"featured_media":38114,"comment_status":"open","ping_status":"open","sticky":false,"template":"","format":"standard","meta":{"_acf_changed":false,"_monsterinsights_skip_tracking":false,"_monsterinsights_sitenote_active":false,"_monsterinsights_sitenote_note":"","_monsterinsights_sitenote_category":0,"_jetpack_memberships_contains_paid_content":false,"footnotes":"","jetpack_publicize_message":"","jetpack_publicize_feature_enabled":true,"jetpack_social_post_already_shared":true,"jetpack_social_options":{"image_generator_settings":{"template":"highway","default_image_id":0,"font":"","enabled":false},"version":2}},"categories":[14,1,4],"tags":[],"class_list":["post-38113","post","type-post","status-publish","format-standard","has-post-thumbnail","hentry","category-educacao","category-noticias","category-local"],"acf":[],"jetpack_publicize_connections":[],"jetpack_featured_media_url":"https:\/\/i0.wp.com\/blogdoeloiltoncajuhy.com.br\/site\/wp-content\/uploads\/2019\/10\/Uneb_ConferenciaCienciaTecnologia.jpeg?fit=1280%2C1280&ssl=1","jetpack_sharing_enabled":true,"publishpress_future_workflow_manual_trigger":{"enabledWorkflows":[]},"_links":{"self":[{"href":"https:\/\/blogdoeloiltoncajuhy.com.br\/site\/wp-json\/wp\/v2\/posts\/38113","targetHints":{"allow":["GET"]}}],"collection":[{"href":"https:\/\/blogdoeloiltoncajuhy.com.br\/site\/wp-json\/wp\/v2\/posts"}],"about":[{"href":"https:\/\/blogdoeloiltoncajuhy.com.br\/site\/wp-json\/wp\/v2\/types\/post"}],"author":[{"embeddable":true,"href":"https:\/\/blogdoeloiltoncajuhy.com.br\/site\/wp-json\/wp\/v2\/users\/2"}],"replies":[{"embeddable":true,"href":"https:\/\/blogdoeloiltoncajuhy.com.br\/site\/wp-json\/wp\/v2\/comments?post=38113"}],"version-history":[{"count":1,"href":"https:\/\/blogdoeloiltoncajuhy.com.br\/site\/wp-json\/wp\/v2\/posts\/38113\/revisions"}],"predecessor-version":[{"id":38115,"href":"https:\/\/blogdoeloiltoncajuhy.com.br\/site\/wp-json\/wp\/v2\/posts\/38113\/revisions\/38115"}],"wp:featuredmedia":[{"embeddable":true,"href":"https:\/\/blogdoeloiltoncajuhy.com.br\/site\/wp-json\/wp\/v2\/media\/38114"}],"wp:attachment":[{"href":"https:\/\/blogdoeloiltoncajuhy.com.br\/site\/wp-json\/wp\/v2\/media?parent=38113"}],"wp:term":[{"taxonomy":"category","embeddable":true,"href":"https:\/\/blogdoeloiltoncajuhy.com.br\/site\/wp-json\/wp\/v2\/categories?post=38113"},{"taxonomy":"post_tag","embeddable":true,"href":"https:\/\/blogdoeloiltoncajuhy.com.br\/site\/wp-json\/wp\/v2\/tags?post=38113"}],"curies":[{"name":"wp","href":"https:\/\/api.w.org\/{rel}","templated":true}]}}