{"id":38111,"date":"2019-10-16T14:55:31","date_gmt":"2019-10-16T17:55:31","guid":{"rendered":"http:\/\/blogdoeloiltoncajuhy.com.br\/site\/?p=38111"},"modified":"2019-10-16T14:55:38","modified_gmt":"2019-10-16T17:55:38","slug":"veja-o-resumo-da-sessao-ordinaria-da-camara-municipal-de-senhor-do-bonfim-desta-terca-feira-15","status":"publish","type":"post","link":"https:\/\/blogdoeloiltoncajuhy.com.br\/site\/veja-o-resumo-da-sessao-ordinaria-da-camara-municipal-de-senhor-do-bonfim-desta-terca-feira-15\/","title":{"rendered":"Veja o resumo da sess\u00e3o ordin\u00e1ria da C\u00e2mara Municipal de Senhor do Bonfim desta ter\u00e7a-feira (15)"},"content":{"rendered":"\n<p><strong>ASCOM &#8211; C\u00e2mara Municipal de Senhor do Bonfim-BA<\/strong><\/p>\n\n\n\n<div class=\"wp-block-image\"><figure class=\"aligncenter\"><img data-recalc-dims=\"1\" fetchpriority=\"high\" decoding=\"async\" width=\"768\" height=\"427\" src=\"https:\/\/i0.wp.com\/blogdoeloiltoncajuhy.com.br\/site\/wp-content\/uploads\/2019\/04\/camara-de-bonfim-2.jpg?resize=768%2C427\" alt=\"\" class=\"wp-image-33523\" srcset=\"https:\/\/i0.wp.com\/blogdoeloiltoncajuhy.com.br\/site\/wp-content\/uploads\/2019\/04\/camara-de-bonfim-2.jpg?w=768&amp;ssl=1 768w, https:\/\/i0.wp.com\/blogdoeloiltoncajuhy.com.br\/site\/wp-content\/uploads\/2019\/04\/camara-de-bonfim-2.jpg?resize=300%2C167&amp;ssl=1 300w, https:\/\/i0.wp.com\/blogdoeloiltoncajuhy.com.br\/site\/wp-content\/uploads\/2019\/04\/camara-de-bonfim-2.jpg?resize=250%2C139&amp;ssl=1 250w\" sizes=\"(max-width: 768px) 100vw, 768px\" \/><\/figure><\/div>\n\n\n\n<p>Nesta ter\u00e7a-feira, 15 de outubro, foi realizada a 20\u00aa Sess\u00e3o Ordin\u00e1ria do 2\u00ba Per\u00edodo Ordin\u00e1rio, do ano de 2019, da C\u00e2mara Municipal de Senhor do Bonfim. <\/p>\n\n\n\n<p>Conduzida pelo Presidente da Casa, vereador Cleiton Vieira, com a chamada dos vereadores, onde havendo n\u00famero legal \u00e9 declarada aberta.<\/p>\n\n\n\n<p>O Sr. Presidente informa que solicitaram o abono de suas faltas os vereadores GERIVALDO RIBEIRO SAMPAIO e REINALDO FERREIRA SANTANA, cujas justificativas s\u00e3o: por estarem em viagem oficial a cidade de Salvador-BA. Todavia, a Mesa Diretora avaliar\u00e1. Em seguida, atendendo o Regimento Interno, em seu art. 141, foi encaminhada a ata da sess\u00e3o anterior aos e-mails de todos os vereadores, foi colocada em discuss\u00e3o, e ningu\u00e9m querendo discutir \u00e9 colocada em vota\u00e7\u00e3o, sendo aprovada.<\/p>\n\n\n\n<p>Passa-se \u00e0 leitura do expediente, que consta das seguintes mat\u00e9rias:<\/p>\n\n\n\n<p>PROJETO DE LEI DO EXECUTIVO N\u00ba 019\/2019, que \u201cregulamenta a previs\u00e3o contida no Art. 85, \u00a719 da Lei Federal n\u00ba 13.105 de 2015, dispondo sobre o procedimento de distribui\u00e7\u00e3o dos honor\u00e1rios advocat\u00edcios entre os procuradores jur\u00eddicos do Munic\u00edpio de Senhor do Bonfim e d\u00e1 outras provid\u00eancias\u201d;<\/p>\n\n\n\n<p>PROJETO DE LEI DO LEGISLATIVO N\u00ba 034\/2019, de autoria do vereador Carlos Alberto Dias dos Santos, que \u201cdisp\u00f5e sobre cotas para negros nos concursos p\u00fablicos, REDAS, e processos seletivos nas estruturas da C\u00e2mara Municipal e da Prefeitura Municipal de Senhor do Bonfim e d\u00e1 outras provid\u00eancias\u201d;<\/p>\n\n\n\n<p>PARECER da Comiss\u00e3o de Legisla\u00e7\u00e3o, Justi\u00e7a, Postura e Reda\u00e7\u00e3o Final, ao Projeto de Decreto Legislativo n\u00ba 025\/2019, que \u201cconcede Medalha Dr. Jos\u00e9 Gon\u00e7alves ao Senhor Vivaldo Moreira da Silva\u201d;<\/p>\n\n\n\n<p>PARECER da Comiss\u00e3o de Legisla\u00e7\u00e3o, Justi\u00e7a, Postura e Reda\u00e7\u00e3o Final, ao Projeto de Lei do Legislativo n\u00ba 031\/2019, que \u201cDeclara Utilidade P\u00fablica Municipal da Associa\u00e7\u00e3o de Motociclistas Lobos Solit\u00e1rios e d\u00e1 outras provid\u00eancias\u201d;<\/p>\n\n\n\n<p>PARECER da Comiss\u00e3o de Legisla\u00e7\u00e3o, Justi\u00e7a, Postura e Reda\u00e7\u00e3o Final, ao Projeto de Lei do Legislativo n\u00ba 032\/2019, que \u201cDisp\u00f5e sobre a institui\u00e7\u00e3o no Calend\u00e1rio de Senhor do Bonfim, \u2018Fim de Semana de Encontro de Motociclistas\u2019, e d\u00e1 outras provid\u00eancias\u201d;<\/p>\n\n\n\n<p>PEDIDO DE PROVID\u00caNCIA N\u00ba 063\/2019, de autoria do vereador La\u00e9rcio Muniz de Azevedo J\u00fanior, que solicita que a \u201cSecretaria Municipal de Infraestrutura promova a melhoria da via p\u00fablica, Rua 07 de Setembro, bairro Santos Dumont, fazendo a recupera\u00e7\u00e3o do seu cal\u00e7amento\u201d;<\/p>\n\n\n\n<p>PEDIDO DE PROVID\u00caNCIA N\u00ba 064\/2019, de autoria do vereador La\u00e9rcio Muniz de Azevedo J\u00fanior, que solicita a \u201cSecretaria Municipal de Infraestrutura promova a melhoria da via p\u00fablica, Travessa Fernando Jatob\u00e1, bairro Bom Jardim, fazendo a reposi\u00e7\u00e3o de l\u00e2mpadas\u201d; <\/p>\n\n\n\n<p>PEDIDO DE PROVID\u00caNCIA N\u00ba 065\/2019, de autoria do vereador La\u00e9rcio Muniz de Azevedo J\u00fanior, que solicita que a \u201cSecretaria Municipal de Infraestrutura promova a melhoria da via p\u00fablica, Travessa Get\u00falio Vargas, bairro S\u00e3o Jorge, fazendo a reposi\u00e7\u00e3o de l\u00e2mpadas\u201d;<\/p>\n\n\n\n<p>MO\u00c7\u00c3O DE RECONHECIMENTO E APLAUSOS N\u00ba 011\/2019, de autoria do vereador Carlos Alberto Dias dos Santos, ao MOTO CLUBE DRAG\u00d5ES DO ASPHALT;<\/p>\n\n\n\n<p>OF\u00cdCIO N\u00ba 014\/2019, de autoria da Associa\u00e7\u00e3o de Motociclistas Lobos Solit\u00e1rios, que solicita uso da palavra na sess\u00e3o do dia 15 de outubro de 2019;<\/p>\n\n\n\n<p>OF\u00cdCIO N\u00ba 016\/2019, de autoria do Senhor Geraldo Passos Souza, que solicita uso da palavra na sess\u00e3o do dia 15 de outubro de 2019.<\/p>\n\n\n\n<p>Durante o expediente o Sr. Presidente solicitou que reproduzisse um v\u00eddeo com o trabalho social que a Associa\u00e7\u00e3o MOTO CLUBE DRAG\u00d5ES DO ASPHALT realiza na cidade de Senhor do Bonfim, o que \u00e9 feito.<\/p>\n\n\n\n<p>Atendendo o of\u00edcio n\u00ba 014\/2019, de autoria da Associa\u00e7\u00e3o de Motociclistas Lobos Solit\u00e1rios e of\u00edcio n\u00ba 016\/2019, de autoria do Senhor Geraldo Passos Souza, franqueia a palavra aos Srs. Alexandre e Geraldo, os quais agradecem pela homenagem que a C\u00e2mara far\u00e1 as duas Associa\u00e7\u00f5es, como tamb\u00e9m todo trabalho social que vem realizando no munic\u00edpio de Senhor do Bonfim-BA, assim encerrando.<\/p>\n\n\n\n<p>O Sr. Presidente passa para ordem dos vereadores inscritos e franqueia a palavra ao primeiro, Vereador JO\u00c3O CARLOS DE CASTRO, que n\u00e3o se faz presente. Dando continuidade, franqueia a palavra ao segundo, Vereador EDSON RIBEIRO DA SILVA. Franqueia a palavra ao terceiro, Vereador HERM\u00d3GENES GOMES DE ALMEIDA. Franqueia a palavra ao quarto, Vereador REINALDO FERREIRA SANTANA, que n\u00e3o se faz presente. Franqueia a palavra ao quinto, Vereador CARLOS ALBERTO DIAS DOS SANTOS. Franqueia a palavra ao sexto, Vereador JORGE SOUZA E SILVA FILHO, que dispensa a palavra. Franqueia a palavra ao s\u00e9timo, Vereador LA\u00c9RCIO MUNIZ DE AZEVEDO J\u00daNIOR. Franqueia a palavra ao oitavo, Vereador ELIZEU CONCEI\u00c7\u00c3O DE SOUZA. Franqueia a palavra ao oitavo, Vereador ALEXANDRE FERREIRA.<\/p>\n\n\n\n<p>Passa-se para a ORDEM DO DIA \u00e9 lido o PARECER da Comiss\u00e3o de Legisla\u00e7\u00e3o, Justi\u00e7a, Postura e Reda\u00e7\u00e3o Final, ao Projeto de Decreto Legislativo n\u00ba 025\/2019, que \u201cconcede Medalha Dr. Jos\u00e9 Gon\u00e7alves ao Senhor Vivaldo Moreira da Silva\u201d \u00e9 colocado em discuss\u00e3o e ningu\u00e9m querendo discutir \u00e9 colocado em vota\u00e7\u00e3o, sendo aprovado por unanimidade;<\/p>\n\n\n\n<p>PROJETO DE DECRETO LEGISLATIVO N\u00ba 025\/2019, de autoria do Vereador Ot\u00e1vio Xisto de Souza J\u00fanior, que \u201cconcede Medalha Dr. Jos\u00e9 Gon\u00e7alves ao Senhor Vivaldo Moreira da Silva\u201d \u00e9 colocado em discuss\u00e3o e usam da palavra os Vereadores Ot\u00e1vio Xisto de Souza J\u00fanior e Carlos Alberto Dias dos Santos, que fazem um amplo pronunciamento sobre a mat\u00e9ria, ficam favor\u00e1veis a sua aprova\u00e7\u00e3o e ningu\u00e9m mais querendo discutir \u00e9 colocado em vota\u00e7\u00e3o, sendo aprovado por unanimidade.<\/p>\n\n\n\n<p>PARECER da Comiss\u00e3o de Legisla\u00e7\u00e3o, Justi\u00e7a, Postura e Reda\u00e7\u00e3o Final, ao Projeto de Lei do Legislativo n\u00ba 031\/2019, que \u201cDeclara Utilidade P\u00fablica Municipal da Associa\u00e7\u00e3o de Motociclistas Lobos Solit\u00e1rios e d\u00e1 outras provid\u00eancias\u201d \u00e9 colocado em discuss\u00e3o e ningu\u00e9m querendo discutir \u00e9 colocado em vota\u00e7\u00e3o, sendo aprovado por unanimidade;<\/p>\n\n\n\n<p>PROJETO DE LEI DO LEGISLATIVO N\u00ba 031\/2019, de autoria do Vereador Cleiton Vieira Pinto, que \u201cDeclara Utilidade P\u00fablica Municipal da Associa\u00e7\u00e3o de Motociclistas Lobos Solit\u00e1rios e d\u00e1 outras provid\u00eancias\u201d \u00e9 colocado em discuss\u00e3o e usam da palavra os Vereadores Cleiton Vieira Pinto, Jorge Souza e Silva Filho, L\u00facia Cristina Souza Cerqueira, Andreilto de Almeida Barbosa, Herm\u00f3genes Gomes de Almeida, La\u00e9rcio Muniz de Azev\u00eado J\u00fanior, Ot\u00e1vio Xisto de Souza J\u00fanior e Elizeu Concei\u00e7\u00e3o de Souza, que discutem a propositura, ficam favor\u00e1veis a sua aprova\u00e7\u00e3o e ningu\u00e9m mais querendo discutir \u00e9 colocado em vota\u00e7\u00e3o, sendo aprovado por unanimidade.<\/p>\n\n\n\n<p>PARECER da Comiss\u00e3o de Legisla\u00e7\u00e3o, Justi\u00e7a, Postura e Reda\u00e7\u00e3o Final, ao Projeto de Lei do Legislativo n\u00ba 032\/2019, que \u201cDisp\u00f5e sobre a institui\u00e7\u00e3o no Calend\u00e1rio de Senhor do Bonfim, \u2018Fim de Semana de Encontro de Motociclistas\u2019, e d\u00e1 outras provid\u00eancias\u201d \u00e9 colocado em discuss\u00e3o e usa da palavra o Vereador Herm\u00f3genes Gomes de Almeida, que discute a propositura e fica favor\u00e1vel a sua aprova\u00e7\u00e3o e ningu\u00e9m mais querendo discutir \u00e9 colocado em vota\u00e7\u00e3o, sendo aprovado por unanimidade;<\/p>\n\n\n\n<p>PROJETO DE LEI DO LEGISLATIVO N\u00ba 032\/2019, de autoria do Vereador Cleiton Vieira Pinto, que \u201cDisp\u00f5e sobre a institui\u00e7\u00e3o no Calend\u00e1rio de Senhor do Bonfim, \u2018Fim de Semana de Encontro de Motociclistas\u2019, e d\u00e1 outras provid\u00eancias\u201d \u00e9 colocado em discuss\u00e3o e usam da palavra os Vereadores Cleiton Vieira Pinto e Andreilto de Almeida Barbosa, que discutem a propositura, ficam favor\u00e1veis a sua aprova\u00e7\u00e3o e ningu\u00e9m mais querendo discutir \u00e9 colocado em vota\u00e7\u00e3o, sendo aprovado por unanimidade.<\/p>\n\n\n\n<p>MO\u00c7\u00c3O DE RECONHECIMENTO E APLAUSOS N\u00ba 011\/2019, de autoria do vereador Carlos Alberto Dias dos Santos, ao MOTO CLUBE DRAG\u00d5ES DO ASPHALT \u00e9 colocada em discuss\u00e3o e usa da palavra o Vereador Carlos Alberto Dias dos Santos, que discute a propositura prestando homenagem e ningu\u00e9m mais querendo discutir \u00e9 colocada em vota\u00e7\u00e3o, sendo aprovada por unanimidade.<\/p>\n\n\n\n<p>Durante a ordem do dia, o Sr. Presidente prorroga a sess\u00e3o at\u00e9 que seja votada a \u00faltima mat\u00e9ria, o que \u00e9 feito. N\u00e3o havendo mais nenhuma mat\u00e9ria para ser lida e discutida o Sr. Presidente \u00e0s vinte e uma horas e cinquenta e cinco minutos d\u00e1 por encerrada a Sess\u00e3o.<\/p>\n\n\n\n<p><strong>Veja a sess\u00e3o completa:<\/strong><\/p>\n\n\n\n<figure class=\"wp-block-embed-youtube aligncenter wp-block-embed is-type-video is-provider-youtube wp-embed-aspect-16-9 wp-has-aspect-ratio\"><div class=\"wp-block-embed__wrapper\">\n<iframe title=\"20\u00aa Sess\u00e3o Ordin\u00e1ria do 2\u00ba PO [15\/10\/2019]\" width=\"800\" height=\"450\" src=\"https:\/\/www.youtube.com\/embed\/eIiXKUdWBaA?feature=oembed\" frameborder=\"0\" allow=\"accelerometer; autoplay; encrypted-media; gyroscope; picture-in-picture\" allowfullscreen><\/iframe>\n<\/div><\/figure>\n","protected":false},"excerpt":{"rendered":"<p>ASCOM &#8211; C\u00e2mara Municipal de Senhor do Bonfim-BA Nesta ter\u00e7a-feira, 15 de outubro, foi realizada a 20\u00aa Sess\u00e3o Ordin\u00e1ria do 2\u00ba Per\u00edodo Ordin\u00e1rio, do ano de 2019, da C\u00e2mara Municipal de Senhor do Bonfim. Conduzida pelo Presidente da Casa, vereador Cleiton Vieira, com a chamada dos vereadores, onde havendo n\u00famero legal \u00e9 declarada aberta. O [&hellip;]<\/p>\n","protected":false},"author":2,"featured_media":0,"comment_status":"open","ping_status":"open","sticky":false,"template":"","format":"standard","meta":{"_acf_changed":false,"_monsterinsights_skip_tracking":false,"_monsterinsights_sitenote_active":false,"_monsterinsights_sitenote_note":"","_monsterinsights_sitenote_category":0,"_jetpack_memberships_contains_paid_content":false,"footnotes":"","jetpack_publicize_message":"","jetpack_publicize_feature_enabled":true,"jetpack_social_post_already_shared":true,"jetpack_social_options":{"image_generator_settings":{"template":"highway","default_image_id":0,"font":"","enabled":false},"version":2}},"categories":[1,3,4],"tags":[],"class_list":["post-38111","post","type-post","status-publish","format-standard","hentry","category-noticias","category-politica","category-local"],"acf":[],"jetpack_publicize_connections":[],"jetpack_featured_media_url":"","jetpack_sharing_enabled":true,"publishpress_future_workflow_manual_trigger":{"enabledWorkflows":[]},"_links":{"self":[{"href":"https:\/\/blogdoeloiltoncajuhy.com.br\/site\/wp-json\/wp\/v2\/posts\/38111","targetHints":{"allow":["GET"]}}],"collection":[{"href":"https:\/\/blogdoeloiltoncajuhy.com.br\/site\/wp-json\/wp\/v2\/posts"}],"about":[{"href":"https:\/\/blogdoeloiltoncajuhy.com.br\/site\/wp-json\/wp\/v2\/types\/post"}],"author":[{"embeddable":true,"href":"https:\/\/blogdoeloiltoncajuhy.com.br\/site\/wp-json\/wp\/v2\/users\/2"}],"replies":[{"embeddable":true,"href":"https:\/\/blogdoeloiltoncajuhy.com.br\/site\/wp-json\/wp\/v2\/comments?post=38111"}],"version-history":[{"count":1,"href":"https:\/\/blogdoeloiltoncajuhy.com.br\/site\/wp-json\/wp\/v2\/posts\/38111\/revisions"}],"predecessor-version":[{"id":38112,"href":"https:\/\/blogdoeloiltoncajuhy.com.br\/site\/wp-json\/wp\/v2\/posts\/38111\/revisions\/38112"}],"wp:attachment":[{"href":"https:\/\/blogdoeloiltoncajuhy.com.br\/site\/wp-json\/wp\/v2\/media?parent=38111"}],"wp:term":[{"taxonomy":"category","embeddable":true,"href":"https:\/\/blogdoeloiltoncajuhy.com.br\/site\/wp-json\/wp\/v2\/categories?post=38111"},{"taxonomy":"post_tag","embeddable":true,"href":"https:\/\/blogdoeloiltoncajuhy.com.br\/site\/wp-json\/wp\/v2\/tags?post=38111"}],"curies":[{"name":"wp","href":"https:\/\/api.w.org\/{rel}","templated":true}]}}