{"id":38101,"date":"2019-10-16T06:47:43","date_gmt":"2019-10-16T09:47:43","guid":{"rendered":"http:\/\/blogdoeloiltoncajuhy.com.br\/site\/?p=38101"},"modified":"2019-10-16T06:47:49","modified_gmt":"2019-10-16T09:47:49","slug":"adutora-vai-levar-agua-tratada-para-mais-de-300-familias-na-zona-rural-de-senhor-do-bonfim","status":"publish","type":"post","link":"https:\/\/blogdoeloiltoncajuhy.com.br\/site\/adutora-vai-levar-agua-tratada-para-mais-de-300-familias-na-zona-rural-de-senhor-do-bonfim\/","title":{"rendered":"Adutora vai levar \u00e1gua tratada para mais de 300 fam\u00edlias na zona rural de Senhor do Bonfim"},"content":{"rendered":"\n<p><strong>ASCOM &#8211; Prefeitura Municipal de Senhor do Bonfim &#8211; BA<\/strong><\/p>\n\n\n\n<div class=\"wp-block-image\"><figure class=\"aligncenter\"><img fetchpriority=\"high\" decoding=\"async\" width=\"1024\" height=\"576\" src=\"https:\/\/i2.wp.com\/blogdoeloiltoncajuhy.com.br\/site\/wp-content\/uploads\/2019\/10\/PMSB_AdutoraCanavieira.jpg?fit=590%2C332\" alt=\"\" class=\"wp-image-38102\" srcset=\"https:\/\/i0.wp.com\/blogdoeloiltoncajuhy.com.br\/site\/wp-content\/uploads\/2019\/10\/PMSB_AdutoraCanavieira.jpg?w=1024&amp;ssl=1 1024w, https:\/\/i0.wp.com\/blogdoeloiltoncajuhy.com.br\/site\/wp-content\/uploads\/2019\/10\/PMSB_AdutoraCanavieira.jpg?resize=300%2C169&amp;ssl=1 300w, https:\/\/i0.wp.com\/blogdoeloiltoncajuhy.com.br\/site\/wp-content\/uploads\/2019\/10\/PMSB_AdutoraCanavieira.jpg?resize=768%2C432&amp;ssl=1 768w, https:\/\/i0.wp.com\/blogdoeloiltoncajuhy.com.br\/site\/wp-content\/uploads\/2019\/10\/PMSB_AdutoraCanavieira.jpg?resize=250%2C141&amp;ssl=1 250w\" sizes=\"(max-width: 800px) 100vw, 800px\" \/><\/figure><\/div>\n\n\n\n<p>Sempre preocupado com a zona rural, o prefeito Carlos Brasileiro vistoriou o andamento das obras da adutora que vai levar \u00e1gua tratada para 330 fam\u00edlias nas comunidades de Canavieiras, Campo Comprido e adjac\u00eancias.<\/p>\n\n\n\n<p>O investimento na ordem de R$ 727 mil \u00e9 oriundo de parceria entre prefeitura, deputado Bob\u00f4 e Embasa. O sistema tem cerca de 15 km de extens\u00e3o e come\u00e7a a ser testado em outubro &#8211; a previs\u00e3o de inaugura\u00e7\u00e3o \u00e9 novembro deste ano. A \u00e1gua vem da barragem de Ponto Novo e segue por gravidade do reservat\u00f3rio instalado na regi\u00e3o de Igara.<\/p>\n\n\n\n<p>Brasileiro estava acompanhado dos vereadores R\u00e9 do Sindicato e Herm\u00f3genes Almeida, al\u00e9m do gerente Regional da Embasa, Raimundo Nonato. Atualmente cerca de 97 % da zona rural de Senhor do Bonfim recebe \u00e1gua encanada e tratada nas torneiras.<\/p>\n","protected":false},"excerpt":{"rendered":"<p>ASCOM &#8211; Prefeitura Municipal de Senhor do Bonfim &#8211; BA Sempre preocupado com a zona rural, o prefeito Carlos Brasileiro vistoriou o andamento das obras da adutora que vai levar \u00e1gua tratada para 330 fam\u00edlias nas comunidades de Canavieiras, Campo Comprido e adjac\u00eancias. O investimento na ordem de R$ 727 mil \u00e9 oriundo de parceria [&hellip;]<\/p>\n","protected":false},"author":2,"featured_media":38102,"comment_status":"open","ping_status":"open","sticky":false,"template":"","format":"standard","meta":{"_acf_changed":false,"_monsterinsights_skip_tracking":false,"_monsterinsights_sitenote_active":false,"_monsterinsights_sitenote_note":"","_monsterinsights_sitenote_category":0,"_jetpack_memberships_contains_paid_content":false,"footnotes":"","jetpack_publicize_message":"","jetpack_publicize_feature_enabled":true,"jetpack_social_post_already_shared":true,"jetpack_social_options":{"image_generator_settings":{"template":"highway","default_image_id":0,"font":"","enabled":false},"version":2}},"categories":[1,3,4],"tags":[],"class_list":["post-38101","post","type-post","status-publish","format-standard","has-post-thumbnail","hentry","category-noticias","category-politica","category-local"],"acf":[],"jetpack_publicize_connections":[],"jetpack_featured_media_url":"https:\/\/i0.wp.com\/blogdoeloiltoncajuhy.com.br\/site\/wp-content\/uploads\/2019\/10\/PMSB_AdutoraCanavieira.jpg?fit=1024%2C576&ssl=1","jetpack_sharing_enabled":true,"publishpress_future_workflow_manual_trigger":{"enabledWorkflows":[]},"_links":{"self":[{"href":"https:\/\/blogdoeloiltoncajuhy.com.br\/site\/wp-json\/wp\/v2\/posts\/38101","targetHints":{"allow":["GET"]}}],"collection":[{"href":"https:\/\/blogdoeloiltoncajuhy.com.br\/site\/wp-json\/wp\/v2\/posts"}],"about":[{"href":"https:\/\/blogdoeloiltoncajuhy.com.br\/site\/wp-json\/wp\/v2\/types\/post"}],"author":[{"embeddable":true,"href":"https:\/\/blogdoeloiltoncajuhy.com.br\/site\/wp-json\/wp\/v2\/users\/2"}],"replies":[{"embeddable":true,"href":"https:\/\/blogdoeloiltoncajuhy.com.br\/site\/wp-json\/wp\/v2\/comments?post=38101"}],"version-history":[{"count":1,"href":"https:\/\/blogdoeloiltoncajuhy.com.br\/site\/wp-json\/wp\/v2\/posts\/38101\/revisions"}],"predecessor-version":[{"id":38103,"href":"https:\/\/blogdoeloiltoncajuhy.com.br\/site\/wp-json\/wp\/v2\/posts\/38101\/revisions\/38103"}],"wp:featuredmedia":[{"embeddable":true,"href":"https:\/\/blogdoeloiltoncajuhy.com.br\/site\/wp-json\/wp\/v2\/media\/38102"}],"wp:attachment":[{"href":"https:\/\/blogdoeloiltoncajuhy.com.br\/site\/wp-json\/wp\/v2\/media?parent=38101"}],"wp:term":[{"taxonomy":"category","embeddable":true,"href":"https:\/\/blogdoeloiltoncajuhy.com.br\/site\/wp-json\/wp\/v2\/categories?post=38101"},{"taxonomy":"post_tag","embeddable":true,"href":"https:\/\/blogdoeloiltoncajuhy.com.br\/site\/wp-json\/wp\/v2\/tags?post=38101"}],"curies":[{"name":"wp","href":"https:\/\/api.w.org\/{rel}","templated":true}]}}