{"id":38089,"date":"2019-10-15T11:34:03","date_gmt":"2019-10-15T14:34:03","guid":{"rendered":"http:\/\/blogdoeloiltoncajuhy.com.br\/site\/?p=38089"},"modified":"2019-10-15T11:34:10","modified_gmt":"2019-10-15T14:34:10","slug":"homenagem-da-prefeitura-de-senhor-do-bonfim-a-todos-os-professores","status":"publish","type":"post","link":"https:\/\/blogdoeloiltoncajuhy.com.br\/site\/homenagem-da-prefeitura-de-senhor-do-bonfim-a-todos-os-professores\/","title":{"rendered":"Homenagem da Prefeitura de Senhor do Bonfim a todos os professores"},"content":{"rendered":"\n<p><strong>ASCOM &#8211; Prefeitura de Senhor do Bonfim-BA<\/strong><\/p>\n\n\n\n<div class=\"wp-block-image\"><figure class=\"aligncenter is-resized\"><img data-recalc-dims=\"1\" fetchpriority=\"high\" decoding=\"async\" src=\"https:\/\/i0.wp.com\/blogdoeloiltoncajuhy.com.br\/site\/wp-content\/uploads\/2019\/10\/PMSB_DiaProfessor_2019.jpg?resize=480%2C480\" alt=\"\" class=\"wp-image-38090\" width=\"480\" height=\"480\" srcset=\"https:\/\/i0.wp.com\/blogdoeloiltoncajuhy.com.br\/site\/wp-content\/uploads\/2019\/10\/PMSB_DiaProfessor_2019.jpg?w=960&amp;ssl=1 960w, https:\/\/i0.wp.com\/blogdoeloiltoncajuhy.com.br\/site\/wp-content\/uploads\/2019\/10\/PMSB_DiaProfessor_2019.jpg?resize=150%2C150&amp;ssl=1 150w, https:\/\/i0.wp.com\/blogdoeloiltoncajuhy.com.br\/site\/wp-content\/uploads\/2019\/10\/PMSB_DiaProfessor_2019.jpg?resize=300%2C300&amp;ssl=1 300w, https:\/\/i0.wp.com\/blogdoeloiltoncajuhy.com.br\/site\/wp-content\/uploads\/2019\/10\/PMSB_DiaProfessor_2019.jpg?resize=768%2C768&amp;ssl=1 768w, https:\/\/i0.wp.com\/blogdoeloiltoncajuhy.com.br\/site\/wp-content\/uploads\/2019\/10\/PMSB_DiaProfessor_2019.jpg?resize=250%2C250&amp;ssl=1 250w, https:\/\/i0.wp.com\/blogdoeloiltoncajuhy.com.br\/site\/wp-content\/uploads\/2019\/10\/PMSB_DiaProfessor_2019.jpg?resize=48%2C48&amp;ssl=1 48w\" sizes=\"(max-width: 480px) 100vw, 480px\" \/><\/figure><\/div>\n\n\n\n<p>Feliz dia do Professor!<\/p>\n\n\n\n<p>Para os nossos colegas de trabalho e de profiss\u00e3o, professoras e professores de Senhor do Bonfim e de todo o Territ\u00f3rio do Piemonte Norte do Itapicuru!<\/p>\n\n\n\n<p>O dia 15 de outubro \u00e9 uma data do calend\u00e1rio que foi reservada para se comemorar o dia do professor\/ professora! Que possamos ent\u00e3o utiliz\u00e1-lo para refletir n\u00e3o s\u00f3 a respeito da nossa pr\u00e1tica pedag\u00f3gica, que naturalmente sabemos, que esta precisa ser dial\u00f3gica, construtiva e emancipat\u00f3ria, mas tamb\u00e9m para que possamos priorizar o cuidado com as nossas pr\u00f3prias emo\u00e7\u00f5es!<\/p>\n\n\n\n<p>Que hoje, mais do que nunca , reafirmemos o nosso compromisso de lutar pela materializa\u00e7\u00e3o das ideias de Paulo Freire nas escolas p\u00fablicas brasileiras, acreditando, sempre, que \u00e9 imposs\u00edvel existir nessa vida sem sonhos! At\u00e9 porque sem sonhos, a vida n\u00e3o tem brilho!<\/p>\n\n\n\n<p>Que a nossa lucidez, beleza e boniteza, aliada \u00e0s nossas emo\u00e7\u00f5es e ao compromisso que temos com a Educa\u00e7\u00e3o do outro e de n\u00f3s pr\u00f3prios seja o combust\u00edvel que vai nos ajudar a espalhar e plantar conhecimento em solos f\u00e9rteis e cora\u00e7\u00f5es desejosos de aprender, evoluir e crescer!<\/p>\n\n\n\n<p>Felicidades!<br>Que Deus nos aben\u00e7oe!<\/p>\n\n\n\n<p><strong><em>Carlos Brasileiro<br> Prefeito<\/em><\/strong><\/p>\n\n\n\n<p><strong><em>Cristiane Maia<br>Secret\u00e1ria de Educa\u00e7\u00e3o<\/em><\/strong><\/p>\n","protected":false},"excerpt":{"rendered":"<p>ASCOM &#8211; Prefeitura de Senhor do Bonfim-BA Feliz dia do Professor! Para os nossos colegas de trabalho e de profiss\u00e3o, professoras e professores de Senhor do Bonfim e de todo o Territ\u00f3rio do Piemonte Norte do Itapicuru! O dia 15 de outubro \u00e9 uma data do calend\u00e1rio que foi reservada para se comemorar o dia [&hellip;]<\/p>\n","protected":false},"author":2,"featured_media":38090,"comment_status":"open","ping_status":"open","sticky":false,"template":"","format":"standard","meta":{"_acf_changed":false,"_monsterinsights_skip_tracking":false,"_monsterinsights_sitenote_active":false,"_monsterinsights_sitenote_note":"","_monsterinsights_sitenote_category":0,"_jetpack_memberships_contains_paid_content":false,"footnotes":"","jetpack_publicize_message":"","jetpack_publicize_feature_enabled":true,"jetpack_social_post_already_shared":true,"jetpack_social_options":{"image_generator_settings":{"template":"highway","default_image_id":0,"font":"","enabled":false},"version":2}},"categories":[1,3,4],"tags":[],"class_list":["post-38089","post","type-post","status-publish","format-standard","has-post-thumbnail","hentry","category-noticias","category-politica","category-local"],"acf":[],"jetpack_publicize_connections":[],"jetpack_featured_media_url":"https:\/\/i0.wp.com\/blogdoeloiltoncajuhy.com.br\/site\/wp-content\/uploads\/2019\/10\/PMSB_DiaProfessor_2019.jpg?fit=960%2C960&ssl=1","jetpack_sharing_enabled":true,"publishpress_future_workflow_manual_trigger":{"enabledWorkflows":[]},"_links":{"self":[{"href":"https:\/\/blogdoeloiltoncajuhy.com.br\/site\/wp-json\/wp\/v2\/posts\/38089","targetHints":{"allow":["GET"]}}],"collection":[{"href":"https:\/\/blogdoeloiltoncajuhy.com.br\/site\/wp-json\/wp\/v2\/posts"}],"about":[{"href":"https:\/\/blogdoeloiltoncajuhy.com.br\/site\/wp-json\/wp\/v2\/types\/post"}],"author":[{"embeddable":true,"href":"https:\/\/blogdoeloiltoncajuhy.com.br\/site\/wp-json\/wp\/v2\/users\/2"}],"replies":[{"embeddable":true,"href":"https:\/\/blogdoeloiltoncajuhy.com.br\/site\/wp-json\/wp\/v2\/comments?post=38089"}],"version-history":[{"count":1,"href":"https:\/\/blogdoeloiltoncajuhy.com.br\/site\/wp-json\/wp\/v2\/posts\/38089\/revisions"}],"predecessor-version":[{"id":38091,"href":"https:\/\/blogdoeloiltoncajuhy.com.br\/site\/wp-json\/wp\/v2\/posts\/38089\/revisions\/38091"}],"wp:featuredmedia":[{"embeddable":true,"href":"https:\/\/blogdoeloiltoncajuhy.com.br\/site\/wp-json\/wp\/v2\/media\/38090"}],"wp:attachment":[{"href":"https:\/\/blogdoeloiltoncajuhy.com.br\/site\/wp-json\/wp\/v2\/media?parent=38089"}],"wp:term":[{"taxonomy":"category","embeddable":true,"href":"https:\/\/blogdoeloiltoncajuhy.com.br\/site\/wp-json\/wp\/v2\/categories?post=38089"},{"taxonomy":"post_tag","embeddable":true,"href":"https:\/\/blogdoeloiltoncajuhy.com.br\/site\/wp-json\/wp\/v2\/tags?post=38089"}],"curies":[{"name":"wp","href":"https:\/\/api.w.org\/{rel}","templated":true}]}}