{"id":38086,"date":"2019-10-15T10:34:08","date_gmt":"2019-10-15T13:34:08","guid":{"rendered":"http:\/\/blogdoeloiltoncajuhy.com.br\/site\/?p=38086"},"modified":"2019-10-15T10:34:14","modified_gmt":"2019-10-15T13:34:14","slug":"inscricoes-para-isencao-do-pagamento-da-taxa-no-processo-seletivo-vestibular-2020-da-uneb-seguem-ate-amanha-16","status":"publish","type":"post","link":"https:\/\/blogdoeloiltoncajuhy.com.br\/site\/inscricoes-para-isencao-do-pagamento-da-taxa-no-processo-seletivo-vestibular-2020-da-uneb-seguem-ate-amanha-16\/","title":{"rendered":"Inscri\u00e7\u00f5es para isen\u00e7\u00e3o do pagamento da taxa no Processo Seletivo Vestibular 2020 da UNEB seguem at\u00e9 amanh\u00e3 (16)"},"content":{"rendered":"\n<p><strong>Lorena Simas<\/strong><br>Coordenadora do N\u00facleo de Assessoria de Comunica\u00e7\u00e3o (NAC-DEDC\/ UNEB)<\/p>\n\n\n\n<div class=\"wp-block-image\"><figure class=\"aligncenter is-resized\"><img data-recalc-dims=\"1\" fetchpriority=\"high\" decoding=\"async\" src=\"https:\/\/i0.wp.com\/blogdoeloiltoncajuhy.com.br\/site\/wp-content\/uploads\/2019\/10\/UNEB_Vestibular2020.jpg?resize=407%2C407\" alt=\"\" class=\"wp-image-38087\" width=\"407\" height=\"407\" srcset=\"https:\/\/i0.wp.com\/blogdoeloiltoncajuhy.com.br\/site\/wp-content\/uploads\/2019\/10\/UNEB_Vestibular2020.jpg?w=960&amp;ssl=1 960w, https:\/\/i0.wp.com\/blogdoeloiltoncajuhy.com.br\/site\/wp-content\/uploads\/2019\/10\/UNEB_Vestibular2020.jpg?resize=150%2C150&amp;ssl=1 150w, https:\/\/i0.wp.com\/blogdoeloiltoncajuhy.com.br\/site\/wp-content\/uploads\/2019\/10\/UNEB_Vestibular2020.jpg?resize=300%2C300&amp;ssl=1 300w, https:\/\/i0.wp.com\/blogdoeloiltoncajuhy.com.br\/site\/wp-content\/uploads\/2019\/10\/UNEB_Vestibular2020.jpg?resize=768%2C768&amp;ssl=1 768w, https:\/\/i0.wp.com\/blogdoeloiltoncajuhy.com.br\/site\/wp-content\/uploads\/2019\/10\/UNEB_Vestibular2020.jpg?resize=250%2C250&amp;ssl=1 250w, https:\/\/i0.wp.com\/blogdoeloiltoncajuhy.com.br\/site\/wp-content\/uploads\/2019\/10\/UNEB_Vestibular2020.jpg?resize=48%2C48&amp;ssl=1 48w\" sizes=\"(max-width: 407px) 100vw, 407px\" \/><\/figure><\/div>\n\n\n\n<p>As inscri\u00e7\u00f5es para concess\u00e3o de isen\u00e7\u00e3o do pagamento da taxa de inscri\u00e7\u00e3o no Processo Seletivo Vestibular 2020 da UNEB seguem at\u00e9 esta quarta-feira (16). Podem se inscrever, candidatos oriundos da educa\u00e7\u00e3o b\u00e1sica da rede p\u00fablica de ensino do Estado da Bahia, servidores das universidades estaduais da Bahia (UEBAs); ou filho, c\u00f4njuge e dependente judicial de primeiro grau de servidor integrante do quadro de pessoal efetivo, ocupante de cargo de provimento tempor\u00e1rio e contratado atrav\u00e9s do Regime de Direito Administrativo (REDA) da UNEB, UEFS, UESB ou UESC e ter conclu\u00eddo ou estar cursando o Ensino M\u00e9dio.<\/p>\n\n\n\n<p>Para solicitar a isen\u00e7\u00e3o, o candidato dever\u00e1 acessar a p\u00e1gina <strong><em><a href=\"http:\/\/www.vestibular.uneb.br\/\">www.vestibular.uneb.br<\/a><\/em><\/strong>, preencher o formul\u00e1rio de inscri\u00e7\u00e3o, no qual dever\u00e1 confirmar que deseja concorrer \u00e0s vagas de isen\u00e7\u00e3o; e informar as notas de Portugu\u00eas e Matem\u00e1tica nas s\u00e9ries integralmente cursadas no Ensino M\u00e9dio ou equivalente.<\/p>\n\n\n\n<p>Para mais informa\u00e7\u00f5es, acesse o edital n\u00ba 092\/2019 no site: <strong><em><a href=\"http:\/\/www.selecao.uneb.br\/editais2019\/\">http:\/\/www.selecao.uneb.br\/editais2019\/<\/a><\/em><\/strong>.<\/p>\n","protected":false},"excerpt":{"rendered":"<p>Lorena SimasCoordenadora do N\u00facleo de Assessoria de Comunica\u00e7\u00e3o (NAC-DEDC\/ UNEB) As inscri\u00e7\u00f5es para concess\u00e3o de isen\u00e7\u00e3o do pagamento da taxa de inscri\u00e7\u00e3o no Processo Seletivo Vestibular 2020 da UNEB seguem at\u00e9 esta quarta-feira (16). Podem se inscrever, candidatos oriundos da educa\u00e7\u00e3o b\u00e1sica da rede p\u00fablica de ensino do Estado da Bahia, servidores das universidades estaduais [&hellip;]<\/p>\n","protected":false},"author":2,"featured_media":38087,"comment_status":"open","ping_status":"open","sticky":false,"template":"","format":"standard","meta":{"_acf_changed":false,"_monsterinsights_skip_tracking":false,"_monsterinsights_sitenote_active":false,"_monsterinsights_sitenote_note":"","_monsterinsights_sitenote_category":0,"_jetpack_memberships_contains_paid_content":false,"footnotes":"","jetpack_publicize_message":"","jetpack_publicize_feature_enabled":true,"jetpack_social_post_already_shared":true,"jetpack_social_options":{"image_generator_settings":{"template":"highway","default_image_id":0,"font":"","enabled":false},"version":2}},"categories":[14,1,4],"tags":[],"class_list":["post-38086","post","type-post","status-publish","format-standard","has-post-thumbnail","hentry","category-educacao","category-noticias","category-local"],"acf":[],"jetpack_publicize_connections":[],"jetpack_featured_media_url":"https:\/\/i0.wp.com\/blogdoeloiltoncajuhy.com.br\/site\/wp-content\/uploads\/2019\/10\/UNEB_Vestibular2020.jpg?fit=960%2C960&ssl=1","jetpack_sharing_enabled":true,"publishpress_future_workflow_manual_trigger":{"enabledWorkflows":[]},"_links":{"self":[{"href":"https:\/\/blogdoeloiltoncajuhy.com.br\/site\/wp-json\/wp\/v2\/posts\/38086","targetHints":{"allow":["GET"]}}],"collection":[{"href":"https:\/\/blogdoeloiltoncajuhy.com.br\/site\/wp-json\/wp\/v2\/posts"}],"about":[{"href":"https:\/\/blogdoeloiltoncajuhy.com.br\/site\/wp-json\/wp\/v2\/types\/post"}],"author":[{"embeddable":true,"href":"https:\/\/blogdoeloiltoncajuhy.com.br\/site\/wp-json\/wp\/v2\/users\/2"}],"replies":[{"embeddable":true,"href":"https:\/\/blogdoeloiltoncajuhy.com.br\/site\/wp-json\/wp\/v2\/comments?post=38086"}],"version-history":[{"count":1,"href":"https:\/\/blogdoeloiltoncajuhy.com.br\/site\/wp-json\/wp\/v2\/posts\/38086\/revisions"}],"predecessor-version":[{"id":38088,"href":"https:\/\/blogdoeloiltoncajuhy.com.br\/site\/wp-json\/wp\/v2\/posts\/38086\/revisions\/38088"}],"wp:featuredmedia":[{"embeddable":true,"href":"https:\/\/blogdoeloiltoncajuhy.com.br\/site\/wp-json\/wp\/v2\/media\/38087"}],"wp:attachment":[{"href":"https:\/\/blogdoeloiltoncajuhy.com.br\/site\/wp-json\/wp\/v2\/media?parent=38086"}],"wp:term":[{"taxonomy":"category","embeddable":true,"href":"https:\/\/blogdoeloiltoncajuhy.com.br\/site\/wp-json\/wp\/v2\/categories?post=38086"},{"taxonomy":"post_tag","embeddable":true,"href":"https:\/\/blogdoeloiltoncajuhy.com.br\/site\/wp-json\/wp\/v2\/tags?post=38086"}],"curies":[{"name":"wp","href":"https:\/\/api.w.org\/{rel}","templated":true}]}}