{"id":38081,"date":"2019-10-14T20:59:58","date_gmt":"2019-10-14T23:59:58","guid":{"rendered":"http:\/\/blogdoeloiltoncajuhy.com.br\/site\/?p=38081"},"modified":"2019-10-14T21:00:04","modified_gmt":"2019-10-15T00:00:04","slug":"camara-municipal-de-sr-do-bonfim-divulga-pauta-da-sessao-ordinaria-desta-terca-feira-15","status":"publish","type":"post","link":"https:\/\/blogdoeloiltoncajuhy.com.br\/site\/camara-municipal-de-sr-do-bonfim-divulga-pauta-da-sessao-ordinaria-desta-terca-feira-15\/","title":{"rendered":"C\u00e2mara Municipal de Sr. do Bonfim divulga pauta da sess\u00e3o ordin\u00e1ria desta ter\u00e7a-feira (15)"},"content":{"rendered":"\n<p><strong>ASCOM \u2013 C\u00e2mara Municipal de Senhor do Bonfim-BA<\/strong><\/p>\n\n\n\n<div class=\"wp-block-image\"><figure class=\"aligncenter\"><img data-recalc-dims=\"1\" fetchpriority=\"high\" decoding=\"async\" width=\"800\" height=\"533\" src=\"https:\/\/i0.wp.com\/blogdoeloiltoncajuhy.com.br\/site\/wp-content\/uploads\/2019\/02\/C%C3%A2mara-Municipal-de-Senhor-do-Bonfim-0912.jpg?resize=800%2C533\" alt=\"\" class=\"wp-image-31832\" srcset=\"https:\/\/i0.wp.com\/blogdoeloiltoncajuhy.com.br\/site\/wp-content\/uploads\/2019\/02\/C%C3%A2mara-Municipal-de-Senhor-do-Bonfim-0912.jpg?resize=1024%2C682&amp;ssl=1 1024w, https:\/\/i0.wp.com\/blogdoeloiltoncajuhy.com.br\/site\/wp-content\/uploads\/2019\/02\/C%C3%A2mara-Municipal-de-Senhor-do-Bonfim-0912.jpg?resize=300%2C200&amp;ssl=1 300w, https:\/\/i0.wp.com\/blogdoeloiltoncajuhy.com.br\/site\/wp-content\/uploads\/2019\/02\/C%C3%A2mara-Municipal-de-Senhor-do-Bonfim-0912.jpg?resize=768%2C512&amp;ssl=1 768w, https:\/\/i0.wp.com\/blogdoeloiltoncajuhy.com.br\/site\/wp-content\/uploads\/2019\/02\/C%C3%A2mara-Municipal-de-Senhor-do-Bonfim-0912.jpg?resize=250%2C167&amp;ssl=1 250w, https:\/\/i0.wp.com\/blogdoeloiltoncajuhy.com.br\/site\/wp-content\/uploads\/2019\/02\/C%C3%A2mara-Municipal-de-Senhor-do-Bonfim-0912.jpg?w=1280&amp;ssl=1 1280w\" sizes=\"(max-width: 800px) 100vw, 800px\" \/><\/figure><\/div>\n\n\n\n<p>Ser\u00e1 realizada nesta ter\u00e7a-feira, 15 de outubro, mais uma sess\u00e3o ordin\u00e1ria da C\u00e2mara Municipal de Senhor do Bonfim. A sess\u00e3o tamb\u00e9m ser\u00e1 transmitida pela internet a partir das 19h.&nbsp;<\/p>\n\n\n\n<p class=\"has-medium-font-size\"><strong>DURANTE O EXPEDIENTE SER\u00c3O LIDAS AS MAT\u00c9RIAS:<\/strong>\u00a0<\/p>\n\n\n\n<ul class=\"wp-block-list\"><li><strong>PROJETO DE LEI DO EXECUTIVO N\u00ba 019\/2019<\/strong>, que \u201c<em>regulamenta a previs\u00e3o contida no Art. 85, \u00a719 da Lei Federal n\u00ba 13.105 de 2015, dispondo sobre o procedimento de distribui\u00e7\u00e3o dos honor\u00e1rios advocat\u00edcios entre os procuradores jur\u00eddicos do Munic\u00edpio de Senhor do Bonfim e d\u00e1 outras provid\u00eancias\u201d;<\/em><\/li><li><strong>PROJETO DE LEI DO LEGISLATIVO N\u00ba 034\/2019,\u00a0<\/strong>de autoria do vereador Carlos Alberto Dias dos Santos, que \u201c<em>disp\u00f5e sobre cotas para negros nos concursos p\u00fablicos, REDAS e processos seletivos nas estruturas da C\u00e2mara Municipal e da Prefeitura Municipal de Senhor do Bonfim e d\u00e1 outras provid\u00eancias\u201d;<\/em><\/li><li><strong>PARECER DA COMISS\u00c3O DE LEGISLA\u00c7\u00c3O, JUSTI\u00c7A, POSTURA E REDA\u00c7\u00c3O FINAL<\/strong>, ao Projeto de Decreto Legislativo n\u00ba 025\/2019, que \u201c<em>concede Medalha Dr. Jos\u00e9 Gon\u00e7alves ao Senhor Vivaldo Moreira da Silva<\/em>\u201d;<\/li><li><strong>PARECER DA COMISS\u00c3O DE LEGISLA\u00c7\u00c3O, JUSTI\u00c7A, POSTURA E REDA\u00c7\u00c3O FINAL<\/strong>, ao Projeto de Lei do Legislativo n\u00ba 031\/2019, que \u201c<em>Declara Utilidade P\u00fablica Municipal da Associa\u00e7\u00e3o de Motociclistas Lobos Solit\u00e1rios e d\u00e1 outras provid\u00eancias<\/em>\u201d;<\/li><li><strong>PARECER DA COMISS\u00c3O DE LEGISLA\u00c7\u00c3O, JUSTI\u00c7A, POSTURA E REDA\u00c7\u00c3O FINAL<\/strong>, ao Projeto de Lei do Legislativo n\u00ba 032\/2019, que \u201c<em>Disp\u00f5e sobre a institui\u00e7\u00e3o no Calend\u00e1rio de Senhor do Bonfim, do \u2018Fim de Semana de Encontro de Motociclistas\u2019, e d\u00e1 outras provid\u00eancias<\/em>\u201d;<\/li><li><strong>PEDIDO DE PROVID\u00caNCIA N\u00ba 063\/2019,\u00a0<\/strong>de autoria do vereador La\u00e9rcio Muniz de Azevedo J\u00fanior, que solicita que a \u201c<em>Secretaria Municipal de Infraestrutura promova a melhoria da via p\u00fablica, Rua 07 de Setembro, bairro Santos Dumont, fazendo a recupera\u00e7\u00e3o do seu cal\u00e7amento\u201d;<\/em><\/li><li><strong>PEDIDO DE PROVID\u00caNCIA N\u00ba 064\/2019,\u00a0<\/strong>de autoria do vereador La\u00e9rcio Muniz de Azevedo J\u00fanior, que solicita a \u201c<em>Secretaria Municipal de Infraestrutura promova a melhoria da via p\u00fablica, Travessa Fernando Jatob\u00e1, bairro Bom Jardim, fazendo a reposi\u00e7\u00e3o de l\u00e2mpadas\u201d;<\/em><\/li><li><strong>PEDIDO DE PROVID\u00caNCIA N\u00ba 065\/2019,\u00a0<\/strong>de autoria do vereador La\u00e9rcio Muniz de Azevedo J\u00fanior, que solicita que a \u201c<em>Secretaria Municipal de Infraestrutura promova a melhoria da via p\u00fablica, Travessa Get\u00falio Vargas, bairro S\u00e3o Jorge, fazendo a reposi\u00e7\u00e3o de l\u00e2mpadas\u201d;<\/em><\/li><li><strong>MO\u00c7\u00c3O DE RECONHECIMENTO E APLAUSOS N\u00ba 011\/2019,\u00a0<\/strong>de autoria do vereador Carlos Alberto Dias dos Santos, ao MOTO CLUBE DRAG\u00d5ES DO ASPHALT.<\/li><\/ul>\n\n\n\n<p class=\"has-medium-font-size\"><strong>ORDEM DO DO DIA<\/strong><\/p>\n\n\n\n<ul class=\"wp-block-list\"><li><strong>PARECER DA COMISS\u00c3O DE LEGISLA\u00c7\u00c3O, JUSTI\u00c7A, POSTURA E REDA\u00c7\u00c3O FINAL<\/strong>, ao Projeto de Decreto Legislativo n\u00ba 025\/2019, que \u201c<em>concede Medalha Dr. Jos\u00e9 Gon\u00e7alves ao Senhor Vivaldo Moreira da Silva<\/em>\u201d;<\/li><li><strong>PROJETO DE DECRETO LEGISLATIVO N\u00ba<\/strong>\u00a0<strong>025\/2019<\/strong>, de autoria do vereador Ot\u00e1vio Xisto de Souza J\u00fanior, que \u201c<em>concede Medalha Dr. Jos\u00e9 Gon\u00e7alves ao Senhor Vivaldo Moreira da Silva<\/em>\u201d;<\/li><li><strong>PARECER DA COMISS\u00c3O DE LEGISLA\u00c7\u00c3O, JUSTI\u00c7A, POSTURA E REDA\u00c7\u00c3O FINAL<\/strong>, ao Projeto de Lei do Legislativo n\u00ba 031\/2019, que \u201c<em>Declara Utilidade P\u00fablica Municipal da Associa\u00e7\u00e3o de Motociclistas Lobos Solit\u00e1rios e d\u00e1 outras provid\u00eancias<\/em>\u201d;<\/li><li><strong>PROJETO DE LEI DO LEGISLATIVO N\u00ba<\/strong>\u00a0<strong>031\/2019<\/strong>, de autoria do vereador Cleiton Vieira Pinto, que \u201c<em>Declara Utilidade P\u00fablica Municipal da Associa\u00e7\u00e3o de Motociclistas Lobos Solit\u00e1rios e d\u00e1 outras provid\u00eancias<\/em>\u201d;<\/li><li><strong>PARECER DA COMISS\u00c3O DE LEGISLA\u00c7\u00c3O, JUSTI\u00c7A, POSTURA E REDA\u00c7\u00c3O FINAL<\/strong>, ao Projeto de Lei do Legislativo n\u00ba 032\/2019, que \u201c<em>Disp\u00f5e sobre a institui\u00e7\u00e3o no Calend\u00e1rio de Senhor do Bonfim, do \u2018Fim de Semana de Encontro de Motociclistas\u2019, e d\u00e1 outras provid\u00eancias<\/em>\u201d;<\/li><li><strong>PROJETO DE LEI DO LEGISLATIVO N\u00ba 032\/2019<\/strong>, autoria do vereador Cleiton Vieira Pinto, que \u201c<em>Disp\u00f5e sobre a institui\u00e7\u00e3o no Calend\u00e1rio de Senhor do Bonfim, do \u2018Fim de Semana de Encontro de Motociclistas\u2019, e d\u00e1 outras provid\u00eancias<\/em>\u201d;<\/li><li><strong>MO\u00c7\u00c3O DE RECONHECIMENTO E APLAUSOS N\u00ba 011\/2019,\u00a0<\/strong>de autoria do vereador Carlos Alberto Dias dos Santos, ao MOTO CLUBE DRAG\u00d5ES DO ASPHALT.<\/li><\/ul>\n","protected":false},"excerpt":{"rendered":"<p>ASCOM \u2013 C\u00e2mara Municipal de Senhor do Bonfim-BA Ser\u00e1 realizada nesta ter\u00e7a-feira, 15 de outubro, mais uma sess\u00e3o ordin\u00e1ria da C\u00e2mara Municipal de Senhor do Bonfim. A sess\u00e3o tamb\u00e9m ser\u00e1 transmitida pela internet a partir das 19h.&nbsp; DURANTE O EXPEDIENTE SER\u00c3O LIDAS AS MAT\u00c9RIAS:\u00a0 PROJETO DE LEI DO EXECUTIVO N\u00ba 019\/2019, que \u201cregulamenta a previs\u00e3o [&hellip;]<\/p>\n","protected":false},"author":2,"featured_media":0,"comment_status":"open","ping_status":"open","sticky":false,"template":"","format":"standard","meta":{"_acf_changed":false,"_monsterinsights_skip_tracking":false,"_monsterinsights_sitenote_active":false,"_monsterinsights_sitenote_note":"","_monsterinsights_sitenote_category":0,"_jetpack_memberships_contains_paid_content":false,"footnotes":"","jetpack_publicize_message":"","jetpack_publicize_feature_enabled":true,"jetpack_social_post_already_shared":true,"jetpack_social_options":{"image_generator_settings":{"template":"highway","default_image_id":0,"font":"","enabled":false},"version":2}},"categories":[1,3,4],"tags":[],"class_list":["post-38081","post","type-post","status-publish","format-standard","hentry","category-noticias","category-politica","category-local"],"acf":[],"jetpack_publicize_connections":[],"jetpack_featured_media_url":"","jetpack_sharing_enabled":true,"publishpress_future_workflow_manual_trigger":{"enabledWorkflows":[]},"_links":{"self":[{"href":"https:\/\/blogdoeloiltoncajuhy.com.br\/site\/wp-json\/wp\/v2\/posts\/38081","targetHints":{"allow":["GET"]}}],"collection":[{"href":"https:\/\/blogdoeloiltoncajuhy.com.br\/site\/wp-json\/wp\/v2\/posts"}],"about":[{"href":"https:\/\/blogdoeloiltoncajuhy.com.br\/site\/wp-json\/wp\/v2\/types\/post"}],"author":[{"embeddable":true,"href":"https:\/\/blogdoeloiltoncajuhy.com.br\/site\/wp-json\/wp\/v2\/users\/2"}],"replies":[{"embeddable":true,"href":"https:\/\/blogdoeloiltoncajuhy.com.br\/site\/wp-json\/wp\/v2\/comments?post=38081"}],"version-history":[{"count":1,"href":"https:\/\/blogdoeloiltoncajuhy.com.br\/site\/wp-json\/wp\/v2\/posts\/38081\/revisions"}],"predecessor-version":[{"id":38082,"href":"https:\/\/blogdoeloiltoncajuhy.com.br\/site\/wp-json\/wp\/v2\/posts\/38081\/revisions\/38082"}],"wp:attachment":[{"href":"https:\/\/blogdoeloiltoncajuhy.com.br\/site\/wp-json\/wp\/v2\/media?parent=38081"}],"wp:term":[{"taxonomy":"category","embeddable":true,"href":"https:\/\/blogdoeloiltoncajuhy.com.br\/site\/wp-json\/wp\/v2\/categories?post=38081"},{"taxonomy":"post_tag","embeddable":true,"href":"https:\/\/blogdoeloiltoncajuhy.com.br\/site\/wp-json\/wp\/v2\/tags?post=38081"}],"curies":[{"name":"wp","href":"https:\/\/api.w.org\/{rel}","templated":true}]}}