{"id":38069,"date":"2019-10-14T11:13:01","date_gmt":"2019-10-14T14:13:01","guid":{"rendered":"http:\/\/blogdoeloiltoncajuhy.com.br\/site\/?p=38069"},"modified":"2019-10-14T11:13:08","modified_gmt":"2019-10-14T14:13:08","slug":"quase-uma-tonelada-de-cocaina-e-encontrada-em-compartimento-secreto-de-caminhao-na-bahia","status":"publish","type":"post","link":"https:\/\/blogdoeloiltoncajuhy.com.br\/site\/quase-uma-tonelada-de-cocaina-e-encontrada-em-compartimento-secreto-de-caminhao-na-bahia\/","title":{"rendered":"Quase uma tonelada de coca\u00edna \u00e9 encontrada em compartimento secreto de caminh\u00e3o na Bahia"},"content":{"rendered":"\n<h5 class=\"wp-block-heading\" style=\"text-align:center\"><em>Segundo PRF, esta \u00e9 maior apreens\u00e3o de coca\u00edna em \u00fanica carga na hist\u00f3ria da pol\u00edcia rodovi\u00e1ria baiana. Caso ocorreu nesta segunda-feira (14), em Feira de Santana<\/em><\/h5>\n\n\n\n<p><strong>Por G1 BA<\/strong><\/p>\n\n\n\n<div class=\"wp-block-image\"><figure class=\"aligncenter is-resized\"><img data-recalc-dims=\"1\" fetchpriority=\"high\" decoding=\"async\" src=\"https:\/\/i0.wp.com\/blogdoeloiltoncajuhy.com.br\/site\/wp-content\/uploads\/2019\/10\/PRF_ApreensaoCocainaFeira-01.jpeg?resize=637%2C310\" alt=\"\" class=\"wp-image-38070\" width=\"637\" height=\"310\" srcset=\"https:\/\/i0.wp.com\/blogdoeloiltoncajuhy.com.br\/site\/wp-content\/uploads\/2019\/10\/PRF_ApreensaoCocainaFeira-01.jpeg?w=984&amp;ssl=1 984w, https:\/\/i0.wp.com\/blogdoeloiltoncajuhy.com.br\/site\/wp-content\/uploads\/2019\/10\/PRF_ApreensaoCocainaFeira-01.jpeg?resize=300%2C146&amp;ssl=1 300w, https:\/\/i0.wp.com\/blogdoeloiltoncajuhy.com.br\/site\/wp-content\/uploads\/2019\/10\/PRF_ApreensaoCocainaFeira-01.jpeg?resize=768%2C373&amp;ssl=1 768w, https:\/\/i0.wp.com\/blogdoeloiltoncajuhy.com.br\/site\/wp-content\/uploads\/2019\/10\/PRF_ApreensaoCocainaFeira-01.jpeg?resize=250%2C121&amp;ssl=1 250w\" sizes=\"(max-width: 637px) 100vw, 637px\" \/><figcaption><em>Conforme a Pol\u00edcia Rodovi\u00e1ria Federal (PRF), os 930 quilos da droga foram encontrados durante uma fiscaliza\u00e7\u00e3o de combate a criminalidade \u2014 Foto: Pol\u00edcia Rodovi\u00e1ria Federal (PRF) \/ Divulga\u00e7\u00e3o<\/em><\/figcaption><\/figure><\/div>\n\n\n\n<p>Quase uma tonelada de coca\u00edna foi apreendida em um caminh\u00e3o ba\u00fa, na BR-116, altura de Feira de Santana, na madrugada desta segunda-feira (14). Um casal que estava no ve\u00edculo foi preso em flagrante.<\/p>\n\n\n\n<p>Conforme a Pol\u00edcia Rodovi\u00e1ria Federal (PRF), os 930 quilos da droga foram encontrados durante fiscaliza\u00e7\u00e3o. O caminh\u00e3o passava pelo Km-429 da rodovia quando a pol\u00edcia deu a ordem de parada.<\/p>\n\n\n\n<p>Ainda de acordo com a pol\u00edcia, durante a fiscaliza\u00e7\u00e3o, os agentes estranharam o comportamento da dupla e as contradi\u00e7\u00f5es, quando decidiram fazer a fiscaliza\u00e7\u00e3o no ve\u00edculo. A droga foi encontrada escondida num compartimento oculto, em meio \u00e0 carga de caixas de isopor.<\/p>\n\n\n\n<p>Segundo a PRF, esta \u00e9 maior apreens\u00e3o de coca\u00edna em \u00fanica carga na hist\u00f3ria da pol\u00edcia rodovi\u00e1ria do estado baiano.<\/p>\n\n\n\n<p>O motorista, de 39 anos, contou que pegou a carga em Barreiras, cidade do oeste da Bahia, e que o destino seria a cidade tur\u00edstica de Valen\u00e7a, no rec\u00f4ncavo baiano. A pol\u00edcia n\u00e3o deu detalhes da jovem de 23 anos que estava com ele.<\/p>\n\n\n\n<p>A dupla foi presa e levada para Delegacia de Pol\u00edcia Judici\u00e1ria. O caso \u00e9 acompanhado pela Pol\u00edcia Civil.<\/p>\n\n\n\n<div class=\"wp-block-image\"><figure class=\"aligncenter is-resized\"><img data-recalc-dims=\"1\" decoding=\"async\" src=\"https:\/\/i0.wp.com\/blogdoeloiltoncajuhy.com.br\/site\/wp-content\/uploads\/2019\/10\/PRF_ApreensaoCocainaFeira-02.jpeg?resize=625%2C304\" alt=\"\" class=\"wp-image-38071\" width=\"625\" height=\"304\" srcset=\"https:\/\/i0.wp.com\/blogdoeloiltoncajuhy.com.br\/site\/wp-content\/uploads\/2019\/10\/PRF_ApreensaoCocainaFeira-02.jpeg?w=984&amp;ssl=1 984w, https:\/\/i0.wp.com\/blogdoeloiltoncajuhy.com.br\/site\/wp-content\/uploads\/2019\/10\/PRF_ApreensaoCocainaFeira-02.jpeg?resize=300%2C146&amp;ssl=1 300w, https:\/\/i0.wp.com\/blogdoeloiltoncajuhy.com.br\/site\/wp-content\/uploads\/2019\/10\/PRF_ApreensaoCocainaFeira-02.jpeg?resize=768%2C373&amp;ssl=1 768w, https:\/\/i0.wp.com\/blogdoeloiltoncajuhy.com.br\/site\/wp-content\/uploads\/2019\/10\/PRF_ApreensaoCocainaFeira-02.jpeg?resize=250%2C121&amp;ssl=1 250w\" sizes=\"(max-width: 625px) 100vw, 625px\" \/><figcaption><em>A droga foi encontrada escondida num compartimento oculto, em meio a carga de caixas de isopor \u2014 Foto: Pol\u00edcia Rodovi\u00e1ria Federal (PRF) \/ Divulga\u00e7\u00e3o<\/em><\/figcaption><\/figure><\/div>\n","protected":false},"excerpt":{"rendered":"<p>Segundo PRF, esta \u00e9 maior apreens\u00e3o de coca\u00edna em \u00fanica carga na hist\u00f3ria da pol\u00edcia rodovi\u00e1ria baiana. Caso ocorreu nesta segunda-feira (14), em Feira de Santana Por G1 BA Quase uma tonelada de coca\u00edna foi apreendida em um caminh\u00e3o ba\u00fa, na BR-116, altura de Feira de Santana, na madrugada desta segunda-feira (14). Um casal que [&hellip;]<\/p>\n","protected":false},"author":2,"featured_media":38071,"comment_status":"open","ping_status":"open","sticky":false,"template":"","format":"standard","meta":{"_acf_changed":false,"_monsterinsights_skip_tracking":false,"_monsterinsights_sitenote_active":false,"_monsterinsights_sitenote_note":"","_monsterinsights_sitenote_category":0,"_jetpack_memberships_contains_paid_content":false,"footnotes":"","jetpack_publicize_message":"","jetpack_publicize_feature_enabled":true,"jetpack_social_post_already_shared":true,"jetpack_social_options":{"image_generator_settings":{"template":"highway","default_image_id":0,"font":"","enabled":false},"version":2}},"categories":[5,1],"tags":[],"class_list":["post-38069","post","type-post","status-publish","format-standard","has-post-thumbnail","hentry","category-cotidiano","category-noticias"],"acf":[],"jetpack_publicize_connections":[],"jetpack_featured_media_url":"https:\/\/i0.wp.com\/blogdoeloiltoncajuhy.com.br\/site\/wp-content\/uploads\/2019\/10\/PRF_ApreensaoCocainaFeira-02.jpeg?fit=984%2C478&ssl=1","jetpack_sharing_enabled":true,"publishpress_future_workflow_manual_trigger":{"enabledWorkflows":[]},"_links":{"self":[{"href":"https:\/\/blogdoeloiltoncajuhy.com.br\/site\/wp-json\/wp\/v2\/posts\/38069","targetHints":{"allow":["GET"]}}],"collection":[{"href":"https:\/\/blogdoeloiltoncajuhy.com.br\/site\/wp-json\/wp\/v2\/posts"}],"about":[{"href":"https:\/\/blogdoeloiltoncajuhy.com.br\/site\/wp-json\/wp\/v2\/types\/post"}],"author":[{"embeddable":true,"href":"https:\/\/blogdoeloiltoncajuhy.com.br\/site\/wp-json\/wp\/v2\/users\/2"}],"replies":[{"embeddable":true,"href":"https:\/\/blogdoeloiltoncajuhy.com.br\/site\/wp-json\/wp\/v2\/comments?post=38069"}],"version-history":[{"count":1,"href":"https:\/\/blogdoeloiltoncajuhy.com.br\/site\/wp-json\/wp\/v2\/posts\/38069\/revisions"}],"predecessor-version":[{"id":38072,"href":"https:\/\/blogdoeloiltoncajuhy.com.br\/site\/wp-json\/wp\/v2\/posts\/38069\/revisions\/38072"}],"wp:featuredmedia":[{"embeddable":true,"href":"https:\/\/blogdoeloiltoncajuhy.com.br\/site\/wp-json\/wp\/v2\/media\/38071"}],"wp:attachment":[{"href":"https:\/\/blogdoeloiltoncajuhy.com.br\/site\/wp-json\/wp\/v2\/media?parent=38069"}],"wp:term":[{"taxonomy":"category","embeddable":true,"href":"https:\/\/blogdoeloiltoncajuhy.com.br\/site\/wp-json\/wp\/v2\/categories?post=38069"},{"taxonomy":"post_tag","embeddable":true,"href":"https:\/\/blogdoeloiltoncajuhy.com.br\/site\/wp-json\/wp\/v2\/tags?post=38069"}],"curies":[{"name":"wp","href":"https:\/\/api.w.org\/{rel}","templated":true}]}}