{"id":38066,"date":"2019-10-14T07:29:57","date_gmt":"2019-10-14T10:29:57","guid":{"rendered":"http:\/\/blogdoeloiltoncajuhy.com.br\/site\/?p=38066"},"modified":"2019-10-14T07:30:03","modified_gmt":"2019-10-14T10:30:03","slug":"maia-e-deputadas-articulam-derrubada-de-veto-a-prazo-de-24-horas-para-notificacao-de-violencia-contra-mulher","status":"publish","type":"post","link":"https:\/\/blogdoeloiltoncajuhy.com.br\/site\/maia-e-deputadas-articulam-derrubada-de-veto-a-prazo-de-24-horas-para-notificacao-de-violencia-contra-mulher\/","title":{"rendered":"Maia e deputadas articulam derrubada de veto a prazo de 24 horas para notifica\u00e7\u00e3o de viol\u00eancia contra mulher"},"content":{"rendered":"\n<p><strong>Por Andr\u00e9ia Sadi<\/strong><br>Rep\u00f3rter da TV Globo e da GloboNews<\/p>\n\n\n\n<div class=\"wp-block-image\"><figure class=\"aligncenter\"><img data-recalc-dims=\"1\" fetchpriority=\"high\" decoding=\"async\" width=\"800\" height=\"524\" src=\"https:\/\/i0.wp.com\/blogdoeloiltoncajuhy.com.br\/site\/wp-content\/uploads\/2019\/10\/DeputadaRenataAbreu.jpg?resize=800%2C524\" alt=\"\" class=\"wp-image-38067\" srcset=\"https:\/\/i0.wp.com\/blogdoeloiltoncajuhy.com.br\/site\/wp-content\/uploads\/2019\/10\/DeputadaRenataAbreu.jpg?w=984&amp;ssl=1 984w, https:\/\/i0.wp.com\/blogdoeloiltoncajuhy.com.br\/site\/wp-content\/uploads\/2019\/10\/DeputadaRenataAbreu.jpg?resize=300%2C197&amp;ssl=1 300w, https:\/\/i0.wp.com\/blogdoeloiltoncajuhy.com.br\/site\/wp-content\/uploads\/2019\/10\/DeputadaRenataAbreu.jpg?resize=768%2C503&amp;ssl=1 768w, https:\/\/i0.wp.com\/blogdoeloiltoncajuhy.com.br\/site\/wp-content\/uploads\/2019\/10\/DeputadaRenataAbreu.jpg?resize=250%2C164&amp;ssl=1 250w\" sizes=\"(max-width: 800px) 100vw, 800px\" \/><figcaption><em>Deputada Renata Abreu, autora da proposta vetada pelo presidente Jair Bolsonaro \u2014 Foto: Luis Macedo\/C\u00e2mara dos Deputados<\/em><\/figcaption><\/figure><\/div>\n\n\n\n<p>O presidente da C\u00e2mara, Rodrigo Maia (DEM-RJ), e a bancada feminina trabalham para derrubar, em sess\u00e3o do Congresso, o veto do presidente Jair Bolsonaro ao projeto de lei que define o prazo de 24 horas para a rede de sa\u00fade, p\u00fablica e privada, comunicar \u00e0 pol\u00edcia casos em que houver ind\u00edcio ou confirma\u00e7\u00e3o de viol\u00eancia contra mulher.<\/p>\n\n\n\n<p>A autora do projeto, deputada Renata Abreu (Pode-SP), disse ao blog que, quando o presidente vetou, na semana passada, a bancada feminina <em>\u201cimediatamente se manifestou\u201d<\/em> e <em>\u201ccobraram os l\u00edderes\u201d<\/em>.<\/p>\n\n\n\n<p><em>\u201cUm projeto aprovado de forma un\u00e2nime pelas duas Casas e de tamanha import\u00e2ncia para n\u00f3s mulheres merece, no m\u00ednimo, mais respeito do governo\u201d<\/em>, afirmou a deputada.<\/p>\n\n\n\n<p>Renata Abreu afirmou que vai procurar Maia para discutir o apoio \u00e0 derrubada do veto. <em>\u201cRodrigo Maia tem sensibilidade com nossas causas. Vou falar e n\u00e3o tenho d\u00favidas de que ele ir\u00e1 apoiar\u201d<\/em>.<\/p>\n\n\n\n<p>Procurado pelo blog, Maia disse ser favor\u00e1vel \u00e0 derrubada do veto e vai conversar com os l\u00edderes. <em>\u201cVamos trabalhar para derrubar o veto junto \u00e0 bancada feminina. Vou conversar com os l\u00edderes\u201d<\/em>, afirmou.<\/p>\n\n\n\n<p>O texto foi aprovado em setembro pela C\u00e2mara dos Deputados. Como j\u00e1 havia passado pelo Senado, seguiu para an\u00e1lise do presidente \u2013 que decidiu vetar o projeto, e comunicou a decis\u00e3o ao Congresso na \u00faltima quinta-feira (10).<\/p>\n\n\n\n<p>Caber\u00e1 ao Congresso manter ou derrubar o veto presidencial. Caso deputados e senadores derrubem o veto, o prazo de 24 horas entrar\u00e1 em vigor. Atualmente, a legisla\u00e7\u00e3o j\u00e1 obriga a rede de sa\u00fade a notificar casos de viol\u00eancia contra a mulher, mas n\u00e3o h\u00e1 prazo para a comunica\u00e7\u00e3o.<\/p>\n\n\n\n<p>O projeto vetado por Bolsonaro tamb\u00e9m estabelece que os casos com ind\u00edcios ou confirma\u00e7\u00e3o de viol\u00eancia contra a mulher sejam informados \u00e0 autoridade policial para tomada de <em>\u201cprovid\u00eancias cab\u00edveis e para fins estat\u00edsticos\u201d<\/em>.<\/p>\n\n\n\n<p>Renata Abreu afirmou em setembro que a inten\u00e7\u00e3o era reduzir a subnotifica\u00e7\u00e3o dos casos de viol\u00eancia contra as mulheres.<\/p>\n\n\n\n<p class=\"has-medium-font-size\"><strong>Motivo do veto<\/strong><\/p>\n\n\n\n<p>Na mensagem endere\u00e7ada ao presidente do Senado, Davi Alcolumbre (DEM-AP), Bolsonaro informou que vetou todo o projeto <em>\u201cpor contrariedade ao interesse p\u00fablico\u201d<\/em>.<\/p>\n\n\n\n<p>A mensagem explica que o projeto vetado <em>\u201ccontraria o interesse p\u00fablico\u201d<\/em> porque identificaria a v\u00edtima, sem a respectiva autoriza\u00e7\u00e3o, ao informar a agress\u00e3o \u00e0 pol\u00edcia. Assim, na avalia\u00e7\u00e3o do governo, a v\u00edtima ficaria mais vulner\u00e1vel.<\/p>\n","protected":false},"excerpt":{"rendered":"<p>Por Andr\u00e9ia SadiRep\u00f3rter da TV Globo e da GloboNews O presidente da C\u00e2mara, Rodrigo Maia (DEM-RJ), e a bancada feminina trabalham para derrubar, em sess\u00e3o do Congresso, o veto do presidente Jair Bolsonaro ao projeto de lei que define o prazo de 24 horas para a rede de sa\u00fade, p\u00fablica e privada, comunicar \u00e0 pol\u00edcia [&hellip;]<\/p>\n","protected":false},"author":2,"featured_media":38067,"comment_status":"open","ping_status":"open","sticky":false,"template":"","format":"standard","meta":{"_acf_changed":false,"_monsterinsights_skip_tracking":false,"_monsterinsights_sitenote_active":false,"_monsterinsights_sitenote_note":"","_monsterinsights_sitenote_category":0,"_jetpack_memberships_contains_paid_content":false,"footnotes":"","jetpack_publicize_message":"","jetpack_publicize_feature_enabled":true,"jetpack_social_post_already_shared":true,"jetpack_social_options":{"image_generator_settings":{"template":"highway","default_image_id":0,"font":"","enabled":false},"version":2}},"categories":[1,3],"tags":[],"class_list":["post-38066","post","type-post","status-publish","format-standard","has-post-thumbnail","hentry","category-noticias","category-politica"],"acf":[],"jetpack_publicize_connections":[],"jetpack_featured_media_url":"https:\/\/i0.wp.com\/blogdoeloiltoncajuhy.com.br\/site\/wp-content\/uploads\/2019\/10\/DeputadaRenataAbreu.jpg?fit=984%2C645&ssl=1","jetpack_sharing_enabled":true,"publishpress_future_workflow_manual_trigger":{"enabledWorkflows":[]},"_links":{"self":[{"href":"https:\/\/blogdoeloiltoncajuhy.com.br\/site\/wp-json\/wp\/v2\/posts\/38066","targetHints":{"allow":["GET"]}}],"collection":[{"href":"https:\/\/blogdoeloiltoncajuhy.com.br\/site\/wp-json\/wp\/v2\/posts"}],"about":[{"href":"https:\/\/blogdoeloiltoncajuhy.com.br\/site\/wp-json\/wp\/v2\/types\/post"}],"author":[{"embeddable":true,"href":"https:\/\/blogdoeloiltoncajuhy.com.br\/site\/wp-json\/wp\/v2\/users\/2"}],"replies":[{"embeddable":true,"href":"https:\/\/blogdoeloiltoncajuhy.com.br\/site\/wp-json\/wp\/v2\/comments?post=38066"}],"version-history":[{"count":1,"href":"https:\/\/blogdoeloiltoncajuhy.com.br\/site\/wp-json\/wp\/v2\/posts\/38066\/revisions"}],"predecessor-version":[{"id":38068,"href":"https:\/\/blogdoeloiltoncajuhy.com.br\/site\/wp-json\/wp\/v2\/posts\/38066\/revisions\/38068"}],"wp:featuredmedia":[{"embeddable":true,"href":"https:\/\/blogdoeloiltoncajuhy.com.br\/site\/wp-json\/wp\/v2\/media\/38067"}],"wp:attachment":[{"href":"https:\/\/blogdoeloiltoncajuhy.com.br\/site\/wp-json\/wp\/v2\/media?parent=38066"}],"wp:term":[{"taxonomy":"category","embeddable":true,"href":"https:\/\/blogdoeloiltoncajuhy.com.br\/site\/wp-json\/wp\/v2\/categories?post=38066"},{"taxonomy":"post_tag","embeddable":true,"href":"https:\/\/blogdoeloiltoncajuhy.com.br\/site\/wp-json\/wp\/v2\/tags?post=38066"}],"curies":[{"name":"wp","href":"https:\/\/api.w.org\/{rel}","templated":true}]}}