{"id":38060,"date":"2019-10-14T06:55:08","date_gmt":"2019-10-14T09:55:08","guid":{"rendered":"http:\/\/blogdoeloiltoncajuhy.com.br\/site\/?p=38060"},"modified":"2019-10-14T06:55:15","modified_gmt":"2019-10-14T09:55:15","slug":"bonfim-projeto-de-turismo-religioso-preve-construcao-de-um-santuario-no-monte-da-maravilha","status":"publish","type":"post","link":"https:\/\/blogdoeloiltoncajuhy.com.br\/site\/bonfim-projeto-de-turismo-religioso-preve-construcao-de-um-santuario-no-monte-da-maravilha\/","title":{"rendered":"Bonfim: Projeto de Turismo Religioso prev\u00ea constru\u00e7\u00e3o de um santu\u00e1rio no Monte da Maravilha"},"content":{"rendered":"\n<p><strong>BLOG DO ELOILTON CAJUHY<\/strong><\/p>\n\n\n\n<div class=\"wp-block-image\"><figure class=\"aligncenter is-resized\"><img fetchpriority=\"high\" decoding=\"async\" src=\"https:\/\/i0.wp.com\/blogdoeloiltoncajuhy.com.br\/site\/wp-content\/uploads\/2019\/10\/PMSB_SedeteSSA-2.jpg?fit=590%2C443\" alt=\"\" class=\"wp-image-38061\" width=\"443\" height=\"332\" srcset=\"https:\/\/i0.wp.com\/blogdoeloiltoncajuhy.com.br\/site\/wp-content\/uploads\/2019\/10\/PMSB_SedeteSSA-2.jpg?w=1152&amp;ssl=1 1152w, https:\/\/i0.wp.com\/blogdoeloiltoncajuhy.com.br\/site\/wp-content\/uploads\/2019\/10\/PMSB_SedeteSSA-2.jpg?resize=300%2C225&amp;ssl=1 300w, https:\/\/i0.wp.com\/blogdoeloiltoncajuhy.com.br\/site\/wp-content\/uploads\/2019\/10\/PMSB_SedeteSSA-2.jpg?resize=768%2C576&amp;ssl=1 768w, https:\/\/i0.wp.com\/blogdoeloiltoncajuhy.com.br\/site\/wp-content\/uploads\/2019\/10\/PMSB_SedeteSSA-2.jpg?resize=1024%2C768&amp;ssl=1 1024w, https:\/\/i0.wp.com\/blogdoeloiltoncajuhy.com.br\/site\/wp-content\/uploads\/2019\/10\/PMSB_SedeteSSA-2.jpg?resize=250%2C188&amp;ssl=1 250w\" sizes=\"(max-width: 443px) 100vw, 443px\" \/><\/figure><\/div>\n\n\n\n<p>Representando o Prefeito de Senhor do Bonfim, Carlos Brasileiro, o secret\u00e1rio de Desenvolvimento Econ\u00f4mico, Turismo e Esportes, Carlos Carneiro, esteve em audi\u00eancia com o Deputado Federal Daniel Almeida (PCdoB), para apresentar o Projeto de Turismo Religioso.<\/p>\n\n\n\n<p>O projeto contempla a constru\u00e7\u00e3o do acesso, em escadaria, e pavimenta\u00e7\u00e3o a partir do pontilh\u00e3o ao Monte da Maravilha, constru\u00e7\u00e3o de plat\u00f4 e reforma da capela, isso na primeira etapa. Ainda segundo o projeto, numa outra etapa, a ideia \u00e9 que seja constru\u00eddo um santu\u00e1rio do nosso Senhor do Bonfim.<\/p>\n\n\n\n<p>O Deputado Daniel Almeida se encantou com o projeto e est\u00e1 liberando uma emenda parlamentar no valor de 500 mil reais para primeira etapa, que prev\u00ea o mesmo servi\u00e7o para o Monte Tabor de Miss\u00e3o do Sahy.<\/p>\n\n\n\n<p>Acompanharam o secret\u00e1rio Carlos Carneiro na audi\u00eancia, o Deputado Bob\u00f4; o Superintendente de Desenvolvimento Econ\u00f4mico, Silvio Leal; o Superintendente de Turismo, Rodrigo Wanderley; o Coordenador de Turismo, Jylson Fran\u00e7a, e o Coordenador de Esportes da Secretaria do Trabalho, Emprego, Renda Esportes do Estado, Gustavo Miranda.<\/p>\n","protected":false},"excerpt":{"rendered":"<p>BLOG DO ELOILTON CAJUHY Representando o Prefeito de Senhor do Bonfim, Carlos Brasileiro, o secret\u00e1rio de Desenvolvimento Econ\u00f4mico, Turismo e Esportes, Carlos Carneiro, esteve em audi\u00eancia com o Deputado Federal Daniel Almeida (PCdoB), para apresentar o Projeto de Turismo Religioso. O projeto contempla a constru\u00e7\u00e3o do acesso, em escadaria, e pavimenta\u00e7\u00e3o a partir do pontilh\u00e3o [&hellip;]<\/p>\n","protected":false},"author":2,"featured_media":38061,"comment_status":"open","ping_status":"open","sticky":false,"template":"","format":"standard","meta":{"_acf_changed":false,"_monsterinsights_skip_tracking":false,"_monsterinsights_sitenote_active":false,"_monsterinsights_sitenote_note":"","_monsterinsights_sitenote_category":0,"_jetpack_memberships_contains_paid_content":false,"footnotes":"","jetpack_publicize_message":"","jetpack_publicize_feature_enabled":true,"jetpack_social_post_already_shared":true,"jetpack_social_options":{"image_generator_settings":{"template":"highway","default_image_id":0,"font":"","enabled":false},"version":2}},"categories":[1,3,4],"tags":[],"class_list":["post-38060","post","type-post","status-publish","format-standard","has-post-thumbnail","hentry","category-noticias","category-politica","category-local"],"acf":[],"jetpack_publicize_connections":[],"jetpack_featured_media_url":"https:\/\/i0.wp.com\/blogdoeloiltoncajuhy.com.br\/site\/wp-content\/uploads\/2019\/10\/PMSB_SedeteSSA-2.jpg?fit=1152%2C864&ssl=1","jetpack_sharing_enabled":true,"publishpress_future_workflow_manual_trigger":{"enabledWorkflows":[]},"_links":{"self":[{"href":"https:\/\/blogdoeloiltoncajuhy.com.br\/site\/wp-json\/wp\/v2\/posts\/38060","targetHints":{"allow":["GET"]}}],"collection":[{"href":"https:\/\/blogdoeloiltoncajuhy.com.br\/site\/wp-json\/wp\/v2\/posts"}],"about":[{"href":"https:\/\/blogdoeloiltoncajuhy.com.br\/site\/wp-json\/wp\/v2\/types\/post"}],"author":[{"embeddable":true,"href":"https:\/\/blogdoeloiltoncajuhy.com.br\/site\/wp-json\/wp\/v2\/users\/2"}],"replies":[{"embeddable":true,"href":"https:\/\/blogdoeloiltoncajuhy.com.br\/site\/wp-json\/wp\/v2\/comments?post=38060"}],"version-history":[{"count":1,"href":"https:\/\/blogdoeloiltoncajuhy.com.br\/site\/wp-json\/wp\/v2\/posts\/38060\/revisions"}],"predecessor-version":[{"id":38062,"href":"https:\/\/blogdoeloiltoncajuhy.com.br\/site\/wp-json\/wp\/v2\/posts\/38060\/revisions\/38062"}],"wp:featuredmedia":[{"embeddable":true,"href":"https:\/\/blogdoeloiltoncajuhy.com.br\/site\/wp-json\/wp\/v2\/media\/38061"}],"wp:attachment":[{"href":"https:\/\/blogdoeloiltoncajuhy.com.br\/site\/wp-json\/wp\/v2\/media?parent=38060"}],"wp:term":[{"taxonomy":"category","embeddable":true,"href":"https:\/\/blogdoeloiltoncajuhy.com.br\/site\/wp-json\/wp\/v2\/categories?post=38060"},{"taxonomy":"post_tag","embeddable":true,"href":"https:\/\/blogdoeloiltoncajuhy.com.br\/site\/wp-json\/wp\/v2\/tags?post=38060"}],"curies":[{"name":"wp","href":"https:\/\/api.w.org\/{rel}","templated":true}]}}