{"id":37997,"date":"2019-10-10T09:28:30","date_gmt":"2019-10-10T12:28:30","guid":{"rendered":"http:\/\/blogdoeloiltoncajuhy.com.br\/site\/?p=37997"},"modified":"2019-10-10T09:28:36","modified_gmt":"2019-10-10T12:28:36","slug":"estudantes-de-enfermagem-da-uneb-realizarao-intervencao-sobre-cuidados-paliativos-nesta-sexta-feira-11-em-senhor-do-bonfim","status":"publish","type":"post","link":"https:\/\/blogdoeloiltoncajuhy.com.br\/site\/estudantes-de-enfermagem-da-uneb-realizarao-intervencao-sobre-cuidados-paliativos-nesta-sexta-feira-11-em-senhor-do-bonfim\/","title":{"rendered":"Estudantes de Enfermagem da UNEB realizar\u00e3o interven\u00e7\u00e3o sobre cuidados paliativos nesta sexta-feira (11) em Senhor do Bonfim"},"content":{"rendered":"\n<p><strong>Lorena Simas<\/strong><br>Coordenadora do N\u00facleo de Assessoria de Comunica\u00e7\u00e3o (NAC-DEDC\/ UNEB)<\/p>\n\n\n\n<div class=\"wp-block-image\"><figure class=\"aligncenter is-resized\"><img data-recalc-dims=\"1\" fetchpriority=\"high\" decoding=\"async\" src=\"https:\/\/i0.wp.com\/blogdoeloiltoncajuhy.com.br\/site\/wp-content\/uploads\/2019\/10\/UNEB_CuidadosPaliativos.png?resize=400%2C400\" alt=\"\" class=\"wp-image-37998\" width=\"400\" height=\"400\" srcset=\"https:\/\/i0.wp.com\/blogdoeloiltoncajuhy.com.br\/site\/wp-content\/uploads\/2019\/10\/UNEB_CuidadosPaliativos.png?w=800&amp;ssl=1 800w, https:\/\/i0.wp.com\/blogdoeloiltoncajuhy.com.br\/site\/wp-content\/uploads\/2019\/10\/UNEB_CuidadosPaliativos.png?resize=150%2C150&amp;ssl=1 150w, https:\/\/i0.wp.com\/blogdoeloiltoncajuhy.com.br\/site\/wp-content\/uploads\/2019\/10\/UNEB_CuidadosPaliativos.png?resize=300%2C300&amp;ssl=1 300w, https:\/\/i0.wp.com\/blogdoeloiltoncajuhy.com.br\/site\/wp-content\/uploads\/2019\/10\/UNEB_CuidadosPaliativos.png?resize=768%2C768&amp;ssl=1 768w, https:\/\/i0.wp.com\/blogdoeloiltoncajuhy.com.br\/site\/wp-content\/uploads\/2019\/10\/UNEB_CuidadosPaliativos.png?resize=250%2C250&amp;ssl=1 250w, https:\/\/i0.wp.com\/blogdoeloiltoncajuhy.com.br\/site\/wp-content\/uploads\/2019\/10\/UNEB_CuidadosPaliativos.png?resize=48%2C48&amp;ssl=1 48w\" sizes=\"(max-width: 400px) 100vw, 400px\" \/><\/figure><\/div>\n\n\n\n<p>Em alus\u00e3o ao Dia Mundial dos Cuidados Paliativos, comemorado no segundo s\u00e1bado de outubro de cada ano, a Liga Acad\u00eamica de Cuidados Paliativos (LACP) do Departamento de Educa\u00e7\u00e3o (DEDC), Campus VII da UNEB, realizar\u00e1 uma interven\u00e7\u00e3o nesta sexta-feira (11), das 9h \u00e0s 11h30 na pra\u00e7a Dr. Ant\u00f4nio Gon\u00e7alves em Senhor do Bonfim. A interven\u00e7\u00e3o contar\u00e1 com exposi\u00e7\u00e3o de banners, distribui\u00e7\u00e3o de panfletos e explica\u00e7\u00f5es.<\/p>\n\n\n\n<p>O Dia Mundial dos Cuidados Paliativos \u00e9 organizado por um comit\u00ea da Worldwide Hospice Palliative Care Alliance, uma rede de organiza\u00e7\u00f5es nacionais e regionais de cuidados paliativos que apoia o seu desenvolvimento em todo o mundo, e este ano traz como tema <strong><em>\u201cMeu Cuidado, Meu Direito\u201d<\/em><\/strong>. Assim, a interven\u00e7\u00e3o realizada pela LACP tem como objetivo conscientizar a popula\u00e7\u00e3o sobre a import\u00e2ncia dos cuidados paliativos de qualidade como um direito humano que os pacientes e cuidadores podem exigir na Cobertura Universal de Sa\u00fade.<\/p>\n\n\n\n<p>A Liga est\u00e1 inserida na Academia Nacional de Cuidados Paliativos, e \u00e9 formada por 17 estudantes do curso de Enfermagem do DEDC VII que realizam a\u00e7\u00f5es objetivando divulgar o tema entre os futuros profissionais da \u00e1rea de sa\u00fade e a popula\u00e7\u00e3o em geral.<\/p>\n\n\n\n<p>A estudante de Enfermagem e integrante da LACP, Kellen Caroline, destacou que a sociedade precisa conhecer sobre os cuidados paliativos. <em>\u201cOs cuidados paliativos tratam justamente do al\u00edvio do sofrimento do paciente que n\u00e3o tem mais perspectiva de cura. Todas as pessoas t\u00eam direito a esse tipo de cuidado e precisam conhec\u00ea-lo para que possam reivindicar no Sistema \u00danico de Sa\u00fade (SUS)\u201d<\/em>.<\/p>\n","protected":false},"excerpt":{"rendered":"<p>Lorena SimasCoordenadora do N\u00facleo de Assessoria de Comunica\u00e7\u00e3o (NAC-DEDC\/ UNEB) Em alus\u00e3o ao Dia Mundial dos Cuidados Paliativos, comemorado no segundo s\u00e1bado de outubro de cada ano, a Liga Acad\u00eamica de Cuidados Paliativos (LACP) do Departamento de Educa\u00e7\u00e3o (DEDC), Campus VII da UNEB, realizar\u00e1 uma interven\u00e7\u00e3o nesta sexta-feira (11), das 9h \u00e0s 11h30 na pra\u00e7a [&hellip;]<\/p>\n","protected":false},"author":2,"featured_media":37998,"comment_status":"open","ping_status":"open","sticky":false,"template":"","format":"standard","meta":{"_acf_changed":false,"_monsterinsights_skip_tracking":false,"_monsterinsights_sitenote_active":false,"_monsterinsights_sitenote_note":"","_monsterinsights_sitenote_category":0,"_jetpack_memberships_contains_paid_content":false,"footnotes":"","jetpack_publicize_message":"","jetpack_publicize_feature_enabled":true,"jetpack_social_post_already_shared":true,"jetpack_social_options":{"image_generator_settings":{"template":"highway","default_image_id":0,"font":"","enabled":false},"version":2}},"categories":[1,4],"tags":[],"class_list":["post-37997","post","type-post","status-publish","format-standard","has-post-thumbnail","hentry","category-noticias","category-local"],"acf":[],"jetpack_publicize_connections":[],"jetpack_featured_media_url":"https:\/\/i0.wp.com\/blogdoeloiltoncajuhy.com.br\/site\/wp-content\/uploads\/2019\/10\/UNEB_CuidadosPaliativos.png?fit=800%2C800&ssl=1","jetpack_sharing_enabled":true,"publishpress_future_workflow_manual_trigger":{"enabledWorkflows":[]},"_links":{"self":[{"href":"https:\/\/blogdoeloiltoncajuhy.com.br\/site\/wp-json\/wp\/v2\/posts\/37997","targetHints":{"allow":["GET"]}}],"collection":[{"href":"https:\/\/blogdoeloiltoncajuhy.com.br\/site\/wp-json\/wp\/v2\/posts"}],"about":[{"href":"https:\/\/blogdoeloiltoncajuhy.com.br\/site\/wp-json\/wp\/v2\/types\/post"}],"author":[{"embeddable":true,"href":"https:\/\/blogdoeloiltoncajuhy.com.br\/site\/wp-json\/wp\/v2\/users\/2"}],"replies":[{"embeddable":true,"href":"https:\/\/blogdoeloiltoncajuhy.com.br\/site\/wp-json\/wp\/v2\/comments?post=37997"}],"version-history":[{"count":1,"href":"https:\/\/blogdoeloiltoncajuhy.com.br\/site\/wp-json\/wp\/v2\/posts\/37997\/revisions"}],"predecessor-version":[{"id":37999,"href":"https:\/\/blogdoeloiltoncajuhy.com.br\/site\/wp-json\/wp\/v2\/posts\/37997\/revisions\/37999"}],"wp:featuredmedia":[{"embeddable":true,"href":"https:\/\/blogdoeloiltoncajuhy.com.br\/site\/wp-json\/wp\/v2\/media\/37998"}],"wp:attachment":[{"href":"https:\/\/blogdoeloiltoncajuhy.com.br\/site\/wp-json\/wp\/v2\/media?parent=37997"}],"wp:term":[{"taxonomy":"category","embeddable":true,"href":"https:\/\/blogdoeloiltoncajuhy.com.br\/site\/wp-json\/wp\/v2\/categories?post=37997"},{"taxonomy":"post_tag","embeddable":true,"href":"https:\/\/blogdoeloiltoncajuhy.com.br\/site\/wp-json\/wp\/v2\/tags?post=37997"}],"curies":[{"name":"wp","href":"https:\/\/api.w.org\/{rel}","templated":true}]}}