{"id":37995,"date":"2019-10-10T07:11:20","date_gmt":"2019-10-10T10:11:20","guid":{"rendered":"http:\/\/blogdoeloiltoncajuhy.com.br\/site\/?p=37995"},"modified":"2019-10-10T07:11:26","modified_gmt":"2019-10-10T10:11:26","slug":"camara-municipal-de-sr-do-bonfim-divulga-pauta-da-sessao-ordinaria-desta-quinta-feira-10","status":"publish","type":"post","link":"https:\/\/blogdoeloiltoncajuhy.com.br\/site\/camara-municipal-de-sr-do-bonfim-divulga-pauta-da-sessao-ordinaria-desta-quinta-feira-10\/","title":{"rendered":"C\u00e2mara Municipal de Sr. do Bonfim divulga pauta da sess\u00e3o ordin\u00e1ria desta quinta-feira (10)"},"content":{"rendered":"\n<p><strong>ASCOM &#8211; C\u00e2mara Municipal de Senhor do Bonfim-BA<\/strong><\/p>\n\n\n\n<div class=\"wp-block-image\"><figure class=\"aligncenter\"><img data-recalc-dims=\"1\" fetchpriority=\"high\" decoding=\"async\" width=\"768\" height=\"427\" src=\"https:\/\/i0.wp.com\/blogdoeloiltoncajuhy.com.br\/site\/wp-content\/uploads\/2019\/04\/camara-de-bonfim-2.jpg?resize=768%2C427\" alt=\"\" class=\"wp-image-33523\" srcset=\"https:\/\/i0.wp.com\/blogdoeloiltoncajuhy.com.br\/site\/wp-content\/uploads\/2019\/04\/camara-de-bonfim-2.jpg?w=768&amp;ssl=1 768w, https:\/\/i0.wp.com\/blogdoeloiltoncajuhy.com.br\/site\/wp-content\/uploads\/2019\/04\/camara-de-bonfim-2.jpg?resize=300%2C167&amp;ssl=1 300w, https:\/\/i0.wp.com\/blogdoeloiltoncajuhy.com.br\/site\/wp-content\/uploads\/2019\/04\/camara-de-bonfim-2.jpg?resize=250%2C139&amp;ssl=1 250w\" sizes=\"(max-width: 768px) 100vw, 768px\" \/><\/figure><\/div>\n\n\n\n<p>Ser\u00e1 realizada nesta quinta-feira, 10 de outubro, mais uma sess\u00e3o ordin\u00e1ria da C\u00e2mara Municipal de Senhor do Bonfim. A sess\u00e3o tamb\u00e9m ser\u00e1 transmitida pela internet a partir das 19h.<\/p>\n\n\n\n<p class=\"has-medium-font-size\"><strong>DURANTE O EXPEDIENTE SER\u00c3O LIDAS AS MAT\u00c9RIAS:<\/strong>\u00a0<\/p>\n\n\n\n<ul class=\"wp-block-list\"><li><strong>OF\u00cdCIO GAB. PREF. N\u00ba 295\/2019,\u00a0<\/strong>que encaminha Projeto de Lei n\u00ba 017\/2019<em>;<\/em><\/li><li><strong>PROJETO DE LEI DO EXECUTIVO N\u00ba 017\/2019<\/strong>, que \u201c<em>autoriza o Chefe do Poder Executivo Municipal a proceder \u00e0 abertura \u00e0 Lei Or\u00e7ament\u00e1ria n\u00ba 1.474\/2018, que disp\u00f5e sobre o or\u00e7amento financeiro de 2019, no valor de R$ 378.537,39\u201d;<\/em><\/li><li><strong>OF\u00cdCIO GAB. PREF. N\u00ba 298\/2019,\u00a0<\/strong>que encaminha Projeto de Lei n\u00ba 018\/2019<em>;<\/em><\/li><li><strong>PROJETO DE LEI DO EXECUTIVO N\u00ba 018\/2019,\u00a0<\/strong>que \u201c<em>autoriza o Executivo a celebrar Contrato de Concess\u00e3o de Direito Real de Uso, tendo por objeto im\u00f3vel integrante do acervo municipal, junto \u00e0 Associa\u00e7\u00e3o dos Moradores de Canavieira, na forma que indica\u201d;<\/em><\/li><li><strong>OF\u00cdCIO GAB. PREF. N\u00ba 294\/2019,\u00a0<\/strong>que encaminha nova vers\u00e3o do Anexo I do Projeto de Lei do Executivo n\u00ba 013\/2019;<\/li><li><strong>PROJETO DE DECRETO DO LEGISLATIVO N\u00ba 026\/2019,\u00a0<\/strong>de autoria do Vereador Cleiton Vieira Pinto, que\u00a0<em>\u201cconcede medalha Dr. Jos\u00e9 Gon\u00e7alves ao Sexto Batalh\u00e3o de Pol\u00edcia Militar, no Munic\u00edpio de Senhor do Bonfim, representado pelo Comandante Tenente Coronel PM Jaime de Almeida Malvar Filho, e d\u00e1 outras provid\u00eancias<\/em><strong>;<\/strong><\/li><li><strong>PROJETO DE DECRETO DO LEGISLATIVO N\u00ba 028\/2019,\u00a0<\/strong>de autoria do Vereador Cleiton Vieira Pinto, que\u00a0<em>\u201cConcede Medalha Dr. Jos\u00e9 Gon\u00e7alves a Associa\u00e7\u00e3o Bonfinense de Divis\u00e3o de Base de Futebol-ADBF, no Munic\u00edpio de Senhor do Bonfim, representada pelo presidente Sr. Marivaldo Sim\u00f5es, e d\u00e1 outras provid\u00eancias<\/em><strong>;<\/strong><\/li><li><strong>EMENDA ADITIVA N\u00ba 001\/2019,<\/strong>\u00a0de autoria do vereador La\u00e9rcio Muniz de Azevedo J\u00fanior ao Projeto de Lei do Executivo n\u00ba 013\/2019, que acrescenta o Art. 2\u00ba ao referido projeto;<\/li><li><strong>INDICA\u00c7\u00c3O N\u00ba 004\/2019,\u00a0<\/strong>de autoria do vereador Jo\u00e3o Carlos de Castro, que solicita a \u201c<em>pavimenta\u00e7\u00e3o e saneamento b\u00e1sico para as ruas: Doutor Gon\u00e7alves Torres (em frente ao Bar do Priquitinho) e Rua Henriqueta Torres, localizadas no bairro Alto da Rainha, no Munic\u00edpio de Senhor do Bonfim\u201d;<\/em><\/li><li><strong>INDICA\u00c7\u00c3O N\u00ba 005\/2019,\u00a0<\/strong>de autoria do vereador Jo\u00e3o Carlos de Castro, que solicita que se realize a \u201c<em>constru\u00e7\u00e3o de um sistema de ilumina\u00e7\u00e3o para a pista de caminhada do Est\u00e1dio Municipal Pedro Amorim para o per\u00edodo noturno, neste Munic\u00edpio\u2019;<\/em><\/li><li><strong>INDICA\u00c7\u00c3O N\u00ba 005\/2019<\/strong>, de autoria do vereador Gerivaldo Ribeiro Sampaio, que solicita a \u201c<em>pavimenta\u00e7\u00e3o de 210 metros da Rua Chile no Alto do Cigano, onde d\u00e1 acesso ao PSF que est\u00e1 sendo constru\u00eddo\u2019;<\/em><\/li><li><strong>PEDIDO DE PROVID\u00caNCIA N\u00ba 019\/2019,\u00a0<\/strong>de autoria do vereador Alexandre Ferreira, que solicita \u201c<em>o saneamento b\u00e1sico da Rua Nilo Coelho, bairro Vila Nova, neste munic\u00edpio\u201d;<\/em><\/li><li><strong>PEDIDO DE PROVID\u00caNCIA N\u00ba 050\/2019,\u00a0<\/strong>de autoria do vereador Elizeu Concei\u00e7\u00e3o de Souza, que solicita que\u201d<em>a Secretaria de Infraestrutura realize o servi\u00e7o de cal\u00e7amento para o Povoado de Socotozinho\u2019;<\/em><\/li><li><strong>PEDIDO DE PROVID\u00caNCIA N\u00ba 060\/2019<\/strong>, de autoria do vereador La\u00e9rcio Muniz de Azevedo J\u00fanior que solicita \u201c<em>que a Secretaria Municipal de Infraestrutura promova a melhoria da via p\u00fablica, Rua Tomaz Guimar\u00e3es, bairro Santos Dumont, fazendo a reposi\u00e7\u00e3o de l\u00e2mpadas\u201d;<\/em><\/li><li><strong>PEDIDO DE PROVID\u00caNCIA N\u00ba 061\/2019<\/strong>, de autoria do vereador La\u00e9rcio Muniz de Azevedo J\u00fanior que solicita \u201c<em>que a Secretaria Municipal de Infraestrutura promova o patrolamento da estrada que d\u00e1 acesso ao povoado Caco de Telha\u201d;<\/em><\/li><li><strong>PEDIDO DE PROVID\u00caNCIA N\u00ba 062\/2019<\/strong>, de autoria do vereador La\u00e9rcio Muniz de Azevedo J\u00fanior que solicita \u201c<em>que a Secretaria Municipal de Infraestrutura promova a melhoria da via p\u00fablica, Rua Tomaz Guimar\u00e3es, bairro Santos Dumont, fazendo a recupera\u00e7\u00e3o do cal\u00e7amento da mesma\u201d;<\/em><\/li><li><strong>MO\u00c7\u00c3O DE PESAR N\u00ba 001\/2019,\u00a0<\/strong>de autoria do vereador Alexandre Ferreira, pelo falecimento do Senhor Albertino Alves Nobre, ocorrido no dia 5 de outubro de 2019;<\/li><li><strong>BALAN\u00c7O DE MEDICAMENTOS<\/strong>, oriundo da Secretaria Municipal de Sa\u00fade,\u00a0<em>reposi\u00e7\u00e3o de estoque em 30\/09\/2019.<\/em><\/li><\/ul>\n\n\n\n<p><strong>ORDEM DO DO DIA<\/strong><\/p>\n\n\n\n<ul class=\"wp-block-list\"><li><strong>MO\u00c7\u00c3O DE PESAR N\u00ba 001\/2019,\u00a0<\/strong>de autoria do vereador Alexandre Ferreira, pelo falecimento do Senhor Albertino Alves Nobre, ocorrido no dia 5 de outubro de 2019.<\/li><\/ul>\n","protected":false},"excerpt":{"rendered":"<p>ASCOM &#8211; C\u00e2mara Municipal de Senhor do Bonfim-BA Ser\u00e1 realizada nesta quinta-feira, 10 de outubro, mais uma sess\u00e3o ordin\u00e1ria da C\u00e2mara Municipal de Senhor do Bonfim. A sess\u00e3o tamb\u00e9m ser\u00e1 transmitida pela internet a partir das 19h. DURANTE O EXPEDIENTE SER\u00c3O LIDAS AS MAT\u00c9RIAS:\u00a0 OF\u00cdCIO GAB. PREF. N\u00ba 295\/2019,\u00a0que encaminha Projeto de Lei n\u00ba 017\/2019; [&hellip;]<\/p>\n","protected":false},"author":2,"featured_media":0,"comment_status":"open","ping_status":"open","sticky":false,"template":"","format":"standard","meta":{"_acf_changed":false,"_monsterinsights_skip_tracking":false,"_monsterinsights_sitenote_active":false,"_monsterinsights_sitenote_note":"","_monsterinsights_sitenote_category":0,"_jetpack_memberships_contains_paid_content":false,"footnotes":"","jetpack_publicize_message":"","jetpack_publicize_feature_enabled":true,"jetpack_social_post_already_shared":true,"jetpack_social_options":{"image_generator_settings":{"template":"highway","default_image_id":0,"font":"","enabled":false},"version":2}},"categories":[1,3,4],"tags":[],"class_list":["post-37995","post","type-post","status-publish","format-standard","hentry","category-noticias","category-politica","category-local"],"acf":[],"jetpack_publicize_connections":[],"jetpack_featured_media_url":"","jetpack_sharing_enabled":true,"publishpress_future_workflow_manual_trigger":{"enabledWorkflows":[]},"_links":{"self":[{"href":"https:\/\/blogdoeloiltoncajuhy.com.br\/site\/wp-json\/wp\/v2\/posts\/37995","targetHints":{"allow":["GET"]}}],"collection":[{"href":"https:\/\/blogdoeloiltoncajuhy.com.br\/site\/wp-json\/wp\/v2\/posts"}],"about":[{"href":"https:\/\/blogdoeloiltoncajuhy.com.br\/site\/wp-json\/wp\/v2\/types\/post"}],"author":[{"embeddable":true,"href":"https:\/\/blogdoeloiltoncajuhy.com.br\/site\/wp-json\/wp\/v2\/users\/2"}],"replies":[{"embeddable":true,"href":"https:\/\/blogdoeloiltoncajuhy.com.br\/site\/wp-json\/wp\/v2\/comments?post=37995"}],"version-history":[{"count":1,"href":"https:\/\/blogdoeloiltoncajuhy.com.br\/site\/wp-json\/wp\/v2\/posts\/37995\/revisions"}],"predecessor-version":[{"id":37996,"href":"https:\/\/blogdoeloiltoncajuhy.com.br\/site\/wp-json\/wp\/v2\/posts\/37995\/revisions\/37996"}],"wp:attachment":[{"href":"https:\/\/blogdoeloiltoncajuhy.com.br\/site\/wp-json\/wp\/v2\/media?parent=37995"}],"wp:term":[{"taxonomy":"category","embeddable":true,"href":"https:\/\/blogdoeloiltoncajuhy.com.br\/site\/wp-json\/wp\/v2\/categories?post=37995"},{"taxonomy":"post_tag","embeddable":true,"href":"https:\/\/blogdoeloiltoncajuhy.com.br\/site\/wp-json\/wp\/v2\/tags?post=37995"}],"curies":[{"name":"wp","href":"https:\/\/api.w.org\/{rel}","templated":true}]}}