{"id":37991,"date":"2019-10-10T06:37:36","date_gmt":"2019-10-10T09:37:36","guid":{"rendered":"http:\/\/blogdoeloiltoncajuhy.com.br\/site\/?p=37991"},"modified":"2019-10-10T06:37:43","modified_gmt":"2019-10-10T09:37:43","slug":"jose-antonio-e-empossado-oficialmente-como-novo-secretario-de-saude-de-senhor-do-bonfim","status":"publish","type":"post","link":"https:\/\/blogdoeloiltoncajuhy.com.br\/site\/jose-antonio-e-empossado-oficialmente-como-novo-secretario-de-saude-de-senhor-do-bonfim\/","title":{"rendered":"Jos\u00e9 Ant\u00f4nio \u00e9 empossado oficialmente como novo secret\u00e1rio de Sa\u00fade de Senhor do Bonfim"},"content":{"rendered":"\n<p><strong>ASCOM &#8211; Prefeitura de Senhor do Bonfim-BA<\/strong><\/p>\n\n\n\n<div class=\"wp-block-image\"><figure class=\"aligncenter\"><img fetchpriority=\"high\" decoding=\"async\" width=\"1280\" height=\"960\" src=\"https:\/\/i1.wp.com\/blogdoeloiltoncajuhy.com.br\/site\/wp-content\/uploads\/2019\/10\/PMSB_PosseZeAntonioSaude_01.jpg?fit=590%2C443\" alt=\"\" class=\"wp-image-37992\" srcset=\"https:\/\/i0.wp.com\/blogdoeloiltoncajuhy.com.br\/site\/wp-content\/uploads\/2019\/10\/PMSB_PosseZeAntonioSaude_01.jpg?w=1280&amp;ssl=1 1280w, https:\/\/i0.wp.com\/blogdoeloiltoncajuhy.com.br\/site\/wp-content\/uploads\/2019\/10\/PMSB_PosseZeAntonioSaude_01.jpg?resize=300%2C225&amp;ssl=1 300w, https:\/\/i0.wp.com\/blogdoeloiltoncajuhy.com.br\/site\/wp-content\/uploads\/2019\/10\/PMSB_PosseZeAntonioSaude_01.jpg?resize=768%2C576&amp;ssl=1 768w, https:\/\/i0.wp.com\/blogdoeloiltoncajuhy.com.br\/site\/wp-content\/uploads\/2019\/10\/PMSB_PosseZeAntonioSaude_01.jpg?resize=1024%2C768&amp;ssl=1 1024w, https:\/\/i0.wp.com\/blogdoeloiltoncajuhy.com.br\/site\/wp-content\/uploads\/2019\/10\/PMSB_PosseZeAntonioSaude_01.jpg?resize=250%2C188&amp;ssl=1 250w\" sizes=\"(max-width: 800px) 100vw, 800px\" \/><\/figure><\/div>\n\n\n\n<p>Tomou posse nesta ter\u00e7a-feira, 8 de outubro, o novo secret\u00e1rio de Sa\u00fade de Senhor do Bonfim, Jos\u00e9 Ant\u00f4nio Souza de Oliveira. O ato ocorreu no Pa\u00e7o Municipal e reuniu equipes da sa\u00fade, secret\u00e1rios de governo, vereadores e servidores municipais de diversos setores.<\/p>\n\n\n\n<p>O novo secret\u00e1rio, que tamb\u00e9m \u00e9 vice-prefeito do munic\u00edpio, assume o cargo deixado por Angeli Matos, que ser\u00e1 a diretora da Policl\u00ednica Regional de Senhor do Bonfim.<\/p>\n\n\n\n<p>Ao se despedir da pasta, onde esteve desde janeiro de 2017, Angeli  falou dos problemas deixados pela gest\u00e3o anterior, das in\u00fameras conquistas alcan\u00e7adas e agradeceu \u00e0s equipes da sa\u00fade que compartilharam com ela a experi\u00eancia de coordenar uma das \u00e1reas mais sens\u00edveis da administra\u00e7\u00e3o municipal.<\/p>\n\n\n\n<p><em>\u201cEstou bastante tranquila porque sempre procurei fazer o melhor que pude em prol de uma assist\u00eancia de qualidade \u00e0 nossa popula\u00e7\u00e3o. Muito obrigada a todos! Levarei comigo um carinho muito grande por todos voc\u00eas\u201d<\/em>, agradeceu.<\/p>\n\n\n\n<p>Jos\u00e9 Ant\u00f4nio ocupou recentemente a dire\u00e7\u00e3o do Hospital Dom Ant\u00f4nio Monteiro (HDAM), ap\u00f3s rompimento do contrato da prefeitura com o Instituto Caminhada. A entidade teve o contrato suspenso por n\u00e3o corresponder \u00e0s expectativas do munic\u00edpio durante vig\u00eancia da parceria de gest\u00e3o.<\/p>\n\n\n\n<p>Respons\u00e1vel pelo equil\u00edbrio das finan\u00e7as do HDAM e do novo modelo de gest\u00e3o implantado na unidade hospitalar, est\u00e1 entre as metas do novo secret\u00e1rio a humaniza\u00e7\u00e3o do atendimento e a busca por tornar o munic\u00edpio de Senhor do Bonfim refer\u00eancia em sa\u00fade p\u00fablica.<\/p>\n\n\n\n<p><em>\u201cTenham absoluta certeza que haveremos de continuar o trabalho da Angeli e melhorar cada vez mais o servi\u00e7o de sa\u00fade p\u00fablica ofertado aos nossos mun\u00edcipes. N\u00f3s temos uma equipe muito boa, juntos vamos fazer uma sa\u00fade para todos na Terra do Bom Come\u00e7o\u201d<\/em>, enfatizou Z\u00e9 Ant\u00f4nio.<\/p>\n\n\n\n<p>Em seu discurso durante o cerimonial de transmiss\u00e3o de cargo, o prefeito Carlos Brasileiro destacou as realiza\u00e7\u00f5es e a compet\u00eancia da secretaria Angeli Matos.<\/p>\n\n\n\n<p><em>&#8220;Voc\u00ea n\u00e3o est\u00e1 saindo por nenhum ponto negativo, pelo contr\u00e1rio, voc\u00ea est\u00e1 saindo para ocupar um lugar de destaque na sa\u00fade da Bahia<\/em>. <em>Portanto, voc\u00ea est\u00e1 indo para a Policl\u00ednica por capacidade, por comprometimento, e por entender que voc\u00ea tem o perfil exato de gest\u00e3o e experi\u00eancia para conduzir esse equipamento importante para Senhor do Bonfim e para os munic\u00edpios que comp\u00f5em o Cons\u00f3rcio Interfederativo de Sa\u00fade\u201d<\/em>, pontuo o prefeito de Senhor Bonfim e tamb\u00e9m presidente do Cons\u00f3rcio de Sa\u00fade.<\/p>\n\n\n\n<div class=\"wp-block-image\"><figure class=\"aligncenter\"><img decoding=\"async\" width=\"1280\" height=\"960\" src=\"https:\/\/i0.wp.com\/blogdoeloiltoncajuhy.com.br\/site\/wp-content\/uploads\/2019\/10\/PMSB_PosseZeAntonioSaude_02.jpg?fit=590%2C443\" alt=\"\" class=\"wp-image-37993\" srcset=\"https:\/\/i0.wp.com\/blogdoeloiltoncajuhy.com.br\/site\/wp-content\/uploads\/2019\/10\/PMSB_PosseZeAntonioSaude_02.jpg?w=1280&amp;ssl=1 1280w, https:\/\/i0.wp.com\/blogdoeloiltoncajuhy.com.br\/site\/wp-content\/uploads\/2019\/10\/PMSB_PosseZeAntonioSaude_02.jpg?resize=300%2C225&amp;ssl=1 300w, https:\/\/i0.wp.com\/blogdoeloiltoncajuhy.com.br\/site\/wp-content\/uploads\/2019\/10\/PMSB_PosseZeAntonioSaude_02.jpg?resize=768%2C576&amp;ssl=1 768w, https:\/\/i0.wp.com\/blogdoeloiltoncajuhy.com.br\/site\/wp-content\/uploads\/2019\/10\/PMSB_PosseZeAntonioSaude_02.jpg?resize=1024%2C768&amp;ssl=1 1024w, https:\/\/i0.wp.com\/blogdoeloiltoncajuhy.com.br\/site\/wp-content\/uploads\/2019\/10\/PMSB_PosseZeAntonioSaude_02.jpg?resize=250%2C188&amp;ssl=1 250w\" sizes=\"(max-width: 800px) 100vw, 800px\" \/><\/figure><\/div>\n\n\n\n<p>Participaram ainda da solenidade o diretor Executivo do Conselho de Secret\u00e1rios de Sa\u00fade da Bahia e Secret\u00e1rio de Sa\u00fade do munic\u00edpio de Andorinha, Pablo Campos, o presidente do Conselho Municipal de Sa\u00fade, La\u00e9rcio Santana, o ex-prefeito de Jaguarari, Ant\u00f4nio Nascimento, os irm\u00e3os  Manoel Oliveira e Marinaldo Oliveira (presidente da C\u00e2mara de Vereadores de Andorinha), al\u00e9m da esposa do novo secret\u00e1rio, Neide Oliveira, e demais convidados.<\/p>\n","protected":false},"excerpt":{"rendered":"<p>ASCOM &#8211; Prefeitura de Senhor do Bonfim-BA Tomou posse nesta ter\u00e7a-feira, 8 de outubro, o novo secret\u00e1rio de Sa\u00fade de Senhor do Bonfim, Jos\u00e9 Ant\u00f4nio Souza de Oliveira. O ato ocorreu no Pa\u00e7o Municipal e reuniu equipes da sa\u00fade, secret\u00e1rios de governo, vereadores e servidores municipais de diversos setores. O novo secret\u00e1rio, que tamb\u00e9m \u00e9 [&hellip;]<\/p>\n","protected":false},"author":2,"featured_media":37993,"comment_status":"open","ping_status":"open","sticky":false,"template":"","format":"standard","meta":{"_acf_changed":false,"_monsterinsights_skip_tracking":false,"_monsterinsights_sitenote_active":false,"_monsterinsights_sitenote_note":"","_monsterinsights_sitenote_category":0,"_jetpack_memberships_contains_paid_content":false,"footnotes":"","jetpack_publicize_message":"","jetpack_publicize_feature_enabled":true,"jetpack_social_post_already_shared":true,"jetpack_social_options":{"image_generator_settings":{"template":"highway","default_image_id":0,"font":"","enabled":false},"version":2}},"categories":[1,3,4],"tags":[],"class_list":["post-37991","post","type-post","status-publish","format-standard","has-post-thumbnail","hentry","category-noticias","category-politica","category-local"],"acf":[],"jetpack_publicize_connections":[],"jetpack_featured_media_url":"https:\/\/i0.wp.com\/blogdoeloiltoncajuhy.com.br\/site\/wp-content\/uploads\/2019\/10\/PMSB_PosseZeAntonioSaude_02.jpg?fit=1280%2C960&ssl=1","jetpack_sharing_enabled":true,"publishpress_future_workflow_manual_trigger":{"enabledWorkflows":[]},"_links":{"self":[{"href":"https:\/\/blogdoeloiltoncajuhy.com.br\/site\/wp-json\/wp\/v2\/posts\/37991","targetHints":{"allow":["GET"]}}],"collection":[{"href":"https:\/\/blogdoeloiltoncajuhy.com.br\/site\/wp-json\/wp\/v2\/posts"}],"about":[{"href":"https:\/\/blogdoeloiltoncajuhy.com.br\/site\/wp-json\/wp\/v2\/types\/post"}],"author":[{"embeddable":true,"href":"https:\/\/blogdoeloiltoncajuhy.com.br\/site\/wp-json\/wp\/v2\/users\/2"}],"replies":[{"embeddable":true,"href":"https:\/\/blogdoeloiltoncajuhy.com.br\/site\/wp-json\/wp\/v2\/comments?post=37991"}],"version-history":[{"count":1,"href":"https:\/\/blogdoeloiltoncajuhy.com.br\/site\/wp-json\/wp\/v2\/posts\/37991\/revisions"}],"predecessor-version":[{"id":37994,"href":"https:\/\/blogdoeloiltoncajuhy.com.br\/site\/wp-json\/wp\/v2\/posts\/37991\/revisions\/37994"}],"wp:featuredmedia":[{"embeddable":true,"href":"https:\/\/blogdoeloiltoncajuhy.com.br\/site\/wp-json\/wp\/v2\/media\/37993"}],"wp:attachment":[{"href":"https:\/\/blogdoeloiltoncajuhy.com.br\/site\/wp-json\/wp\/v2\/media?parent=37991"}],"wp:term":[{"taxonomy":"category","embeddable":true,"href":"https:\/\/blogdoeloiltoncajuhy.com.br\/site\/wp-json\/wp\/v2\/categories?post=37991"},{"taxonomy":"post_tag","embeddable":true,"href":"https:\/\/blogdoeloiltoncajuhy.com.br\/site\/wp-json\/wp\/v2\/tags?post=37991"}],"curies":[{"name":"wp","href":"https:\/\/api.w.org\/{rel}","templated":true}]}}