{"id":37986,"date":"2019-10-09T16:08:12","date_gmt":"2019-10-09T19:08:12","guid":{"rendered":"http:\/\/blogdoeloiltoncajuhy.com.br\/site\/?p=37986"},"modified":"2019-10-09T16:08:18","modified_gmt":"2019-10-09T19:08:18","slug":"prefeitura-de-jaguarari-realiza-aracao-de-terra-na-localidade-de-lajedo","status":"publish","type":"post","link":"https:\/\/blogdoeloiltoncajuhy.com.br\/site\/prefeitura-de-jaguarari-realiza-aracao-de-terra-na-localidade-de-lajedo\/","title":{"rendered":"Prefeitura de Jaguarari realiza ara\u00e7\u00e3o de terra na localidade de Lajedo"},"content":{"rendered":"\n<p><strong>ASCOM &#8211; Prefeitura de Jaguarari-BA<\/strong><\/p>\n\n\n\n<div class=\"wp-block-image\"><figure class=\"aligncenter is-resized\"><img fetchpriority=\"high\" decoding=\"async\" src=\"https:\/\/i0.wp.com\/blogdoeloiltoncajuhy.com.br\/site\/wp-content\/uploads\/2019\/10\/PMJ_AracaoTerraLajedo.jpg?fit=590%2C443\" alt=\"\" class=\"wp-image-37987\" width=\"352\" height=\"265\" srcset=\"https:\/\/i0.wp.com\/blogdoeloiltoncajuhy.com.br\/site\/wp-content\/uploads\/2019\/10\/PMJ_AracaoTerraLajedo.jpg?w=1024&amp;ssl=1 1024w, https:\/\/i0.wp.com\/blogdoeloiltoncajuhy.com.br\/site\/wp-content\/uploads\/2019\/10\/PMJ_AracaoTerraLajedo.jpg?resize=300%2C225&amp;ssl=1 300w, https:\/\/i0.wp.com\/blogdoeloiltoncajuhy.com.br\/site\/wp-content\/uploads\/2019\/10\/PMJ_AracaoTerraLajedo.jpg?resize=768%2C576&amp;ssl=1 768w, https:\/\/i0.wp.com\/blogdoeloiltoncajuhy.com.br\/site\/wp-content\/uploads\/2019\/10\/PMJ_AracaoTerraLajedo.jpg?resize=250%2C188&amp;ssl=1 250w\" sizes=\"(max-width: 352px) 100vw, 352px\" \/><\/figure><\/div>\n\n\n\n<p>A Prefeitura de Jaguarari, por meio da Secretaria de Agricultura, iniciou na ultima sexta-feira (04), os trabalhos de ara\u00e7\u00e3o de terras na regi\u00e3o de Lajedo. A a\u00e7\u00e3o est\u00e1 prevista para ser conclu\u00edda nesta quita-feira (10), beneficiando 28 fam\u00edlias. Esta a\u00e7\u00e3o realizada pela gest\u00e3o municipal tem como objetivo valorizar o homem do campo e a produ\u00e7\u00e3o rural do munic\u00edpio que \u00e9 fonte de renda para centenas de fam\u00edlias.<\/p>\n","protected":false},"excerpt":{"rendered":"<p>ASCOM &#8211; Prefeitura de Jaguarari-BA A Prefeitura de Jaguarari, por meio da Secretaria de Agricultura, iniciou na ultima sexta-feira (04), os trabalhos de ara\u00e7\u00e3o de terras na regi\u00e3o de Lajedo. A a\u00e7\u00e3o est\u00e1 prevista para ser conclu\u00edda nesta quita-feira (10), beneficiando 28 fam\u00edlias. Esta a\u00e7\u00e3o realizada pela gest\u00e3o municipal tem como objetivo valorizar o homem [&hellip;]<\/p>\n","protected":false},"author":2,"featured_media":37987,"comment_status":"open","ping_status":"open","sticky":false,"template":"","format":"standard","meta":{"_acf_changed":false,"_monsterinsights_skip_tracking":false,"_monsterinsights_sitenote_active":false,"_monsterinsights_sitenote_note":"","_monsterinsights_sitenote_category":0,"_jetpack_memberships_contains_paid_content":false,"footnotes":"","jetpack_publicize_message":"","jetpack_publicize_feature_enabled":true,"jetpack_social_post_already_shared":true,"jetpack_social_options":{"image_generator_settings":{"template":"highway","default_image_id":0,"font":"","enabled":false},"version":2}},"categories":[1,3,11],"tags":[],"class_list":["post-37986","post","type-post","status-publish","format-standard","has-post-thumbnail","hentry","category-noticias","category-politica","category-regional"],"acf":[],"jetpack_publicize_connections":[],"jetpack_featured_media_url":"https:\/\/i0.wp.com\/blogdoeloiltoncajuhy.com.br\/site\/wp-content\/uploads\/2019\/10\/PMJ_AracaoTerraLajedo.jpg?fit=1024%2C768&ssl=1","jetpack_sharing_enabled":true,"publishpress_future_workflow_manual_trigger":{"enabledWorkflows":[]},"_links":{"self":[{"href":"https:\/\/blogdoeloiltoncajuhy.com.br\/site\/wp-json\/wp\/v2\/posts\/37986","targetHints":{"allow":["GET"]}}],"collection":[{"href":"https:\/\/blogdoeloiltoncajuhy.com.br\/site\/wp-json\/wp\/v2\/posts"}],"about":[{"href":"https:\/\/blogdoeloiltoncajuhy.com.br\/site\/wp-json\/wp\/v2\/types\/post"}],"author":[{"embeddable":true,"href":"https:\/\/blogdoeloiltoncajuhy.com.br\/site\/wp-json\/wp\/v2\/users\/2"}],"replies":[{"embeddable":true,"href":"https:\/\/blogdoeloiltoncajuhy.com.br\/site\/wp-json\/wp\/v2\/comments?post=37986"}],"version-history":[{"count":1,"href":"https:\/\/blogdoeloiltoncajuhy.com.br\/site\/wp-json\/wp\/v2\/posts\/37986\/revisions"}],"predecessor-version":[{"id":37988,"href":"https:\/\/blogdoeloiltoncajuhy.com.br\/site\/wp-json\/wp\/v2\/posts\/37986\/revisions\/37988"}],"wp:featuredmedia":[{"embeddable":true,"href":"https:\/\/blogdoeloiltoncajuhy.com.br\/site\/wp-json\/wp\/v2\/media\/37987"}],"wp:attachment":[{"href":"https:\/\/blogdoeloiltoncajuhy.com.br\/site\/wp-json\/wp\/v2\/media?parent=37986"}],"wp:term":[{"taxonomy":"category","embeddable":true,"href":"https:\/\/blogdoeloiltoncajuhy.com.br\/site\/wp-json\/wp\/v2\/categories?post=37986"},{"taxonomy":"post_tag","embeddable":true,"href":"https:\/\/blogdoeloiltoncajuhy.com.br\/site\/wp-json\/wp\/v2\/tags?post=37986"}],"curies":[{"name":"wp","href":"https:\/\/api.w.org\/{rel}","templated":true}]}}