{"id":37967,"date":"2019-10-09T09:29:39","date_gmt":"2019-10-09T12:29:39","guid":{"rendered":"http:\/\/blogdoeloiltoncajuhy.com.br\/site\/?p=37967"},"modified":"2019-10-09T09:29:46","modified_gmt":"2019-10-09T12:29:46","slug":"esportes-equipe-bonfinense-vai-ao-podio-em-competicao-de-karate-em-feira-de-santana","status":"publish","type":"post","link":"https:\/\/blogdoeloiltoncajuhy.com.br\/site\/esportes-equipe-bonfinense-vai-ao-podio-em-competicao-de-karate-em-feira-de-santana\/","title":{"rendered":"ESPORTES: Equipe bonfinense vai ao p\u00f3dio em competi\u00e7\u00e3o de karat\u00ea em Feira de Santana"},"content":{"rendered":"\n<p><strong>BLOG DO ELOILTON CAJUHY<\/strong><\/p>\n\n\n\n<div class=\"wp-block-image\"><figure class=\"aligncenter\"><img fetchpriority=\"high\" decoding=\"async\" width=\"1040\" height=\"585\" src=\"https:\/\/i1.wp.com\/blogdoeloiltoncajuhy.com.br\/site\/wp-content\/uploads\/2019\/10\/AskabonFeira.jpeg?fit=590%2C332\" alt=\"\" class=\"wp-image-37968\" srcset=\"https:\/\/i0.wp.com\/blogdoeloiltoncajuhy.com.br\/site\/wp-content\/uploads\/2019\/10\/AskabonFeira.jpeg?w=1040&amp;ssl=1 1040w, https:\/\/i0.wp.com\/blogdoeloiltoncajuhy.com.br\/site\/wp-content\/uploads\/2019\/10\/AskabonFeira.jpeg?resize=300%2C169&amp;ssl=1 300w, https:\/\/i0.wp.com\/blogdoeloiltoncajuhy.com.br\/site\/wp-content\/uploads\/2019\/10\/AskabonFeira.jpeg?resize=768%2C432&amp;ssl=1 768w, https:\/\/i0.wp.com\/blogdoeloiltoncajuhy.com.br\/site\/wp-content\/uploads\/2019\/10\/AskabonFeira.jpeg?resize=1024%2C576&amp;ssl=1 1024w, https:\/\/i0.wp.com\/blogdoeloiltoncajuhy.com.br\/site\/wp-content\/uploads\/2019\/10\/AskabonFeira.jpeg?resize=250%2C141&amp;ssl=1 250w\" sizes=\"(max-width: 800px) 100vw, 800px\" \/><\/figure><\/div>\n\n\n\n<p>Atletas da Associa\u00e7\u00e3o dos Karatecas Bonfinenses (ASKABON) participaram da Copa FSA de Karat\u00ea, Ta\u00e7a Mestre Lula San, evento realizado no Gin\u00e1sio Municipal Joselito Amorim, no \u00faltimo domingo (6), em Feira de Santana-BA.<\/p>\n\n\n\n<p>Dos mais de 300 atletas que participaram do evento, cinco representaram a ASKABON:<\/p>\n\n\n\n<p><strong>Jardel Cerqueira Moura<\/strong> &#8211; 1\u00b0 Kat\u00e1, 1\u00b0 Kumit\u00ea;<br><strong>Camila Ribeiro<\/strong> &#8211; 2\u00b0 Kat\u00e1, 1\u00b0 Kumit\u00ea;<br><strong>J\u00e9ferson Oliveira<\/strong> &#8211; 1\u00b0 Kat\u00e1, 3\u00b0 Kumit\u00ea;<br><strong>Marcos Lopes<\/strong> &#8211; 3\u00b0 Kat\u00e1, 2\u00b0 Kumit\u00ea;<br><strong>Maria Eduarda<\/strong> &#8211; 1\u00b0 Kat\u00e1, 1\u00b0 Kumit\u00ea.<\/p>\n\n\n\n<p>A equipe contou com o apoio da Prefeitura Municipal de Senhor do Bonfim.<\/p>\n","protected":false},"excerpt":{"rendered":"<p>BLOG DO ELOILTON CAJUHY Atletas da Associa\u00e7\u00e3o dos Karatecas Bonfinenses (ASKABON) participaram da Copa FSA de Karat\u00ea, Ta\u00e7a Mestre Lula San, evento realizado no Gin\u00e1sio Municipal Joselito Amorim, no \u00faltimo domingo (6), em Feira de Santana-BA. Dos mais de 300 atletas que participaram do evento, cinco representaram a ASKABON: Jardel Cerqueira Moura &#8211; 1\u00b0 Kat\u00e1, [&hellip;]<\/p>\n","protected":false},"author":2,"featured_media":37968,"comment_status":"open","ping_status":"open","sticky":false,"template":"","format":"standard","meta":{"_acf_changed":false,"_monsterinsights_skip_tracking":false,"_monsterinsights_sitenote_active":false,"_monsterinsights_sitenote_note":"","_monsterinsights_sitenote_category":0,"_jetpack_memberships_contains_paid_content":false,"footnotes":"","jetpack_publicize_message":"","jetpack_publicize_feature_enabled":true,"jetpack_social_post_already_shared":true,"jetpack_social_options":{"image_generator_settings":{"template":"highway","default_image_id":0,"font":"","enabled":false},"version":2}},"categories":[6,1,4],"tags":[],"class_list":["post-37967","post","type-post","status-publish","format-standard","has-post-thumbnail","hentry","category-esportes","category-noticias","category-local"],"acf":[],"jetpack_publicize_connections":[],"jetpack_featured_media_url":"https:\/\/i0.wp.com\/blogdoeloiltoncajuhy.com.br\/site\/wp-content\/uploads\/2019\/10\/AskabonFeira.jpeg?fit=1040%2C585&ssl=1","jetpack_sharing_enabled":true,"publishpress_future_workflow_manual_trigger":{"enabledWorkflows":[]},"_links":{"self":[{"href":"https:\/\/blogdoeloiltoncajuhy.com.br\/site\/wp-json\/wp\/v2\/posts\/37967","targetHints":{"allow":["GET"]}}],"collection":[{"href":"https:\/\/blogdoeloiltoncajuhy.com.br\/site\/wp-json\/wp\/v2\/posts"}],"about":[{"href":"https:\/\/blogdoeloiltoncajuhy.com.br\/site\/wp-json\/wp\/v2\/types\/post"}],"author":[{"embeddable":true,"href":"https:\/\/blogdoeloiltoncajuhy.com.br\/site\/wp-json\/wp\/v2\/users\/2"}],"replies":[{"embeddable":true,"href":"https:\/\/blogdoeloiltoncajuhy.com.br\/site\/wp-json\/wp\/v2\/comments?post=37967"}],"version-history":[{"count":1,"href":"https:\/\/blogdoeloiltoncajuhy.com.br\/site\/wp-json\/wp\/v2\/posts\/37967\/revisions"}],"predecessor-version":[{"id":37969,"href":"https:\/\/blogdoeloiltoncajuhy.com.br\/site\/wp-json\/wp\/v2\/posts\/37967\/revisions\/37969"}],"wp:featuredmedia":[{"embeddable":true,"href":"https:\/\/blogdoeloiltoncajuhy.com.br\/site\/wp-json\/wp\/v2\/media\/37968"}],"wp:attachment":[{"href":"https:\/\/blogdoeloiltoncajuhy.com.br\/site\/wp-json\/wp\/v2\/media?parent=37967"}],"wp:term":[{"taxonomy":"category","embeddable":true,"href":"https:\/\/blogdoeloiltoncajuhy.com.br\/site\/wp-json\/wp\/v2\/categories?post=37967"},{"taxonomy":"post_tag","embeddable":true,"href":"https:\/\/blogdoeloiltoncajuhy.com.br\/site\/wp-json\/wp\/v2\/tags?post=37967"}],"curies":[{"name":"wp","href":"https:\/\/api.w.org\/{rel}","templated":true}]}}